{"id":41960,"date":"2022-07-22T17:09:50","date_gmt":"2022-07-22T17:09:50","guid":{"rendered":"https:\/\/www.africanchallenges.com\/?p=41960"},"modified":"2022-07-22T17:11:52","modified_gmt":"2022-07-22T17:11:52","slug":"tunisie-le-ministere-de-la-defense-nationale-precise-ses-taches-daccompagnement-et-de-securisation-des-differentes-etapes-du-referendum-du-25-juillet","status":"publish","type":"post","link":"https:\/\/www.africanchallenges.com\/?p=41960","title":{"rendered":"Tunisie : Le minist\u00e8re de la D\u00e9fense Nationale pr\u00e9cise ses  t\u00e2ches d&rsquo;accompagnement et de s\u00e9curisation des diff\u00e9rentes \u00e9tapes du r\u00e9f\u00e9rendum du 25 juillet"},"content":{"rendered":"\n<p class=\"wp-block-paragraph\">Dans un communiqu\u00e9 rendu public , ce vendredi 22 juillet 2022, le minist\u00e8re de la d\u00e9fense nationale a annonc\u00e9 que les unit\u00e9s militaires de diff\u00e9rentes arm\u00e9es participent \u00e0 la t\u00e2che d&rsquo;accompagnement et de s\u00e9curisation des diff\u00e9rentes \u00e9tapes du r\u00e9f\u00e9rendum constitutionnel pr\u00e9vu le 25 juillet 2022.<\/p>\n\n\n\n<p class=\"wp-block-paragraph\">Le minist\u00e8re de la D\u00e9fense nationale a pris un certain nombre de mesures en coordination avec le minist\u00e8re de l&rsquo;Int\u00e9rieur, selon lesquelles les formations militaires sont mises en place pour aider les unit\u00e9s de s\u00e9curit\u00e9 \u00e0 s\u00e9curiser les entrep\u00f4ts r\u00e9gionaux, les instances subsidiaires pour les \u00e9lections, les centres de rassemblement et de proclamation des r\u00e9sultats, et plus de 4 500 bureaux de vote r\u00e9partis sur tout le territoire de la R\u00e9publique.<\/p>\n\n\n\n<p class=\"wp-block-paragraph\">\u00c0 l&rsquo;instar des pr\u00e9c\u00e9dentes \u00e9lections en Tunisie, les unit\u00e9s militaires ont re\u00e7u des instructions d&rsquo;adh\u00e9rer pleinement \u00e0 la mission, d&rsquo;\u00eatre impartiales et de ne pas s&rsquo;immiscer dans les questions d&rsquo;organisation ou les probl\u00e8mes qui pourraient survenir \u00e0 l&rsquo;int\u00e9rieur des centres, qui restent de la comp\u00e9tence exclusive des repr\u00e9sentants de l\u2019ISIE et des Forces de s\u00e9curit\u00e9 int\u00e9rieure, chacune dans sa juridiction, a pr\u00e9cis\u00e9 le m\u00eame communiqu\u00e9.<\/p>\n","protected":false},"excerpt":{"rendered":"<p>Dans un communiqu\u00e9 rendu public , ce vendredi 22 juillet 2022, le minist\u00e8re de la d\u00e9fense nationale a annonc\u00e9 que les unit\u00e9s militaires de diff\u00e9rentes arm\u00e9es participent \u00e0 la t\u00e2che d&rsquo;accompagnement et de s\u00e9curisation des diff\u00e9rentes \u00e9tapes du r\u00e9f\u00e9rendum constitutionnel pr\u00e9vu le 25 juillet 2022. Le minist\u00e8re de la D\u00e9fense nationale a pris un certain [&hellip;]<\/p>\n","protected":false},"author":3,"featured_media":41964,"comment_status":"open","ping_status":"closed","sticky":false,"template":"","format":"standard","meta":{"content-type":"","jnews-multi-image_gallery":[],"jnews_single_post":{"subtitle":"","format":"standard","video":"","gallery":"","source_name":"","source_url":"","via_name":"","via_url":"","override_template":"0","override":[{"template":"1","single_blog_custom":"","parallax":"1","fullscreen":"1","layout":"right-sidebar","sidebar":"default-sidebar","second_sidebar":"default-sidebar","sticky_sidebar":"1","share_position":"top","share_float_style":"share-monocrhome","show_share_counter":"1","show_view_counter":"1","show_featured":"1","show_post_meta":"1","show_post_author":"1","show_post_author_image":"1","show_post_date":"1","post_date_format":"default","post_date_format_custom":"Y\/m\/d","show_post_category":"1","show_post_reading_time":"0","post_reading_time_wpm":"300","show_zoom_button":"0","zoom_button_out_step":"2","zoom_button_in_step":"3","show_post_tag":"1","show_prev_next_post":"1","show_popup_post":"1","number_popup_post":"1","show_author_box":"0","show_post_related":"0","show_inline_post_related":"0"}],"override_image_size":"0","image_override":[{"single_post_thumbnail_size":"crop-500","single_post_gallery_size":"crop-500"}],"trending_post":"0","trending_post_position":"meta","trending_post_label":"Trending","sponsored_post":"0","sponsored_post_label":"Sponsored by","sponsored_post_name":"","sponsored_post_url":"","sponsored_post_logo_enable":"0","sponsored_post_logo":"","sponsored_post_desc":"","disable_ad":"0"},"jnews_primary_category":{"id":""},"jnews_override_bookmark_settings":[],"jnews_review":[],"enable_review":"","type":"","name":"","summary":"","brand":"","sku":"","good":[],"bad":[],"score_override":"","override_value":"","rating":[],"price":[],"jnews_post_split":[],"footnotes":""},"categories":[2],"tags":[4336,4229,5968],"class_list":["post-41960","post","type-post","status-publish","format-standard","has-post-thumbnail","hentry","category-news-politique","tag-accompagnement","tag-ministere-de-la-defense-nationale","tag-referendum"],"_links":{"self":[{"href":"https:\/\/www.africanchallenges.com\/index.php?rest_route=\/wp\/v2\/posts\/41960","targetHints":{"allow":["GET"]}}],"collection":[{"href":"https:\/\/www.africanchallenges.com\/index.php?rest_route=\/wp\/v2\/posts"}],"about":[{"href":"https:\/\/www.africanchallenges.com\/index.php?rest_route=\/wp\/v2\/types\/post"}],"author":[{"embeddable":true,"href":"https:\/\/www.africanchallenges.com\/index.php?rest_route=\/wp\/v2\/users\/3"}],"replies":[{"embeddable":true,"href":"https:\/\/www.africanchallenges.com\/index.php?rest_route=%2Fwp%2Fv2%2Fcomments&post=41960"}],"version-history":[{"count":3,"href":"https:\/\/www.africanchallenges.com\/index.php?rest_route=\/wp\/v2\/posts\/41960\/revisions"}],"predecessor-version":[{"id":41965,"href":"https:\/\/www.africanchallenges.com\/index.php?rest_route=\/wp\/v2\/posts\/41960\/revisions\/41965"}],"wp:featuredmedia":[{"embeddable":true,"href":"https:\/\/www.africanchallenges.com\/index.php?rest_route=\/wp\/v2\/media\/41964"}],"wp:attachment":[{"href":"https:\/\/www.africanchallenges.com\/index.php?rest_route=%2Fwp%2Fv2%2Fmedia&parent=41960"}],"wp:term":[{"taxonomy":"category","embeddable":true,"href":"https:\/\/www.africanchallenges.com\/index.php?rest_route=%2Fwp%2Fv2%2Fcategories&post=41960"},{"taxonomy":"post_tag","embeddable":true,"href":"https:\/\/www.africanchallenges.com\/index.php?rest_route=%2Fwp%2Fv2%2Ftags&post=41960"}],"curies":[{"name":"wp","href":"https:\/\/api.w.org\/{rel}","templated":true}]}}