{"id":4185,"date":"2018-12-25T19:49:41","date_gmt":"2018-12-25T19:49:41","guid":{"rendered":"http:\/\/www.africanchallenges.com\/?p=4185"},"modified":"2018-12-25T19:53:57","modified_gmt":"2018-12-25T19:53:57","slug":"tunisie-les-journalistes-en-greve-generale-le-14-janvier-2019","status":"publish","type":"post","link":"https:\/\/www.africanchallenges.com\/?p=4185","title":{"rendered":"Tunisie : les journalistes en gr\u00e8ve g\u00e9n\u00e9rale le 14 janvier 2019"},"content":{"rendered":"<p><strong>Le SNJT dont le bureau \u00e9tait en r\u00e9union, ce mardi 25 d\u00e9cembre 2018, suite au suicide du journaliste photographe, Abderrazak Zorgui \u00e0 Kasserine, vient de d\u00e9cr\u00e9ter une gr\u00e8ve sectorielle g\u00e9n\u00e9rale pour le 14 janvier 2019 qui sera sous le slogan \u00ab\u00a0la gr\u00e8ve de la dignit\u00e9\u00a0\u00bb.<\/strong><\/p>\n<p><em><strong>Communiqu\u00e9\u00a0:<\/strong><\/em><\/p>\n<blockquote class=\"wp-embedded-content\" data-secret=\"2QEBEJC8Vd\"><p><a href=\"http:\/\/snjt.org\/2018\/12\/25\/%d9%86%d9%82%d8%a7%d8%a8%d8%a9-%d8%a7%d9%84%d8%b5%d8%ad%d9%81%d9%8a%d9%8a%d9%86-%d8%aa%d9%82%d8%b1%d8%b1%d9%91%d9%8f-%d8%a5%d8%b6%d8%b1%d8%a7%d8%a8%d9%8b%d8%a7-%d8%b9%d8%a7%d9%85%d9%8b%d8%a7-%d9%81\/\">\u0646\u0642\u0627\u0628\u0629 \u0627\u0644\u0635\u062d\u0641\u064a\u064a\u0646 \u062a\u0642\u0631\u0651\u0631 \u0625\u0636\u0631\u0627\u0628\u064b\u0627 \u0639\u0627\u0645\u064b\u0627 \u0641\u064a \u0627\u0644\u0642\u0637\u0627\u0639 \u064a\u0648\u0645 14 \u062c\u0627\u0646\u0641\u064a 2019<\/a><\/p><\/blockquote>\n<p><iframe class=\"wp-embedded-content\" sandbox=\"allow-scripts\" security=\"restricted\" style=\"position: absolute; clip: rect(1px, 1px, 1px, 1px);\" title=\"&#8220;\u0646\u0642\u0627\u0628\u0629 \u0627\u0644\u0635\u062d\u0641\u064a\u064a\u0646 \u062a\u0642\u0631\u0651\u0631 \u0625\u0636\u0631\u0627\u0628\u064b\u0627 \u0639\u0627\u0645\u064b\u0627 \u0641\u064a \u0627\u0644\u0642\u0637\u0627\u0639 \u064a\u0648\u0645 14 \u062c\u0627\u0646\u0641\u064a 2019&#8221; &#8212; \u0627\u0644\u0646\u0642\u0627\u0628\u0629 \u0627\u0644\u0648\u0637\u0646\u064a\u0629 \u0644\u0644\u0635\u062d\u0641\u064a\u064a\u0646 \u0627\u0644\u062a\u0648\u0646\u0633\u064a\u064a\u0646\" src=\"http:\/\/snjt.org\/2018\/12\/25\/%d9%86%d9%82%d8%a7%d8%a8%d8%a9-%d8%a7%d9%84%d8%b5%d8%ad%d9%81%d9%8a%d9%8a%d9%86-%d8%aa%d9%82%d8%b1%d8%b1%d9%91%d9%8f-%d8%a5%d8%b6%d8%b1%d8%a7%d8%a8%d9%8b%d8%a7-%d8%b9%d8%a7%d9%85%d9%8b%d8%a7-%d9%81\/embed\/#?secret=hA3HuQsjBi#?secret=2QEBEJC8Vd\" data-secret=\"2QEBEJC8Vd\" width=\"500\" height=\"282\" frameborder=\"0\" marginwidth=\"0\" marginheight=\"0\" scrolling=\"no\"><\/iframe><\/p>\n","protected":false},"excerpt":{"rendered":"<p>Le SNJT dont le bureau \u00e9tait en r\u00e9union, ce mardi 25 d\u00e9cembre 2018, suite au suicide du journaliste photographe, Abderrazak Zorgui \u00e0 Kasserine, vient de d\u00e9cr\u00e9ter une gr\u00e8ve sectorielle g\u00e9n\u00e9rale pour le 14 janvier 2019 qui sera sous le slogan \u00ab\u00a0la gr\u00e8ve de la dignit\u00e9\u00a0\u00bb. Communiqu\u00e9\u00a0: \u0646\u0642\u0627\u0628\u0629 \u0627\u0644\u0635\u062d\u0641\u064a\u064a\u0646 \u062a\u0642\u0631\u0651\u0631 \u0625\u0636\u0631\u0627\u0628\u064b\u0627 \u0639\u0627\u0645\u064b\u0627 \u0641\u064a \u0627\u0644\u0642\u0637\u0627\u0639 \u064a\u0648\u0645 14 [&hellip;]<\/p>\n","protected":false},"author":3,"featured_media":4187,"comment_status":"open","ping_status":"closed","sticky":false,"template":"","format":"standard","meta":{"content-type":"","jnews-multi-image_gallery":[],"jnews_single_post":{"override_template":"0","override":[{"template":"1","parallax":"1","fullscreen":"0","layout":"right-sidebar","sidebar":"default-sidebar","second_sidebar":"default-sidebar","sticky_sidebar":"1","share_position":"top","share_float_style":"share-monocrhome","show_share_counter":"1","show_view_counter":"1","show_featured":"1","show_post_meta":"1","show_post_author":"1","show_post_author_image":"1","show_post_date":"1","post_date_format":"default","post_date_format_custom":"Y\/m\/d","show_post_category":"1","show_post_tag":"1","show_prev_next_post":"1","show_popup_post":"1","number_popup_post":"1","show_author_box":"0","show_post_related":"1","show_inline_post_related":"0"}],"override_image_size":"0","image_override":[{"single_post_thumbnail_size":"crop-500","single_post_gallery_size":"crop-500"}]},"jnews_primary_category":{"id":""},"jnews_override_bookmark_settings":[],"jnews_review":[],"enable_review":"","type":"","name":"","summary":"","brand":"","sku":"","good":[],"bad":[],"score_override":"","override_value":"","rating":[],"price":[],"jnews_post_split":[],"footnotes":""},"categories":[61],"tags":[2004,2026,643,977,2027],"class_list":["post-4185","post","type-post","status-publish","format-standard","has-post-thumbnail","hentry","category-societe","tag-abderrazak-zorgui","tag-dignite","tag-greve","tag-snjt","tag-suicide"],"_links":{"self":[{"href":"https:\/\/www.africanchallenges.com\/index.php?rest_route=\/wp\/v2\/posts\/4185","targetHints":{"allow":["GET"]}}],"collection":[{"href":"https:\/\/www.africanchallenges.com\/index.php?rest_route=\/wp\/v2\/posts"}],"about":[{"href":"https:\/\/www.africanchallenges.com\/index.php?rest_route=\/wp\/v2\/types\/post"}],"author":[{"embeddable":true,"href":"https:\/\/www.africanchallenges.com\/index.php?rest_route=\/wp\/v2\/users\/3"}],"replies":[{"embeddable":true,"href":"https:\/\/www.africanchallenges.com\/index.php?rest_route=%2Fwp%2Fv2%2Fcomments&post=4185"}],"version-history":[{"count":3,"href":"https:\/\/www.africanchallenges.com\/index.php?rest_route=\/wp\/v2\/posts\/4185\/revisions"}],"predecessor-version":[{"id":4190,"href":"https:\/\/www.africanchallenges.com\/index.php?rest_route=\/wp\/v2\/posts\/4185\/revisions\/4190"}],"wp:featuredmedia":[{"embeddable":true,"href":"https:\/\/www.africanchallenges.com\/index.php?rest_route=\/wp\/v2\/media\/4187"}],"wp:attachment":[{"href":"https:\/\/www.africanchallenges.com\/index.php?rest_route=%2Fwp%2Fv2%2Fmedia&parent=4185"}],"wp:term":[{"taxonomy":"category","embeddable":true,"href":"https:\/\/www.africanchallenges.com\/index.php?rest_route=%2Fwp%2Fv2%2Fcategories&post=4185"},{"taxonomy":"post_tag","embeddable":true,"href":"https:\/\/www.africanchallenges.com\/index.php?rest_route=%2Fwp%2Fv2%2Ftags&post=4185"}],"curies":[{"name":"wp","href":"https:\/\/api.w.org\/{rel}","templated":true}]}}