{"id":41756,"date":"2022-07-18T13:30:24","date_gmt":"2022-07-18T13:30:24","guid":{"rendered":"https:\/\/www.africanchallenges.com\/?p=41756"},"modified":"2022-07-18T13:31:20","modified_gmt":"2022-07-18T13:31:20","slug":"tunisie-le-ministere-de-linterieur-se-prepare-au-referendum-du-25-juillet","status":"publish","type":"post","link":"https:\/\/www.africanchallenges.com\/?p=41756","title":{"rendered":"Tunisie : Le minist\u00e8re de l&rsquo;int\u00e9rieur se pr\u00e9pare au r\u00e9f\u00e9rendum du 25 juillet"},"content":{"rendered":"\n<p class=\"wp-block-paragraph\">Dans le cadre des pr\u00e9paratifs du r\u00e9f\u00e9rendum du 25 juillet 2022, les unit\u00e9s s\u00e9curitaires du minist\u00e8re de l\u2019Int\u00e9rieur (police, garde nationale et protection civile), ainsi que le minist\u00e8re de la D\u00e9fense nationale, ont proc\u00e9d\u00e9, les 16 et 17 juillet, au chargement et \u00e0 la s\u00e9curisation des circuits de transfert des mati\u00e8res \u00e9lectorales, aux centres r\u00e9gionaux de l\u2019Instance sup\u00e9rieure ind\u00e9pendante pour les \u00e9lections, a indiqu\u00e9 un communiqu\u00e9 publi\u00e9 par le minist\u00e8re.<\/p>\n\n\n\n<p class=\"wp-block-paragraph\">Le minist\u00e8re de l\u2019Int\u00e9rieur a annonc\u00e9 &nbsp;que le transfert du mat\u00e9riel \u00e9lectoral destin\u00e9 aux bureaux de vote de l\u2019\u00e9tranger se poursuit les 18 et 19 juillet vers l\u2019a\u00e9roport de Tunis-Carthage, pour \u00eatre affr\u00e9t\u00e9.<\/p>\n\n\n\n<p class=\"wp-block-paragraph\">Un camion de l\u2019arm\u00e9e nationale assure le transfert du mat\u00e9riel \u00e9lectoral aux centres r\u00e9gionaux de l\u2019ISIE.<\/p>\n\n\n\n<p class=\"wp-block-paragraph\">Le minist\u00e8re qui diffuse une vid\u00e9o relatant les diff\u00e9rentes \u00e9tapes de cette op\u00e9ration, dit avoir proc\u00e9d\u00e9 \u00e0 la formation de ses agents, sous l\u2019\u00e9gide d l\u2019instance \u00e9lectorale.<\/p>\n\n\n\n<p class=\"wp-block-paragraph\">\u00ab Un guide d\u2019orientation sp\u00e9cifique \u00e0 l\u2019agent de s\u00e9curit\u00e9 pour la s\u00e9curisation du r\u00e9f\u00e9rendum et des bureaux de vote a \u00e9t\u00e9 \u00e9labor\u00e9 dans le cadre de la neutralit\u00e9 totale, de l\u2019int\u00e9grit\u00e9 et de la transparence, conform\u00e9ment aux textes en vigueur \u00bb, pr\u00e9cise le m\u00eame d\u00e9partement.<\/p>\n\n\n\n<p class=\"wp-block-paragraph\">Les unit\u00e9s de l\u2019Office national de protection civile (ONPC) ont proc\u00e9d\u00e9 \u00e0 des constats pr\u00e9ventifs de tous les \u00e9difices consacr\u00e9s \u00e0 l\u2019op\u00e9ration \u00e9lectorale, en coordination directe avec les services du minist\u00e8re de la sant\u00e9 publique.<\/p>\n\n\n\n<p class=\"wp-block-paragraph\">Le minist\u00e8re de l\u2019Int\u00e9rieur dit \u0153uvrer \u00ab \u00e0 mobiliser les ressources humaines et mat\u00e9rielles n\u00e9cessaires pour s\u00e9curiser l\u2019op\u00e9ration \u00e9lectorale le 25 juillet, en coordination avec l\u2019arm\u00e9e nationale en termes de scrutin, de transfert des r\u00e9sultats aux centres de collecte et de tri \u00e0 travers l\u2019ensemble des r\u00e9gions du pays, outre la s\u00e9curisation du centre des m\u00e9dias \u00e0 Tunis, jusqu\u2019\u00e0 la proclamation des r\u00e9sultats.<\/p>\n","protected":false},"excerpt":{"rendered":"<p>Dans le cadre des pr\u00e9paratifs du r\u00e9f\u00e9rendum du 25 juillet 2022, les unit\u00e9s s\u00e9curitaires du minist\u00e8re de l\u2019Int\u00e9rieur (police, garde nationale et protection civile), ainsi que le minist\u00e8re de la D\u00e9fense nationale, ont proc\u00e9d\u00e9, les 16 et 17 juillet, au chargement et \u00e0 la s\u00e9curisation des circuits de transfert des mati\u00e8res \u00e9lectorales, aux centres r\u00e9gionaux [&hellip;]<\/p>\n","protected":false},"author":4,"featured_media":33912,"comment_status":"open","ping_status":"closed","sticky":false,"template":"","format":"standard","meta":{"content-type":"","jnews-multi-image_gallery":[],"jnews_single_post":{"subtitle":"","format":"standard","video":"","gallery":"","source_name":"","source_url":"","via_name":"","via_url":"","override_template":"0","override":[{"template":"1","single_blog_custom":"","parallax":"1","fullscreen":"1","layout":"right-sidebar","sidebar":"default-sidebar","second_sidebar":"default-sidebar","sticky_sidebar":"1","share_position":"top","share_float_style":"share-monocrhome","show_share_counter":"1","show_view_counter":"1","show_featured":"1","show_post_meta":"1","show_post_author":"1","show_post_author_image":"1","show_post_date":"1","post_date_format":"default","post_date_format_custom":"Y\/m\/d","show_post_category":"1","show_post_reading_time":"0","post_reading_time_wpm":"300","show_zoom_button":"0","zoom_button_out_step":"2","zoom_button_in_step":"3","show_post_tag":"1","show_prev_next_post":"1","show_popup_post":"1","number_popup_post":"1","show_author_box":"0","show_post_related":"0","show_inline_post_related":"0"}],"override_image_size":"0","image_override":[{"single_post_thumbnail_size":"crop-500","single_post_gallery_size":"crop-500"}],"trending_post":"0","trending_post_position":"meta","trending_post_label":"Trending","sponsored_post":"0","sponsored_post_label":"Sponsored by","sponsored_post_name":"","sponsored_post_url":"","sponsored_post_logo_enable":"0","sponsored_post_logo":"","sponsored_post_desc":"","disable_ad":"0"},"jnews_primary_category":{"id":""},"jnews_override_bookmark_settings":[],"jnews_review":[],"enable_review":"","type":"","name":"","summary":"","brand":"","sku":"","good":[],"bad":[],"score_override":"","override_value":"","rating":[],"price":[],"jnews_post_split":[],"footnotes":""},"categories":[2],"tags":[8278,1603,4176,5968],"class_list":["post-41756","post","type-post","status-publish","format-standard","has-post-thumbnail","hentry","category-news-politique","tag-25-juillet","tag-ministere-de-linterieur","tag-preparatifs","tag-referendum"],"_links":{"self":[{"href":"https:\/\/www.africanchallenges.com\/index.php?rest_route=\/wp\/v2\/posts\/41756","targetHints":{"allow":["GET"]}}],"collection":[{"href":"https:\/\/www.africanchallenges.com\/index.php?rest_route=\/wp\/v2\/posts"}],"about":[{"href":"https:\/\/www.africanchallenges.com\/index.php?rest_route=\/wp\/v2\/types\/post"}],"author":[{"embeddable":true,"href":"https:\/\/www.africanchallenges.com\/index.php?rest_route=\/wp\/v2\/users\/4"}],"replies":[{"embeddable":true,"href":"https:\/\/www.africanchallenges.com\/index.php?rest_route=%2Fwp%2Fv2%2Fcomments&post=41756"}],"version-history":[{"count":1,"href":"https:\/\/www.africanchallenges.com\/index.php?rest_route=\/wp\/v2\/posts\/41756\/revisions"}],"predecessor-version":[{"id":41757,"href":"https:\/\/www.africanchallenges.com\/index.php?rest_route=\/wp\/v2\/posts\/41756\/revisions\/41757"}],"wp:featuredmedia":[{"embeddable":true,"href":"https:\/\/www.africanchallenges.com\/index.php?rest_route=\/wp\/v2\/media\/33912"}],"wp:attachment":[{"href":"https:\/\/www.africanchallenges.com\/index.php?rest_route=%2Fwp%2Fv2%2Fmedia&parent=41756"}],"wp:term":[{"taxonomy":"category","embeddable":true,"href":"https:\/\/www.africanchallenges.com\/index.php?rest_route=%2Fwp%2Fv2%2Fcategories&post=41756"},{"taxonomy":"post_tag","embeddable":true,"href":"https:\/\/www.africanchallenges.com\/index.php?rest_route=%2Fwp%2Fv2%2Ftags&post=41756"}],"curies":[{"name":"wp","href":"https:\/\/api.w.org\/{rel}","templated":true}]}}