{"id":41617,"date":"2022-07-12T17:03:55","date_gmt":"2022-07-12T17:03:55","guid":{"rendered":"https:\/\/www.africanchallenges.com\/?p=41617"},"modified":"2022-07-12T17:14:49","modified_gmt":"2022-07-12T17:14:49","slug":"tunisie-la-programmation-de-la-39eme-edition-du-festival-internationale-de-bizerte","status":"publish","type":"post","link":"https:\/\/www.africanchallenges.com\/?p=41617","title":{"rendered":"Tunisie : la programmation de la 39\u00e8me \u00e9dition du festival internationale de Bizerte"},"content":{"rendered":"\n<p class=\"wp-block-paragraph\">Le comit\u00e9 organisateur de la 39\u00e8me \u00e9dition du festival international de Bizerte, pr\u00e9sid\u00e9 par Ahmed Trifi \u00a0a tenu une conf\u00e9rence de presse, hier lundi 11 juillet 2022,  pour d\u00e9voiler le programme de cette \u00e9dition qui se tiendra du 18 juillet au 21 ao\u00fbt 2022 .<\/p>\n\n\n\n<p class=\"wp-block-paragraph\">Au programme 18 spectacles en tout entre concerts et repr\u00e9sentations th\u00e9\u00e2trales dont 3 spectacles \u00e9trangers avec la participation de la voix en vogue du rai Mouh Milano auteur du tube \u00e0 succ\u00e8s \u00ab Ma Chafouhech \u00bb, le libanais Rami Ayech ainsi que Wael Jassar et Adham Marouan qui se produiront la m\u00eame soir\u00e9e.<\/p>\n\n\n\n<p class=\"wp-block-paragraph\">Le th\u00e9\u00e2tre sera pr\u00e9sent en force avec 7 repr\u00e9sentations notamment de Moez Toumi, Wajiha Jendoubi, Karim Gharbi, Lotfi Abdelli, et Aziz Jebali. Les enfants auront rendez-vous \u00e9galement avec une production th\u00e9\u00e2trale bizertine \u00ab Le pr\u00e9cieux tr\u00e9sor \u00bb.<\/p>\n\n\n\n<p class=\"wp-block-paragraph\">Les amateurs du rap auront rendez-vous avec deux spectacles donn\u00e9s par Balti et le duo Jenjoon et Nordo (Marwen Jbeli) dans un plateau rap.<\/p>\n\n\n\n<p class=\"wp-block-paragraph\">La partie musicale tunisienne sera avec Chirine Lajmi, Zied Gharsa, Sabry Mosbah, Kazo ainsi que Sami Lajmi dans Ziara et Yosra Mahnouch dans la soir\u00e9e de cl\u00f4ture.<\/p>\n\n\n\n<p class=\"wp-block-paragraph\">&nbsp;<strong><u>Le &nbsp;programme complet :<\/u><\/strong><\/p>\n\n\n\n<p class=\"wp-block-paragraph\">&nbsp;Lundi 18 juillet : spectacle \u00ab Baba Slouma \u00bb (Hommage \u00e0 la m\u00e9moire du maestro feu Slim Baccouche)<\/p>\n\n\n\n<p class=\"wp-block-paragraph\">Mercredi 20 juillet : pi\u00e8ce \u00ab El Karhmena \u00bb de Moez Toumi<\/p>\n\n\n\n<p class=\"wp-block-paragraph\">Jeudi 21 juillet : Chirine Lajmi et Kaso<\/p>\n\n\n\n<p class=\"wp-block-paragraph\">Samedi 23 juillet : Balti<\/p>\n\n\n\n<p class=\"wp-block-paragraph\">Jeudi 28 juillet : spectacle pour enfants \u00ab Le pr\u00e9cieux tr\u00e9sor \u00bb<\/p>\n\n\n\n<p class=\"wp-block-paragraph\">Samedi 30 juillet : \u00ab Ziara \u00bb de Sami Lajmi<\/p>\n\n\n\n<p class=\"wp-block-paragraph\">Dimanche 31 juillet : Sabry Mosbah<\/p>\n\n\n\n<p class=\"wp-block-paragraph\">Mardi 2 ao\u00fbt : pi\u00e8ce \u00ab Big Bossa \u00bb de Wajiha Jendoubi<\/p>\n\n\n\n<p class=\"wp-block-paragraph\">Mercredi 3 ao\u00fbt : pi\u00e8ce de la troupe th\u00e9\u00e2trale de Bizerte<\/p>\n\n\n\n<p class=\"wp-block-paragraph\">Samedi 6 ao\u00fbt : pi\u00e8ce \u00ab Visa \u00bb de Karim Gharbi<\/p>\n\n\n\n<p class=\"wp-block-paragraph\">Mardi 9 ao\u00fbt : Lotfi Abdelli<\/p>\n\n\n\n<p class=\"wp-block-paragraph\">Jeudi 11 ao\u00fbt : concert Mouh Milano<\/p>\n\n\n\n<p class=\"wp-block-paragraph\">Samedi 13 ao\u00fbt : Rami Ayech<\/p>\n\n\n\n<p class=\"wp-block-paragraph\">Mardi 16 ao\u00fbt : Wael Jassar et Adham Marouan<\/p>\n\n\n\n<p class=\"wp-block-paragraph\">Mercredi 17 ao\u00fbt : pi\u00e8ce \u00ab Evasion \u00bb d\u2019Aziz Jebali<\/p>\n\n\n\n<p class=\"wp-block-paragraph\">Jeudi 18 ao\u00fbt : plateau rap<\/p>\n\n\n\n<p class=\"wp-block-paragraph\">Vendredi 19 ao\u00fbt : Zied Gharsa<\/p>\n\n\n\n<p class=\"wp-block-paragraph\">Dimanche 21 ao\u00fbt : Yosra Mahnouch<\/p>\n","protected":false},"excerpt":{"rendered":"<p>Le comit\u00e9 organisateur de la 39\u00e8me \u00e9dition du festival international de Bizerte, pr\u00e9sid\u00e9 par Ahmed Trifi \u00a0a tenu une conf\u00e9rence de presse, hier lundi 11 juillet 2022, pour d\u00e9voiler le programme de cette \u00e9dition qui se tiendra du 18 juillet au 21 ao\u00fbt 2022 . Au programme 18 spectacles en tout entre concerts et repr\u00e9sentations [&hellip;]<\/p>\n","protected":false},"author":4,"featured_media":41619,"comment_status":"open","ping_status":"closed","sticky":false,"template":"","format":"standard","meta":{"content-type":"","jnews-multi-image_gallery":[],"jnews_single_post":{"subtitle":"","format":"standard","video":"","gallery":"","source_name":"","source_url":"","via_name":"","via_url":"","override_template":"0","override":[{"template":"1","single_blog_custom":"","parallax":"1","fullscreen":"1","layout":"right-sidebar","sidebar":"default-sidebar","second_sidebar":"default-sidebar","sticky_sidebar":"1","share_position":"top","share_float_style":"share-monocrhome","show_share_counter":"1","show_view_counter":"1","show_featured":"1","show_post_meta":"1","show_post_author":"1","show_post_author_image":"1","show_post_date":"1","post_date_format":"default","post_date_format_custom":"Y\/m\/d","show_post_category":"1","show_post_reading_time":"0","post_reading_time_wpm":"300","show_zoom_button":"0","zoom_button_out_step":"2","zoom_button_in_step":"3","show_post_tag":"1","show_prev_next_post":"1","show_popup_post":"1","number_popup_post":"1","show_author_box":"0","show_post_related":"0","show_inline_post_related":"0"}],"override_image_size":"0","image_override":[{"single_post_thumbnail_size":"crop-500","single_post_gallery_size":"crop-500"}],"trending_post":"0","trending_post_position":"meta","trending_post_label":"Trending","sponsored_post":"0","sponsored_post_label":"Sponsored by","sponsored_post_name":"","sponsored_post_url":"","sponsored_post_logo_enable":"0","sponsored_post_logo":"","sponsored_post_desc":"","disable_ad":"0"},"jnews_primary_category":{"id":""},"jnews_override_bookmark_settings":[],"jnews_review":[],"enable_review":"","type":"","name":"","summary":"","brand":"","sku":"","good":[],"bad":[],"score_override":"","override_value":"","rating":[],"price":[],"jnews_post_split":[],"footnotes":""},"categories":[17],"tags":[3276,8662,3405],"class_list":["post-41617","post","type-post","status-publish","format-standard","has-post-thumbnail","hentry","category-entertainment","tag-ahmed-trifi","tag-festival-internationale-de-bizerte","tag-programmation"],"_links":{"self":[{"href":"https:\/\/www.africanchallenges.com\/index.php?rest_route=\/wp\/v2\/posts\/41617","targetHints":{"allow":["GET"]}}],"collection":[{"href":"https:\/\/www.africanchallenges.com\/index.php?rest_route=\/wp\/v2\/posts"}],"about":[{"href":"https:\/\/www.africanchallenges.com\/index.php?rest_route=\/wp\/v2\/types\/post"}],"author":[{"embeddable":true,"href":"https:\/\/www.africanchallenges.com\/index.php?rest_route=\/wp\/v2\/users\/4"}],"replies":[{"embeddable":true,"href":"https:\/\/www.africanchallenges.com\/index.php?rest_route=%2Fwp%2Fv2%2Fcomments&post=41617"}],"version-history":[{"count":2,"href":"https:\/\/www.africanchallenges.com\/index.php?rest_route=\/wp\/v2\/posts\/41617\/revisions"}],"predecessor-version":[{"id":41622,"href":"https:\/\/www.africanchallenges.com\/index.php?rest_route=\/wp\/v2\/posts\/41617\/revisions\/41622"}],"wp:featuredmedia":[{"embeddable":true,"href":"https:\/\/www.africanchallenges.com\/index.php?rest_route=\/wp\/v2\/media\/41619"}],"wp:attachment":[{"href":"https:\/\/www.africanchallenges.com\/index.php?rest_route=%2Fwp%2Fv2%2Fmedia&parent=41617"}],"wp:term":[{"taxonomy":"category","embeddable":true,"href":"https:\/\/www.africanchallenges.com\/index.php?rest_route=%2Fwp%2Fv2%2Fcategories&post=41617"},{"taxonomy":"post_tag","embeddable":true,"href":"https:\/\/www.africanchallenges.com\/index.php?rest_route=%2Fwp%2Fv2%2Ftags&post=41617"}],"curies":[{"name":"wp","href":"https:\/\/api.w.org\/{rel}","templated":true}]}}