{"id":41488,"date":"2022-07-07T22:55:00","date_gmt":"2022-07-07T22:55:00","guid":{"rendered":"https:\/\/www.africanchallenges.com\/?p=41488"},"modified":"2022-07-08T10:08:04","modified_gmt":"2022-07-08T10:08:04","slug":"tunisie-une-campagne-de-sensibilisation-sous-let-heme-test-and-trait-pourlutter-contre-le-covid-19-lancee-par-luniversite-mahmoud-el-matri","status":"publish","type":"post","link":"https:\/\/www.africanchallenges.com\/?p=41488","title":{"rendered":"Tunisie\u00a0: Une campagne de sensibilisation sous le th\u00e8me \u00a0\u00bb Test and Trait\u00a0\u00bb pour lutter contre le covid-19, lanc\u00e9e par l\u2019universit\u00e9 Mahmoud El Matri"},"content":{"rendered":"\n<p class=\"wp-block-paragraph\"><strong>L &lsquo; Universit\u00e9 Mahmoud El -Matri, en partenariat avec deux organisations mondiales, a lanc\u00e9 une campagne de sensibilisation pour lutter contre le covid -19 sous le slogan \u00ab\u00a0test and Trait\u00a0\u00bb<\/strong>. <strong>A cette occasion, une \u00a0conf\u00e9rence de presse s\u2019est tenue hier mercredi 6 juillet 2022, au si\u00e8ge de l\u2019universit\u00e9 Mahmoud El Matri pour \u00a0annoncer le coup d\u2019envoi de la campagne et pour mieux expliquer ses objectifs.<\/strong><\/p>\n\n\n\n<p class=\"wp-block-paragraph\">Dans une d\u00e9claration accord\u00e9e aux m\u00e9dias, Madame Sonia Naifer, professeur \u00e0 l\u2019universit\u00e9 Mahmoud El Matri a indiqu\u00e9 que la campagne s&rsquo;\u00e9tendra pendant 18 mois, du 1er juillet 2022 au d\u00e9cembre 2023, et elle vise \u00e0 :<\/p>\n\n\n\n<p class=\"wp-block-paragraph\">-D\u00e9finir avec pr\u00e9cision les populations les plus r\u00e9ticentes \u00e0 l&rsquo;utilisation des tests et des traitements contre le covid -19.<\/p>\n\n\n\n<p class=\"wp-block-paragraph\">-Former le personnel qui se trouve en premi\u00e8re ligne \u00a0pour sensibiliser les gens dans les zones les plus peupl\u00e9es.<\/p>\n\n\n\n<p class=\"wp-block-paragraph\">-Sensibiliser les populations pour se faire tester et se faire traiter ou &nbsp;vacciner contre le covid-19.<\/p>\n\n\n\n<p class=\"wp-block-paragraph\">&#8211; Am\u00e9liorer la compr\u00e9hension du pouvoir public sur les failles des politiques publiques en mati\u00e8re de promotion des tests et des traitements en cas d\u2019\u00e9pid\u00e9mie.<\/p>\n\n\n\n<p class=\"wp-block-paragraph\">Madame Naifer a ajout\u00e9 que ce projet est bas\u00e9 sur 5 axes&nbsp;:<\/p>\n\n\n\n<p class=\"wp-block-paragraph\">&#8211; Les Activit\u00e9s d\u2019\u00e9tude et d\u2019 analyse.<\/p>\n\n\n\n<p class=\"wp-block-paragraph\">&#8211; Les Activit\u00e9s de formation.<\/p>\n\n\n\n<p class=\"wp-block-paragraph\">&#8211; Les Activit\u00e9s de sensibilisation sur terrain .<\/p>\n\n\n\n<p class=\"wp-block-paragraph\">&nbsp;&#8211; Les Activit\u00e9s de sensibilisation num\u00e9rique.<\/p>\n\n\n\n<p class=\"wp-block-paragraph\">&#8211; Les Activit\u00e9s de plaidoyer.<\/p>\n\n\n\n<p class=\"wp-block-paragraph\">\u00ab&nbsp;Pour les activit\u00e9s d\u2019\u00e9tude et d\u2019analyse &nbsp;nous avons \u00e9laborer en premier lieu un mapping crois\u00e9 entre les r\u00e9gions les plus touch\u00e9es par le covid-19, les r\u00e9gions o\u00f9 les tests sont les moins pratiqu\u00e9es , les r\u00e9gions o\u00f9 les populations sont les moins vaccin\u00e9es et les r\u00e9gions les moins connect\u00e9s \u00e0 l\u2019internet,&nbsp;a pr\u00e9cis\u00e9 madame Sonia.<\/p>\n\n\n\n<p class=\"wp-block-paragraph\">Naifer a ajout\u00e9&nbsp;\u00ab&nbsp;Dans un deuxi\u00e8me temps nous allons&nbsp; r\u00e9alis\u00e9s un sondage sur les perceptions, les populations qui utilisent les tests diagnostiques et des traitement contre le covid-19.&nbsp;\u00bb<\/p>\n\n\n\n<p class=\"wp-block-paragraph\">\u00ab&nbsp;Concernant les activit\u00e9s de formation , qui vont port\u00e9es sur la formation du cadre m\u00e9dical et param\u00e9dical dans les premi\u00e8res lignes aux centres de soins de base dans les zones peupl\u00e9es et former les \u00e9quipes des caravanes pour les pr\u00e9parer \u00e0 la sensibilisation qui sera faite sur terrain dans les zones qui seront d\u00e9termin\u00e9es suite au sondage&nbsp;\u00bb<\/p>\n\n\n\n<p class=\"wp-block-paragraph\">Quant \u00e0 l\u2019activit\u00e9 de sensibilisation sur terrain, elle va porter sur la distribution des flyers,  la\u00a0sensibilisation dans les march\u00e9s et zones cibles et organiser des ateliers de discussions avec les d\u00e9cideurs et les opinons publiques.<\/p>\n\n\n\n<p class=\"wp-block-paragraph\">Pour la sensibilisation num\u00e9rique, elle va \u00eatre bas\u00e9e sur l\u2019\u00e9laboration de spots vid\u00e9os personnalis\u00e9s et cibl\u00e9s qui seront diffus\u00e9s sur les r\u00e9seaux sociaux dans les zones qui\u00a0 seront cibl\u00e9es par le sondage.<\/p>\n\n\n\n<p class=\"wp-block-paragraph\">\u00ab\u00a0Enfin en se basant sur les r\u00e9sultats des diff\u00e9rentes activit\u00e9s pr\u00e9c\u00e9dentes, il y aura l\u2019\u00e9laboration et la proposition d\u2019axes de recommandations \u00a0sous forme de livret qui sera ensuite \u00a0discut\u00e9 avec les d\u00e9cideurs et les opinions publiques de la soci\u00e9t\u00e9 civile\u00a0\u00bb a conclu la professeur.<\/p>\n","protected":false},"excerpt":{"rendered":"<p>L &lsquo; Universit\u00e9 Mahmoud El -Matri, en partenariat avec deux organisations mondiales, a lanc\u00e9 une campagne de sensibilisation pour lutter contre le covid -19 sous le slogan \u00ab\u00a0test and Trait\u00a0\u00bb. A cette occasion, une \u00a0conf\u00e9rence de presse s\u2019est tenue hier mercredi 6 juillet 2022, au si\u00e8ge de l\u2019universit\u00e9 Mahmoud El Matri pour \u00a0annoncer le coup [&hellip;]<\/p>\n","protected":false},"author":4,"featured_media":41489,"comment_status":"open","ping_status":"closed","sticky":false,"template":"","format":"standard","meta":{"content-type":"","jnews-multi-image_gallery":[],"jnews_single_post":{"subtitle":"","format":"standard","video":"","gallery":"","source_name":"","source_url":"","via_name":"","via_url":"","override_template":"0","override":[{"template":"1","single_blog_custom":"","parallax":"1","fullscreen":"1","layout":"right-sidebar","sidebar":"default-sidebar","second_sidebar":"default-sidebar","sticky_sidebar":"1","share_position":"top","share_float_style":"share-monocrhome","show_share_counter":"1","show_view_counter":"1","show_featured":"1","show_post_meta":"1","show_post_author":"1","show_post_author_image":"1","show_post_date":"1","post_date_format":"default","post_date_format_custom":"Y\/m\/d","show_post_category":"1","show_post_reading_time":"0","post_reading_time_wpm":"300","show_zoom_button":"0","zoom_button_out_step":"2","zoom_button_in_step":"3","show_post_tag":"1","show_prev_next_post":"1","show_popup_post":"1","number_popup_post":"1","show_author_box":"0","show_post_related":"0","show_inline_post_related":"0"}],"override_image_size":"0","image_override":[{"single_post_thumbnail_size":"crop-500","single_post_gallery_size":"crop-500"}],"trending_post":"0","trending_post_position":"meta","trending_post_label":"Trending","sponsored_post":"0","sponsored_post_label":"Sponsored by","sponsored_post_name":"","sponsored_post_url":"","sponsored_post_logo_enable":"0","sponsored_post_logo":"","sponsored_post_desc":"","disable_ad":"0"},"jnews_primary_category":{"id":""},"jnews_override_bookmark_settings":[],"jnews_review":[],"enable_review":"","type":"","name":"","summary":"","brand":"","sku":"","good":[],"bad":[],"score_override":"","override_value":"","rating":[],"price":[],"jnews_post_split":[],"footnotes":""},"categories":[11],"tags":[5640,4304],"class_list":["post-41488","post","type-post","status-publish","format-standard","has-post-thumbnail","hentry","category-health","tag-campagne-de-sensibilisation","tag-covid-19-2"],"_links":{"self":[{"href":"https:\/\/www.africanchallenges.com\/index.php?rest_route=\/wp\/v2\/posts\/41488","targetHints":{"allow":["GET"]}}],"collection":[{"href":"https:\/\/www.africanchallenges.com\/index.php?rest_route=\/wp\/v2\/posts"}],"about":[{"href":"https:\/\/www.africanchallenges.com\/index.php?rest_route=\/wp\/v2\/types\/post"}],"author":[{"embeddable":true,"href":"https:\/\/www.africanchallenges.com\/index.php?rest_route=\/wp\/v2\/users\/4"}],"replies":[{"embeddable":true,"href":"https:\/\/www.africanchallenges.com\/index.php?rest_route=%2Fwp%2Fv2%2Fcomments&post=41488"}],"version-history":[{"count":12,"href":"https:\/\/www.africanchallenges.com\/index.php?rest_route=\/wp\/v2\/posts\/41488\/revisions"}],"predecessor-version":[{"id":41504,"href":"https:\/\/www.africanchallenges.com\/index.php?rest_route=\/wp\/v2\/posts\/41488\/revisions\/41504"}],"wp:featuredmedia":[{"embeddable":true,"href":"https:\/\/www.africanchallenges.com\/index.php?rest_route=\/wp\/v2\/media\/41489"}],"wp:attachment":[{"href":"https:\/\/www.africanchallenges.com\/index.php?rest_route=%2Fwp%2Fv2%2Fmedia&parent=41488"}],"wp:term":[{"taxonomy":"category","embeddable":true,"href":"https:\/\/www.africanchallenges.com\/index.php?rest_route=%2Fwp%2Fv2%2Fcategories&post=41488"},{"taxonomy":"post_tag","embeddable":true,"href":"https:\/\/www.africanchallenges.com\/index.php?rest_route=%2Fwp%2Fv2%2Ftags&post=41488"}],"curies":[{"name":"wp","href":"https:\/\/api.w.org\/{rel}","templated":true}]}}