{"id":40996,"date":"2022-06-15T21:09:53","date_gmt":"2022-06-15T21:09:53","guid":{"rendered":"https:\/\/www.africanchallenges.com\/?p=40996"},"modified":"2022-06-17T22:14:27","modified_gmt":"2022-06-17T22:14:27","slug":"tunisie-66e-anniversaire-de-la-creation-de-larmee-nationale-le-ministere-de-la-defense-nationale-organise-uneexposition-documentaire-a-la-cite-de-la-culture-du-17-au-25-juin","status":"publish","type":"post","link":"https:\/\/www.africanchallenges.com\/?p=40996","title":{"rendered":"Tunisie -66\u00e8 anniversaire de la cr\u00e9ation de l&rsquo;arm\u00e9e nationale : Le minist\u00e8re de la d\u00e9fense nationale organise une exposition documentaire \u00e0 la cit\u00e9 de la culture du 17 au 25 juin"},"content":{"rendered":"\n<p class=\"wp-block-paragraph\">Le minist\u00e8re de la D\u00e9fense nationale organise du 17 au 25 juin son exposition annuelle \u00e0 la Cit\u00e9 de la culture de Tunis, dans le cadre de la c\u00e9l\u00e9bration du soixante-sixi\u00e8me anniversaire de la cr\u00e9ation de l&rsquo;Arm\u00e9e nationale.<\/p>\n\n\n\n<p class=\"wp-block-paragraph\">L&rsquo;exposition comprend des th\u00e8mes sur l&rsquo;histoire et la cr\u00e9ation de l&rsquo;arm\u00e9e tunisienne, ses principales missions, sa contribution au maintien de l&rsquo;ordre public, \u00e0 la lutte contre le terrorisme, la contrebande et le crime organis\u00e9, ainsi que \u00a0sa participation \u00e0 la lutte contre la pand\u00e9mie de Covid-19, en plus du service national, l&rsquo;enseignement sup\u00e9rieur militaire , la formation professionnelle dans les centres militaires de formation professionnelle, et la contribution de l\u2019office de\u00a0D\u00e9veloppement \u00a0\u00bb Rgime Maatoug\u00a0\u00bb et du Centre National de la cartographie et de la t\u00e9l\u00e9d\u00e9tection au  d\u00e9veloppement.<\/p>\n","protected":false},"excerpt":{"rendered":"<p>Le minist\u00e8re de la D\u00e9fense nationale organise du 17 au 25 juin son exposition annuelle \u00e0 la Cit\u00e9 de la culture de Tunis, dans le cadre de la c\u00e9l\u00e9bration du soixante-sixi\u00e8me anniversaire de la cr\u00e9ation de l&rsquo;Arm\u00e9e nationale. L&rsquo;exposition comprend des th\u00e8mes sur l&rsquo;histoire et la cr\u00e9ation de l&rsquo;arm\u00e9e tunisienne, ses principales missions, sa contribution [&hellip;]<\/p>\n","protected":false},"author":3,"featured_media":41001,"comment_status":"open","ping_status":"closed","sticky":false,"template":"","format":"standard","meta":{"content-type":"","jnews-multi-image_gallery":[],"jnews_single_post":{"subtitle":"","format":"standard","video":"","gallery":"","source_name":"","source_url":"","via_name":"","via_url":"","override_template":"0","override":[{"template":"1","single_blog_custom":"","parallax":"1","fullscreen":"1","layout":"right-sidebar","sidebar":"default-sidebar","second_sidebar":"default-sidebar","sticky_sidebar":"1","share_position":"top","share_float_style":"share-monocrhome","show_share_counter":"1","show_view_counter":"1","show_featured":"1","show_post_meta":"1","show_post_author":"1","show_post_author_image":"1","show_post_date":"1","post_date_format":"default","post_date_format_custom":"Y\/m\/d","show_post_category":"1","show_post_reading_time":"0","post_reading_time_wpm":"300","show_zoom_button":"0","zoom_button_out_step":"2","zoom_button_in_step":"3","show_post_tag":"1","show_prev_next_post":"1","show_popup_post":"1","number_popup_post":"1","show_author_box":"0","show_post_related":"0","show_inline_post_related":"0"}],"override_image_size":"0","image_override":[{"single_post_thumbnail_size":"crop-500","single_post_gallery_size":"crop-500"}],"trending_post":"0","trending_post_position":"meta","trending_post_label":"Trending","sponsored_post":"0","sponsored_post_label":"Sponsored by","sponsored_post_name":"","sponsored_post_url":"","sponsored_post_logo_enable":"0","sponsored_post_logo":"","sponsored_post_desc":"","disable_ad":"0"},"jnews_primary_category":{"id":""},"jnews_override_bookmark_settings":[],"jnews_review":[],"enable_review":"","type":"","name":"","summary":"","brand":"","sku":"","good":[],"bad":[],"score_override":"","override_value":"","rating":[],"price":[],"jnews_post_split":[],"footnotes":""},"categories":[1],"tags":[1118,894,8488],"class_list":["post-40996","post","type-post","status-publish","format-standard","has-post-thumbnail","hentry","category-uncategorized","tag-cite-de-la-culture","tag-creation","tag-exposition-documentaire"],"_links":{"self":[{"href":"https:\/\/www.africanchallenges.com\/index.php?rest_route=\/wp\/v2\/posts\/40996","targetHints":{"allow":["GET"]}}],"collection":[{"href":"https:\/\/www.africanchallenges.com\/index.php?rest_route=\/wp\/v2\/posts"}],"about":[{"href":"https:\/\/www.africanchallenges.com\/index.php?rest_route=\/wp\/v2\/types\/post"}],"author":[{"embeddable":true,"href":"https:\/\/www.africanchallenges.com\/index.php?rest_route=\/wp\/v2\/users\/3"}],"replies":[{"embeddable":true,"href":"https:\/\/www.africanchallenges.com\/index.php?rest_route=%2Fwp%2Fv2%2Fcomments&post=40996"}],"version-history":[{"count":3,"href":"https:\/\/www.africanchallenges.com\/index.php?rest_route=\/wp\/v2\/posts\/40996\/revisions"}],"predecessor-version":[{"id":41038,"href":"https:\/\/www.africanchallenges.com\/index.php?rest_route=\/wp\/v2\/posts\/40996\/revisions\/41038"}],"wp:featuredmedia":[{"embeddable":true,"href":"https:\/\/www.africanchallenges.com\/index.php?rest_route=\/wp\/v2\/media\/41001"}],"wp:attachment":[{"href":"https:\/\/www.africanchallenges.com\/index.php?rest_route=%2Fwp%2Fv2%2Fmedia&parent=40996"}],"wp:term":[{"taxonomy":"category","embeddable":true,"href":"https:\/\/www.africanchallenges.com\/index.php?rest_route=%2Fwp%2Fv2%2Fcategories&post=40996"},{"taxonomy":"post_tag","embeddable":true,"href":"https:\/\/www.africanchallenges.com\/index.php?rest_route=%2Fwp%2Fv2%2Ftags&post=40996"}],"curies":[{"name":"wp","href":"https:\/\/api.w.org\/{rel}","templated":true}]}}