{"id":40801,"date":"2022-06-09T20:34:47","date_gmt":"2022-06-09T20:34:47","guid":{"rendered":"https:\/\/www.africanchallenges.com\/?p=40801"},"modified":"2022-06-09T20:37:49","modified_gmt":"2022-06-09T20:37:49","slug":"litalie-accordera-75-000-permis-de-travail-en-2022-pour-reduire-les-flux-de-migrants-en-provenance-dafrique","status":"publish","type":"post","link":"https:\/\/www.africanchallenges.com\/?p=40801","title":{"rendered":"L\u2019Italie accordera 75\u00a0000 permis de travail en 2022 pour r\u00e9duire les flux de migrants en provenance d\u2019Afrique"},"content":{"rendered":"\n<p class=\"wp-block-paragraph\">Lors du Sommet Med5 tenu \u00e0 Venise , la ministre italienne de l&rsquo;Int\u00e9rieur, Luciana Lamorgese a annonc\u00e9 le i 4 juin, que son pays a d\u00e9cid\u00e9 d\u2019augmenter ses quotas d\u2019immigration l\u00e9gale \u00e0 75 000 personnes en 2022 pour tenter d\u2019att\u00e9nuer la d\u00e9ferlante migratoire en provenance d\u2019Afrique.<\/p>\n\n\n\n<p class=\"wp-block-paragraph\">\u00ab 75 000 personnes seront autoris\u00e9es \u00e0 arriver en Italie pour y travailler dans le cadre des quotas d\u2019immigration l\u00e9gale \u00bb, a-t-elle d\u00e9clar\u00e9.<\/p>\n\n\n\n<p class=\"wp-block-paragraph\">\u00ab La n\u00e9cessit\u00e9 d&rsquo;augmenter les quotas est \u00e9troitement li\u00e9e \u00e0 la guerre en Ukraine et au risque de voir la crise c\u00e9r\u00e9ali\u00e8re entra\u00eener une vague de migrants sans pr\u00e9c\u00e9dent. L&rsquo;inqui\u00e9tude est celle d&rsquo;une acc\u00e9l\u00e9ration des d\u00e9barquements sur les c\u00f4tes europ\u00e9ennes de bateaux transportant des migrants en provenance d&rsquo;Afrique \u00bb, a-t-elle ajout\u00e9.<\/p>\n\n\n\n<p class=\"wp-block-paragraph\">La ministre italienne a \u00e9galement expliqu\u00e9 l\u2019augmentation des quotas d\u2019immigration r\u00e9guli\u00e8re par le \u00ab manque de main-d\u2019\u0153uvre dans certains secteurs d\u2019activit\u00e9 \u00e9conomique \u00bb, r\u00e9v\u00e9lant au passage la signature d\u2019un accord entre le minist\u00e8re du Travail et les organisations patronales du secteur du b\u00e2timent pour faciliter le recrutement de 3000 migrants.<\/p>\n\n\n\n<p class=\"wp-block-paragraph\">Selon un bilan arr\u00eat\u00e9 le 3 juin dernier, par le minist\u00e8re italien de l\u2019Int\u00e9rieur, plus de 20 000 migrants clandestins originaires de pays africains sont arriv\u00e9s sur les c\u00f4tes italiennes \u00e0 bord d\u2019embarcations parties d\u2019Afrique du Nord, depuis le d\u00e9but de l\u2019ann\u00e9e. Ce qui a incit\u00e9 les ONG italiennes \u00e0 demander la mise en place de couloirs humanitaires semblables \u00e0 ceux cr\u00e9\u00e9s pour les migrants ukrainiens.<\/p>\n\n\n\n<p class=\"wp-block-paragraph\">Le Sommet Med5 r\u00e9unit l\u2019Italie, l\u2019Espagne, la Gr\u00e8ce, Malte et Chypre. Ces cinq pays membres de l\u2019Union europ\u00e9enne (UE) se sont r\u00e9unis \u00e0 Venise pour discuter de l\u2019intensification de la crise migratoire en Europe. Ils ont notamment demand\u00e9 un meilleur partage de la charge d&rsquo;accueil des migrants sur l&rsquo;ensemble du territoire europ\u00e9en, et le renforcement des programmes d\u2019immigration l\u00e9gale en \u00e9change d&rsquo;une meilleure coop\u00e9ration, au niveau des retours de migrants, avec les pays d\u2019origine et de transit.<\/p>\n\n\n\n<p class=\"wp-block-paragraph\">\u00ab Tout en poursuivant la lutte contre l&rsquo;immigration clandestine et les passeurs, nous sommes tout \u00e0 fait favorables \u00e0 la multiplication des voies l\u00e9gales d&rsquo;immigration vers l&rsquo;Europe. Nous ne pouvons pas laisser les trafiquants d\u00e9cider de qui peut venir et vivre en Europe \u00bb, a d\u00e9clar\u00e9 dans ce cadre, le ministre grec des Migrations et de l&rsquo;Asile, Notis Mitarachi.<\/p>\n","protected":false},"excerpt":{"rendered":"<p>Lors du Sommet Med5 tenu \u00e0 Venise , la ministre italienne de l&rsquo;Int\u00e9rieur, Luciana Lamorgese a annonc\u00e9 le i 4 juin, que son pays a d\u00e9cid\u00e9 d\u2019augmenter ses quotas d\u2019immigration l\u00e9gale \u00e0 75 000 personnes en 2022 pour tenter d\u2019att\u00e9nuer la d\u00e9ferlante migratoire en provenance d\u2019Afrique. \u00ab 75 000 personnes seront autoris\u00e9es \u00e0 arriver en [&hellip;]<\/p>\n","protected":false},"author":4,"featured_media":18155,"comment_status":"open","ping_status":"closed","sticky":false,"template":"","format":"standard","meta":{"content-type":"","jnews-multi-image_gallery":[],"jnews_single_post":{"subtitle":"","format":"standard","video":"","gallery":"","source_name":"","source_url":"","via_name":"","via_url":"","override_template":"0","override":[{"template":"1","single_blog_custom":"","parallax":"1","fullscreen":"1","layout":"right-sidebar","sidebar":"default-sidebar","second_sidebar":"default-sidebar","sticky_sidebar":"1","share_position":"top","share_float_style":"share-monocrhome","show_share_counter":"1","show_view_counter":"1","show_featured":"1","show_post_meta":"1","show_post_author":"1","show_post_author_image":"1","show_post_date":"1","post_date_format":"default","post_date_format_custom":"Y\/m\/d","show_post_category":"1","show_post_reading_time":"0","post_reading_time_wpm":"300","show_zoom_button":"0","zoom_button_out_step":"2","zoom_button_in_step":"3","show_post_tag":"1","show_prev_next_post":"1","show_popup_post":"1","number_popup_post":"1","show_author_box":"0","show_post_related":"0","show_inline_post_related":"0"}],"override_image_size":"0","image_override":[{"single_post_thumbnail_size":"crop-500","single_post_gallery_size":"crop-500"}],"trending_post":"0","trending_post_position":"meta","trending_post_label":"Trending","sponsored_post":"0","sponsored_post_label":"Sponsored by","sponsored_post_name":"","sponsored_post_url":"","sponsored_post_logo_enable":"0","sponsored_post_logo":"","sponsored_post_desc":"","disable_ad":"0"},"jnews_primary_category":{"id":""},"jnews_override_bookmark_settings":[],"jnews_review":[],"enable_review":"","type":"","name":"","summary":"","brand":"","sku":"","good":[],"bad":[],"score_override":"","override_value":"","rating":[],"price":[],"jnews_post_split":[],"footnotes":""},"categories":[6],"tags":[63,8434,3599,8435,5696,8433,8436],"class_list":["post-40801","post","type-post","status-publish","format-standard","has-post-thumbnail","hentry","category-world","tag-afrique","tag-flux","tag-italie","tag-luciana-lamorges","tag-migrants","tag-permis-de-travail","tag-sommet-med5"],"_links":{"self":[{"href":"https:\/\/www.africanchallenges.com\/index.php?rest_route=\/wp\/v2\/posts\/40801","targetHints":{"allow":["GET"]}}],"collection":[{"href":"https:\/\/www.africanchallenges.com\/index.php?rest_route=\/wp\/v2\/posts"}],"about":[{"href":"https:\/\/www.africanchallenges.com\/index.php?rest_route=\/wp\/v2\/types\/post"}],"author":[{"embeddable":true,"href":"https:\/\/www.africanchallenges.com\/index.php?rest_route=\/wp\/v2\/users\/4"}],"replies":[{"embeddable":true,"href":"https:\/\/www.africanchallenges.com\/index.php?rest_route=%2Fwp%2Fv2%2Fcomments&post=40801"}],"version-history":[{"count":2,"href":"https:\/\/www.africanchallenges.com\/index.php?rest_route=\/wp\/v2\/posts\/40801\/revisions"}],"predecessor-version":[{"id":40804,"href":"https:\/\/www.africanchallenges.com\/index.php?rest_route=\/wp\/v2\/posts\/40801\/revisions\/40804"}],"wp:featuredmedia":[{"embeddable":true,"href":"https:\/\/www.africanchallenges.com\/index.php?rest_route=\/wp\/v2\/media\/18155"}],"wp:attachment":[{"href":"https:\/\/www.africanchallenges.com\/index.php?rest_route=%2Fwp%2Fv2%2Fmedia&parent=40801"}],"wp:term":[{"taxonomy":"category","embeddable":true,"href":"https:\/\/www.africanchallenges.com\/index.php?rest_route=%2Fwp%2Fv2%2Fcategories&post=40801"},{"taxonomy":"post_tag","embeddable":true,"href":"https:\/\/www.africanchallenges.com\/index.php?rest_route=%2Fwp%2Fv2%2Ftags&post=40801"}],"curies":[{"name":"wp","href":"https:\/\/api.w.org\/{rel}","templated":true}]}}