{"id":40405,"date":"2022-05-31T09:08:33","date_gmt":"2022-05-31T09:08:33","guid":{"rendered":"https:\/\/www.africanchallenges.com\/?p=40405"},"modified":"2022-05-31T12:07:14","modified_gmt":"2022-05-31T12:07:14","slug":"cote-divoire-un-protocole-daccord-cadre-annoncant-la-creation-de-lalliance-panafricaine-du-numerique-digital-african-confederation-afritech","status":"publish","type":"post","link":"https:\/\/www.africanchallenges.com\/?p=40405","title":{"rendered":"C\u00f4te d&rsquo;Ivoire :Un Protocole d\u2019accord-cadre annon\u00e7ant la cr\u00e9ation de l\u2019Alliance panafricaine du num\u00e9rique (Digital African Confederation) \u201d AFRI\u2019tech \u201c"},"content":{"rendered":"\n<p class=\"wp-block-paragraph\">Des organisations et associations patronales africaines op\u00e9rant dans le secteur du num\u00e9rique ont sign\u00e9, lundi 30 mai 2022 \u00e0 Abidjan en C\u00f4te d\u2019Ivoire, un Protocole d\u2019accord-cadre annon\u00e7ant la cr\u00e9ation de l\u2019Alliance panafricaine du num\u00e9rique (Digital African Confederation) \u201d AFRI\u2019tech \u201c, et ce en marge du Salon international des technologies de l\u2019information et de la communication \u201cSITIC AFRICA\u201d tenu les 30 et 31 mai 2022, dans la capitale ivoirienne.<\/p>\n\n\n\n<p class=\"wp-block-paragraph\">D\u2019apr\u00e8s un communiqu\u00e9, publi\u00e9 par l\u2019UTICA, les signataires de cet accord sont la F\u00e9d\u00e9ration tunisienne du num\u00e9rique (UTICA), GOTIC de C\u00f4te d\u2019Ivoire, OPTIC du S\u00e9n\u00e9gal, REPTIC du Cameroun, CNPC Num\u00e9rique de l\u2019Alg\u00e9rie, l\u2019ASIM du Mali, GEM de Madagascar, DDE de Djibouti, et le ROPTIC de l\u2019Union \u00e9conomique et mon\u00e9taire ouest-africaine (UEMOA).<\/p>\n\n\n\n<p class=\"wp-block-paragraph\">Le protocole pr\u00e9voit la promotion d\u2019un partenariat \u00e0 long-terme entre les communaut\u00e9s des secteurs priv\u00e9s num\u00e9riques et startups innovantes en Afrique, et l\u2019\u00e9change de bonnes pratiques sur les atouts des entreprises num\u00e9riques des pays africains et sur les r\u00e9glementations et initiatives digitales r\u00e9alis\u00e9es dans les diff\u00e9rents pays du continent.<\/p>\n\n\n\n<p class=\"wp-block-paragraph\">Il pr\u00e9voit \u00e9galement de favoriser tout rapprochement entre les chefs d\u2019entreprises en Afrique et de mettre \u00e0 leur disposition toute information favorisant la conclusion de partenariats \u201d gagnant-gagnant \u201c.<\/p>\n\n\n\n<p class=\"wp-block-paragraph\">Le protocole pr\u00e9voit, en outre, le lancement d\u2019actions et \u00e9v\u00e9nements de promotion du secteur num\u00e9rique africain au niveau r\u00e9gional et international, ainsi que des initiatives et projets concrets au niveau transversal panafricain permettant le d\u00e9veloppement, en Afrique, du secteur num\u00e9rique, de l\u2019innovation digitale et des ressources humaines dans ce domaine.<\/p>\n\n\n\n<p class=\"wp-block-paragraph\">Le texte appelle, par ailleurs, \u00e0 soutenir les entreprises et les institutions patronales nationales et r\u00e9gionales panafricaines dans leurs actions ou dol\u00e9ances aupr\u00e8s des organisations gouvernementales ou non-gouvernementales, nationales ou internationales; et \u00e0 f\u00e9d\u00e9rer les diverses structures et associations patronales africaines du num\u00e9rique -r\u00e9gionales ou sous-r\u00e9gionales-, pour porter leurs voix et d\u00e9fendre leurs int\u00e9r\u00eats aupr\u00e8s d\u2019instances \u00e9conomiques et num\u00e9riques internationales.<\/p>\n\n\n\n<p class=\"wp-block-paragraph\">Un regroupement de tous les membres constitutifs panafricains fera l\u2019objet d\u2019une grande rencontre en Septembre, \u00e0 Tunis pour le lancement effectif de cette institution panafricaine AFRI\u2019tech.<\/p>\n\n\n\n<p class=\"wp-block-paragraph\"><strong>Avec TAP<\/strong><\/p>\n","protected":false},"excerpt":{"rendered":"<p>Des organisations et associations patronales africaines op\u00e9rant dans le secteur du num\u00e9rique ont sign\u00e9, lundi 30 mai 2022 \u00e0 Abidjan en C\u00f4te d\u2019Ivoire, un Protocole d\u2019accord-cadre annon\u00e7ant la cr\u00e9ation de l\u2019Alliance panafricaine du num\u00e9rique (Digital African Confederation) \u201d AFRI\u2019tech \u201c, et ce en marge du Salon international des technologies de l\u2019information et de la communication [&hellip;]<\/p>\n","protected":false},"author":4,"featured_media":40406,"comment_status":"open","ping_status":"closed","sticky":false,"template":"","format":"standard","meta":{"content-type":"","jnews-multi-image_gallery":[],"jnews_single_post":{"subtitle":"","format":"standard","video":"","gallery":"","source_name":"","source_url":"","via_name":"","via_url":"","override_template":"0","override":[{"template":"1","single_blog_custom":"","parallax":"1","fullscreen":"1","layout":"right-sidebar","sidebar":"default-sidebar","second_sidebar":"default-sidebar","sticky_sidebar":"1","share_position":"top","share_float_style":"share-monocrhome","show_share_counter":"1","show_view_counter":"1","show_featured":"1","show_post_meta":"1","show_post_author":"1","show_post_author_image":"1","show_post_date":"1","post_date_format":"default","post_date_format_custom":"Y\/m\/d","show_post_category":"1","show_post_reading_time":"0","post_reading_time_wpm":"300","show_zoom_button":"0","zoom_button_out_step":"2","zoom_button_in_step":"3","show_post_tag":"1","show_prev_next_post":"1","show_popup_post":"1","number_popup_post":"1","show_author_box":"0","show_post_related":"0","show_inline_post_related":"0"}],"override_image_size":"0","image_override":[{"single_post_thumbnail_size":"crop-500","single_post_gallery_size":"crop-500"}],"trending_post":"0","trending_post_position":"meta","trending_post_label":"Trending","sponsored_post":"0","sponsored_post_label":"Sponsored by","sponsored_post_name":"","sponsored_post_url":"","sponsored_post_logo_enable":"0","sponsored_post_logo":"","sponsored_post_desc":"","disable_ad":"0"},"jnews_primary_category":{"id":""},"jnews_override_bookmark_settings":[],"jnews_review":[],"enable_review":"","type":"","name":"","summary":"","brand":"","sku":"","good":[],"bad":[],"score_override":"","override_value":"","rating":[],"price":[],"jnews_post_split":[],"footnotes":""},"categories":[12],"tags":[8316,8314,894,7539,8315],"class_list":["post-40405","post","type-post","status-publish","format-standard","has-post-thumbnail","hentry","category-tech","tag-afritech","tag-alliance-panafricaine","tag-creation","tag-protocole","tag-sitic-africa"],"_links":{"self":[{"href":"https:\/\/www.africanchallenges.com\/index.php?rest_route=\/wp\/v2\/posts\/40405","targetHints":{"allow":["GET"]}}],"collection":[{"href":"https:\/\/www.africanchallenges.com\/index.php?rest_route=\/wp\/v2\/posts"}],"about":[{"href":"https:\/\/www.africanchallenges.com\/index.php?rest_route=\/wp\/v2\/types\/post"}],"author":[{"embeddable":true,"href":"https:\/\/www.africanchallenges.com\/index.php?rest_route=\/wp\/v2\/users\/4"}],"replies":[{"embeddable":true,"href":"https:\/\/www.africanchallenges.com\/index.php?rest_route=%2Fwp%2Fv2%2Fcomments&post=40405"}],"version-history":[{"count":1,"href":"https:\/\/www.africanchallenges.com\/index.php?rest_route=\/wp\/v2\/posts\/40405\/revisions"}],"predecessor-version":[{"id":40407,"href":"https:\/\/www.africanchallenges.com\/index.php?rest_route=\/wp\/v2\/posts\/40405\/revisions\/40407"}],"wp:featuredmedia":[{"embeddable":true,"href":"https:\/\/www.africanchallenges.com\/index.php?rest_route=\/wp\/v2\/media\/40406"}],"wp:attachment":[{"href":"https:\/\/www.africanchallenges.com\/index.php?rest_route=%2Fwp%2Fv2%2Fmedia&parent=40405"}],"wp:term":[{"taxonomy":"category","embeddable":true,"href":"https:\/\/www.africanchallenges.com\/index.php?rest_route=%2Fwp%2Fv2%2Fcategories&post=40405"},{"taxonomy":"post_tag","embeddable":true,"href":"https:\/\/www.africanchallenges.com\/index.php?rest_route=%2Fwp%2Fv2%2Ftags&post=40405"}],"curies":[{"name":"wp","href":"https:\/\/api.w.org\/{rel}","templated":true}]}}