{"id":40086,"date":"2022-05-19T14:01:46","date_gmt":"2022-05-19T14:01:46","guid":{"rendered":"https:\/\/www.africanchallenges.com\/?p=40086"},"modified":"2022-05-19T14:19:06","modified_gmt":"2022-05-19T14:19:06","slug":"tunisie-le-ministre-de-la-defense-nationale-imed-memiche-inaugure-la-cite-militaire-de-ksar-said-portant-le-nom-du-martyr-du-lieutenant-colonel-wissam-akaichi","status":"publish","type":"post","link":"https:\/\/www.africanchallenges.com\/?p=40086","title":{"rendered":"Tunisie : Le ministre de la D\u00e9fense nationale, Imed M\u00e9miche inaugure la cit\u00e9 militaire de Ksar Sa\u00efd, portant le nom du martyr du lieutenant-colonel, Wissam Aka\u00efchi"},"content":{"rendered":"\n<div class=\"col-lg-9 col-md-9 col-sm-12 col-xs-12\">\n<p>Le ministre de la D\u00e9fense nationale, Imed M\u00e9miche, a inaugur\u00e9 hier, mercredi 18 Mai, la cit\u00e9 militaire de Ksar Sa\u00efd, portant le nom du martyr, du lieutenant-colonel, Wissam Aka\u00efchi.<\/p>\n<p>Cette cit\u00e9 constitue la premi\u00e8re tranche du projet du complexe r\u00e9sidentiel qui sera \u00e9rig\u00e9 sur une superficie de 11 hectares, dans le cadre de l\u2019appui au logement militaire destin\u00e9 \u00e0 la location \u00e0 des prix raisonnables, \u00e0 l\u2019intention des membres de l\u2019arm\u00e9e nationale, tous grades confondus, moyennant un co\u00fbt total de 16 millions de dinars.<\/p>\n<figure id=\"attachment_89992\" class=\"wp-caption alignnone\"><img fetchpriority=\"high\" decoding=\"async\" class=\"wp-image-89992 \" src=\"https:\/\/news.gnet.tn\/wp-content\/uploads\/2022\/05\/logements-militaires-1024x682.jpg\" alt=\"La cit\u00e9 militaire de #Ksar #Said, portant le nom du martyr, du lieutenant-colonel, #Wissam #Akaichi\" width=\"620\" height=\"413\" \/>\n<figcaption class=\"wp-caption-text\">La cit\u00e9 militaire de #Ksar #Said, portant le nom du martyr, du lieutenant-colonel, #Wissam #Akaichi<\/figcaption>\n<\/figure>\n<p>Le ministre de la D\u00e9fense a salu\u00e9 \u00ab\u00a0l\u2019interaction des structures du minist\u00e8re des Finances, avec les projets de l\u2019office des logements militaires, et sa d\u00e9termination \u00e0 y r\u00e9pondre en allouant les fonds n\u00e9cessaires, selon les moyens existants, malgr\u00e9 la conjoncture \u00e9conomique difficile\u00a0\u00bb.<\/p>\n<p>\u00ab\u00a0Ces projets auront un impact positif sur les familles et les enfants des membres du minist\u00e8re de la D\u00e9fense nationale, en termes de qualit\u00e9 de la vie, d\u2019\u00e9quilibre familial, et de stabilit\u00e9 sociale\u00a0\u00bb, a-t-il soulign\u00e9, cit\u00e9 par un communiqu\u00e9 du minist\u00e8re de la D\u00e9fense.<\/p>\n<figure id=\"attachment_89993\" class=\"wp-caption alignnone\"><img decoding=\"async\" class=\"wp-image-89993 \" src=\"https:\/\/news.gnet.tn\/wp-content\/uploads\/2022\/05\/militaires-aires-jeu-1024x575.jpg\" alt=\"Une aire de jeu, en vue d'une meilleure qualit\u00e9 de l a vie pour les enfants des militaires\" width=\"634\" height=\"356\" \/>\n<figcaption class=\"wp-caption-text\">Une aire de jeu, en vue d\u2019une meilleure qualit\u00e9 de l a vie pour les enfants des militaires<\/figcaption>\n<\/figure>\n<p>Il a ajout\u00e9 que le minist\u00e8re de la D\u00e9fense allait \u00ab\u00a0\u0153uvrer avec les organismes de l\u2019Etat \u00e0 r\u00e9aliser la deuxi\u00e8me tranche de ce projet, en vue d\u2019am\u00e9liorer le taux de couverture des besoins en logement militaire destin\u00e9 \u00e0 la location\u00a0\u00bb.<\/p>\n<p>M\u00e9miche a lou\u00e9 les efforts des cadres et agents de l\u2019office des logements militaires, tant les militaires que les civils, en vue de la r\u00e9alisation des projets visant \u00e0 assurer un logement d\u00e9cent pour les militaires, et en am\u00e9liorer les conditions de vie.<\/p>\n<\/div>\n<div class=\"col-lg-3 col-md-3 col-sm-12 col-xs-12\">\n<div class=\"box_sidebar\">\n<div class=\"temps_fort\">\n<div class=\"date title_6\">\u00a0<\/div>\n<\/div>\n<\/div>\n<\/div>\n","protected":false},"excerpt":{"rendered":"Le ministre de la D\u00e9fense nationale, Imed M\u00e9miche, a inaugur\u00e9 hier, mercredi 18 Mai, la cit\u00e9 militaire de Ksar Sa\u00efd, portant le nom du martyr, du lieutenant-colonel, Wissam Aka\u00efchi. Cette cit\u00e9 constitue la premi\u00e8re tranche du projet du complexe r\u00e9sidentiel qui sera \u00e9rig\u00e9 sur une superficie de 11 hectares, dans le cadre de l\u2019appui au [...]","protected":false},"author":4,"featured_media":40089,"comment_status":"open","ping_status":"closed","sticky":false,"template":"","format":"standard","meta":{"content-type":"","jnews-multi-image_gallery":[],"jnews_single_post":{"subtitle":"","format":"standard","video":"","gallery":"","source_name":"","source_url":"","via_name":"","via_url":"","override_template":"0","override":[{"template":"1","single_blog_custom":"","parallax":"1","fullscreen":"1","layout":"right-sidebar","sidebar":"default-sidebar","second_sidebar":"default-sidebar","sticky_sidebar":"1","share_position":"top","share_float_style":"share-monocrhome","show_share_counter":"1","show_view_counter":"1","show_featured":"1","show_post_meta":"1","show_post_author":"1","show_post_author_image":"1","show_post_date":"1","post_date_format":"default","post_date_format_custom":"Y\/m\/d","show_post_category":"1","show_post_reading_time":"0","post_reading_time_wpm":"300","show_zoom_button":"0","zoom_button_out_step":"2","zoom_button_in_step":"3","show_post_tag":"1","show_prev_next_post":"1","show_popup_post":"1","number_popup_post":"1","show_author_box":"0","show_post_related":"0","show_inline_post_related":"0"}],"override_image_size":"0","image_override":[{"single_post_thumbnail_size":"crop-500","single_post_gallery_size":"crop-500"}],"trending_post":"0","trending_post_position":"meta","trending_post_label":"Trending","sponsored_post":"0","sponsored_post_label":"Sponsored by","sponsored_post_name":"","sponsored_post_url":"","sponsored_post_logo_enable":"0","sponsored_post_logo":"","sponsored_post_desc":"","disable_ad":"0"},"jnews_primary_category":{"id":""},"jnews_override_bookmark_settings":[],"jnews_review":[],"enable_review":"","type":"","name":"","summary":"","brand":"","sku":"","good":[],"bad":[],"score_override":"","override_value":"","rating":[],"price":[],"jnews_post_split":[],"footnotes":""},"categories":[61],"tags":[8230,8060,8232,440,8231],"class_list":["post-40086","post","type-post","status-publish","format-standard","has-post-thumbnail","hentry","category-societe","tag-cite-militaire-de-ksar-said","tag-imed-memiche-2","tag-martyr","tag-martyrs","tag-wissam-akaichi"],"_links":{"self":[{"href":"https:\/\/www.africanchallenges.com\/index.php?rest_route=\/wp\/v2\/posts\/40086","targetHints":{"allow":["GET"]}}],"collection":[{"href":"https:\/\/www.africanchallenges.com\/index.php?rest_route=\/wp\/v2\/posts"}],"about":[{"href":"https:\/\/www.africanchallenges.com\/index.php?rest_route=\/wp\/v2\/types\/post"}],"author":[{"embeddable":true,"href":"https:\/\/www.africanchallenges.com\/index.php?rest_route=\/wp\/v2\/users\/4"}],"replies":[{"embeddable":true,"href":"https:\/\/www.africanchallenges.com\/index.php?rest_route=%2Fwp%2Fv2%2Fcomments&post=40086"}],"version-history":[{"count":2,"href":"https:\/\/www.africanchallenges.com\/index.php?rest_route=\/wp\/v2\/posts\/40086\/revisions"}],"predecessor-version":[{"id":40088,"href":"https:\/\/www.africanchallenges.com\/index.php?rest_route=\/wp\/v2\/posts\/40086\/revisions\/40088"}],"wp:featuredmedia":[{"embeddable":true,"href":"https:\/\/www.africanchallenges.com\/index.php?rest_route=\/wp\/v2\/media\/40089"}],"wp:attachment":[{"href":"https:\/\/www.africanchallenges.com\/index.php?rest_route=%2Fwp%2Fv2%2Fmedia&parent=40086"}],"wp:term":[{"taxonomy":"category","embeddable":true,"href":"https:\/\/www.africanchallenges.com\/index.php?rest_route=%2Fwp%2Fv2%2Fcategories&post=40086"},{"taxonomy":"post_tag","embeddable":true,"href":"https:\/\/www.africanchallenges.com\/index.php?rest_route=%2Fwp%2Fv2%2Ftags&post=40086"}],"curies":[{"name":"wp","href":"https:\/\/api.w.org\/{rel}","templated":true}]}}