{"id":40003,"date":"2022-05-16T18:53:01","date_gmt":"2022-05-16T18:53:01","guid":{"rendered":"https:\/\/www.africanchallenges.com\/?p=40003"},"modified":"2022-05-16T19:18:33","modified_gmt":"2022-05-16T19:18:33","slug":"france-elisabeth-borne-nommee-premiere-ministre","status":"publish","type":"post","link":"https:\/\/www.africanchallenges.com\/?p=40003","title":{"rendered":"France : \u00c9lisabeth Borne nomm\u00e9e Premi\u00e8re ministre"},"content":{"rendered":"\n<p class=\"wp-block-paragraph\">En vertu de l\u2019<a href=\"https:\/\/www.conseil-constitutionnel.fr\/sites\/default\/files\/2021-09\/constitution.pdf\" target=\"_blank\" rel=\"noreferrer noopener\">article 8, alin\u00e9a 1, de la Constitution<\/a>, le pr\u00e9sident de la R\u00e9publique, Emmanuel Macron, a nomm\u00e9 Mme \u00c9lisabeth Borne Premi\u00e8re ministre et l\u2019a charg\u00e9e de former un Gouvernement.&nbsp;<br>\u00ab&nbsp;<em>Ch\u00e8re \u00c9lisabeth Borne,<br>Madame la Premi\u00e8re ministre,<br>\u00c9cologie, sant\u00e9, \u00e9ducation, plein-emploi, renaissance d\u00e9mocratique, Europe et s\u00e9curit\u00e9 : ensemble, avec le nouveau gouvernement, nous continuerons d&rsquo;agir sans rel\u00e2che pour les Fran\u00e7aises et les Fran\u00e7ais<\/em>&nbsp;\u00bb, a publi\u00e9 le chef de l&rsquo;\u00c9tat sur son compte Twitter.&nbsp;<\/p>\n\n\n\n<p class=\"wp-block-paragraph\"><strong>Avec AFP<\/strong><\/p>\n","protected":false},"excerpt":{"rendered":"<p>En vertu de l\u2019article 8, alin\u00e9a 1, de la Constitution, le pr\u00e9sident de la R\u00e9publique, Emmanuel Macron, a nomm\u00e9 Mme \u00c9lisabeth Borne Premi\u00e8re ministre et l\u2019a charg\u00e9e de former un Gouvernement.&nbsp;\u00ab&nbsp;Ch\u00e8re \u00c9lisabeth Borne,Madame la Premi\u00e8re ministre,\u00c9cologie, sant\u00e9, \u00e9ducation, plein-emploi, renaissance d\u00e9mocratique, Europe et s\u00e9curit\u00e9 : ensemble, avec le nouveau gouvernement, nous continuerons d&rsquo;agir sans rel\u00e2che [&hellip;]<\/p>\n","protected":false},"author":4,"featured_media":40004,"comment_status":"open","ping_status":"closed","sticky":false,"template":"","format":"standard","meta":{"content-type":"","jnews-multi-image_gallery":[],"jnews_single_post":{"subtitle":"","format":"standard","video":"","gallery":"","source_name":"","source_url":"","via_name":"","via_url":"","override_template":"0","override":[{"template":"1","single_blog_custom":"","parallax":"1","fullscreen":"1","layout":"right-sidebar","sidebar":"default-sidebar","second_sidebar":"default-sidebar","sticky_sidebar":"1","share_position":"top","share_float_style":"share-monocrhome","show_share_counter":"1","show_view_counter":"1","show_featured":"1","show_post_meta":"1","show_post_author":"1","show_post_author_image":"1","show_post_date":"1","post_date_format":"default","post_date_format_custom":"Y\/m\/d","show_post_category":"1","show_post_reading_time":"0","post_reading_time_wpm":"300","show_zoom_button":"0","zoom_button_out_step":"2","zoom_button_in_step":"3","show_post_tag":"1","show_prev_next_post":"1","show_popup_post":"1","number_popup_post":"1","show_author_box":"0","show_post_related":"0","show_inline_post_related":"0"}],"override_image_size":"0","image_override":[{"single_post_thumbnail_size":"crop-500","single_post_gallery_size":"crop-500"}],"trending_post":"0","trending_post_position":"meta","trending_post_label":"Trending","sponsored_post":"0","sponsored_post_label":"Sponsored by","sponsored_post_name":"","sponsored_post_url":"","sponsored_post_logo_enable":"0","sponsored_post_logo":"","sponsored_post_desc":"","disable_ad":"0"},"jnews_primary_category":{"id":""},"jnews_override_bookmark_settings":[],"jnews_review":[],"enable_review":"","type":"","name":"","summary":"","brand":"","sku":"","good":[],"bad":[],"score_override":"","override_value":"","rating":[],"price":[],"jnews_post_split":[],"footnotes":""},"categories":[6],"tags":[5991,8198,2317,245,8199],"class_list":["post-40003","post","type-post","status-publish","format-standard","has-post-thumbnail","hentry","category-world","tag-constitution","tag-elisabeth-borne","tag-emmanuel-macron","tag-france","tag-premiere-ministre"],"_links":{"self":[{"href":"https:\/\/www.africanchallenges.com\/index.php?rest_route=\/wp\/v2\/posts\/40003","targetHints":{"allow":["GET"]}}],"collection":[{"href":"https:\/\/www.africanchallenges.com\/index.php?rest_route=\/wp\/v2\/posts"}],"about":[{"href":"https:\/\/www.africanchallenges.com\/index.php?rest_route=\/wp\/v2\/types\/post"}],"author":[{"embeddable":true,"href":"https:\/\/www.africanchallenges.com\/index.php?rest_route=\/wp\/v2\/users\/4"}],"replies":[{"embeddable":true,"href":"https:\/\/www.africanchallenges.com\/index.php?rest_route=%2Fwp%2Fv2%2Fcomments&post=40003"}],"version-history":[{"count":2,"href":"https:\/\/www.africanchallenges.com\/index.php?rest_route=\/wp\/v2\/posts\/40003\/revisions"}],"predecessor-version":[{"id":40008,"href":"https:\/\/www.africanchallenges.com\/index.php?rest_route=\/wp\/v2\/posts\/40003\/revisions\/40008"}],"wp:featuredmedia":[{"embeddable":true,"href":"https:\/\/www.africanchallenges.com\/index.php?rest_route=\/wp\/v2\/media\/40004"}],"wp:attachment":[{"href":"https:\/\/www.africanchallenges.com\/index.php?rest_route=%2Fwp%2Fv2%2Fmedia&parent=40003"}],"wp:term":[{"taxonomy":"category","embeddable":true,"href":"https:\/\/www.africanchallenges.com\/index.php?rest_route=%2Fwp%2Fv2%2Fcategories&post=40003"},{"taxonomy":"post_tag","embeddable":true,"href":"https:\/\/www.africanchallenges.com\/index.php?rest_route=%2Fwp%2Fv2%2Ftags&post=40003"}],"curies":[{"name":"wp","href":"https:\/\/api.w.org\/{rel}","templated":true}]}}