{"id":39885,"date":"2022-05-10T18:41:06","date_gmt":"2022-05-10T18:41:06","guid":{"rendered":"https:\/\/www.africanchallenges.com\/?p=39885"},"modified":"2022-05-10T18:48:57","modified_gmt":"2022-05-10T18:48:57","slug":"la-tunisie-participe-a-la-celebration-du-72eme-anniversaire-de-la-journee-de-leurope","status":"publish","type":"post","link":"https:\/\/www.africanchallenges.com\/?p=39885","title":{"rendered":"La Tunisie participe \u00e0 la c\u00e9l\u00e9bration du 72\u00e8me anniversaire de la journ\u00e9e de l\u2019Europe"},"content":{"rendered":"\n<p class=\"wp-block-paragraph\">Le ministre des Affaires \u00e9trang\u00e8res, de la migration et des Tunisiens de l\u2019\u00e9tranger , Othman Jarandi a Particip\u00e9 \u00e0 la c\u00e9l\u00e9bration du 72\u00e8me anniversaire de la journ\u00e9e de l\u2019Europe, organis\u00e9e par la mission europ\u00e9enne en Tunisie sous le signe \u00ab des opportunit\u00e9s offertes \u00e0 la jeunesse tunisienne \u00bb , a indiqu\u00e9 un communiqu\u00e9 publi\u00e9 par le minist\u00e8re.<\/p>\n\n\n\n<p class=\"wp-block-paragraph\">&nbsp;Le &nbsp;chef de la diplomatie a r\u00e9it\u00e9r\u00e9 l\u2019attachement de la Tunisie au choix d\u00e9mocratique. \u00ab Notre pays vit un processus r\u00e9formateur instituant une d\u00e9mocratie r\u00e9elle et saine r\u00e9pondant aux aspirations des Tunisiens \u00bb, a-t-il soulign\u00e9.<\/p>\n\n\n\n<p class=\"wp-block-paragraph\">Othman Jarandi, a affirm\u00e9 la profondeur du dialogue politique entre la Tunisie et l\u2019Union europ\u00e9enne qui s\u2019est traduit, \u00e0 travers la visite du pr\u00e9sident de la r\u00e9publique en 2021 et 2022, \u00e0 Bruxelles.<\/p>\n\n\n\n<p class=\"wp-block-paragraph\">Cette profondeur s\u2019est \u00e9galement illustr\u00e9e \u00e0 travers la visite de hauts responsables europ\u00e9ens en Tunisie, notamment le pr\u00e9sident du Conseil europ\u00e9en et le commissaire \u00e0 la politique du voisinage, au cours de laquelle les deux parties ont affirm\u00e9 la n\u00e9cessit\u00e9 de relancer la coop\u00e9ration financi\u00e8re, ainsi que de promouvoir et diversifier le partenariat strat\u00e9gique, ce qui est de nature \u00e0 cr\u00e9er des opportunit\u00e9s pour les jeunes, et de raffermir les liens humains et historiques entre les deux rives de la M\u00e9diterran\u00e9e.<\/p>\n\n\n\n<p class=\"wp-block-paragraph\">Il a fait \u00e9tat de la d\u00e9termination de la Tunisie \u00e0 aller de l\u2019avant en mati\u00e8re de mise en \u0153uvre des r\u00e9formes politiques et \u00e9conomiques, appelant le partenaire europ\u00e9en \u00e0 l\u2019appuyer en cette conjoncture exceptionnelle.<\/p>\n\n\n\n<p class=\"wp-block-paragraph\">Pour sa part , l\u2019ambassadeur de l\u2019Union europ\u00e9enne en Tunisie, Marcus Cornaro, a salu\u00e9 \u00ab le niveau des relations tuniso-europ\u00e9ennes dans diff\u00e9rents domaines, exprimant sa conviction de la poursuite du soutien europ\u00e9en \u00e0 la Tunisie, en termes d\u2019attraction d\u2019investissement, de capital, outre son accompagnement en mati\u00e8re de concr\u00e9tisation des r\u00e9formes \u00e9conomiques en vue de cr\u00e9er les attributs d\u2019une \u00e9conomie nationale durable \u00bb.<\/p>\n\n\n\n<p class=\"wp-block-paragraph\">Cornaro a, par ailleurs, exprim\u00e9 l\u2019engagement de la partie europ\u00e9enne \u00ab \u00e0 renforcer la coop\u00e9ration et le partenariat dans le secteur de l\u2019enseignement et de la formation, et l\u2019appui \u00e0 la cr\u00e9ation des projets innovants, et des activit\u00e9s culturelles, civiles et associatives, pour donner des opportunit\u00e9s \u00e0 la jeunesse.<\/p>\n","protected":false},"excerpt":{"rendered":"<p>Le ministre des Affaires \u00e9trang\u00e8res, de la migration et des Tunisiens de l\u2019\u00e9tranger , Othman Jarandi a Particip\u00e9 \u00e0 la c\u00e9l\u00e9bration du 72\u00e8me anniversaire de la journ\u00e9e de l\u2019Europe, organis\u00e9e par la mission europ\u00e9enne en Tunisie sous le signe \u00ab des opportunit\u00e9s offertes \u00e0 la jeunesse tunisienne \u00bb , a indiqu\u00e9 un communiqu\u00e9 publi\u00e9 par [&hellip;]<\/p>\n","protected":false},"author":4,"featured_media":39886,"comment_status":"open","ping_status":"closed","sticky":false,"template":"","format":"standard","meta":{"content-type":"","jnews-multi-image_gallery":[],"jnews_single_post":{"subtitle":"","format":"standard","video":"","gallery":"","source_name":"","source_url":"","via_name":"","via_url":"","override_template":"0","override":[{"template":"1","single_blog_custom":"","parallax":"1","fullscreen":"1","layout":"right-sidebar","sidebar":"default-sidebar","second_sidebar":"default-sidebar","sticky_sidebar":"1","share_position":"top","share_float_style":"share-monocrhome","show_share_counter":"1","show_view_counter":"1","show_featured":"1","show_post_meta":"1","show_post_author":"1","show_post_author_image":"1","show_post_date":"1","post_date_format":"default","post_date_format_custom":"Y\/m\/d","show_post_category":"1","show_post_reading_time":"0","post_reading_time_wpm":"300","show_zoom_button":"0","zoom_button_out_step":"2","zoom_button_in_step":"3","show_post_tag":"1","show_prev_next_post":"1","show_popup_post":"1","number_popup_post":"1","show_author_box":"0","show_post_related":"0","show_inline_post_related":"0"}],"override_image_size":"0","image_override":[{"single_post_thumbnail_size":"crop-500","single_post_gallery_size":"crop-500"}],"trending_post":"0","trending_post_position":"meta","trending_post_label":"Trending","sponsored_post":"0","sponsored_post_label":"Sponsored by","sponsored_post_name":"","sponsored_post_url":"","sponsored_post_logo_enable":"0","sponsored_post_logo":"","sponsored_post_desc":"","disable_ad":"0"},"jnews_primary_category":{"id":""},"jnews_override_bookmark_settings":[],"jnews_review":[],"enable_review":"","type":"","name":"","summary":"","brand":"","sku":"","good":[],"bad":[],"score_override":"","override_value":"","rating":[],"price":[],"jnews_post_split":[],"footnotes":""},"categories":[2],"tags":[1963,7515,7573,54],"class_list":["post-39885","post","type-post","status-publish","format-standard","has-post-thumbnail","hentry","category-news-politique","tag-celebration","tag-marcus-cornaro","tag-othman-jarandi","tag-tunisie"],"_links":{"self":[{"href":"https:\/\/www.africanchallenges.com\/index.php?rest_route=\/wp\/v2\/posts\/39885","targetHints":{"allow":["GET"]}}],"collection":[{"href":"https:\/\/www.africanchallenges.com\/index.php?rest_route=\/wp\/v2\/posts"}],"about":[{"href":"https:\/\/www.africanchallenges.com\/index.php?rest_route=\/wp\/v2\/types\/post"}],"author":[{"embeddable":true,"href":"https:\/\/www.africanchallenges.com\/index.php?rest_route=\/wp\/v2\/users\/4"}],"replies":[{"embeddable":true,"href":"https:\/\/www.africanchallenges.com\/index.php?rest_route=%2Fwp%2Fv2%2Fcomments&post=39885"}],"version-history":[{"count":3,"href":"https:\/\/www.africanchallenges.com\/index.php?rest_route=\/wp\/v2\/posts\/39885\/revisions"}],"predecessor-version":[{"id":39890,"href":"https:\/\/www.africanchallenges.com\/index.php?rest_route=\/wp\/v2\/posts\/39885\/revisions\/39890"}],"wp:featuredmedia":[{"embeddable":true,"href":"https:\/\/www.africanchallenges.com\/index.php?rest_route=\/wp\/v2\/media\/39886"}],"wp:attachment":[{"href":"https:\/\/www.africanchallenges.com\/index.php?rest_route=%2Fwp%2Fv2%2Fmedia&parent=39885"}],"wp:term":[{"taxonomy":"category","embeddable":true,"href":"https:\/\/www.africanchallenges.com\/index.php?rest_route=%2Fwp%2Fv2%2Fcategories&post=39885"},{"taxonomy":"post_tag","embeddable":true,"href":"https:\/\/www.africanchallenges.com\/index.php?rest_route=%2Fwp%2Fv2%2Ftags&post=39885"}],"curies":[{"name":"wp","href":"https:\/\/api.w.org\/{rel}","templated":true}]}}