{"id":39825,"date":"2022-05-09T08:00:00","date_gmt":"2022-05-09T08:00:00","guid":{"rendered":"https:\/\/www.africanchallenges.com\/?p=39825"},"modified":"2022-05-08T22:59:26","modified_gmt":"2022-05-08T22:59:26","slug":"tunisie-les-questions-economiques-au-coeur-dun-entretien-telephonique-entre-saied-et-macron","status":"publish","type":"post","link":"https:\/\/www.africanchallenges.com\/?p=39825","title":{"rendered":"Tunisie : Les questions \u00e9conomiques au coeur d\u2019un entretien t\u00e9l\u00e9phonique entre Saied et Macron"},"content":{"rendered":"\n<p class=\"wp-block-paragraph\">Le pr\u00e9sident de la R\u00e9publique Ka\u00efs Sa\u00efed a eu le vendredi 06 mai,&nbsp; un entretien t\u00e9l\u00e9phonique avec son homologue fran\u00e7ais Emmanuel Macron, \u00e0 qui il a r\u00e9it\u00e9r\u00e9 ses f\u00e9licitations \u00e0 l\u2019occasion de sa r\u00e9\u00e9lection \u00e0 la t\u00eate de l\u2019Etat fran\u00e7ais, &nbsp;a indiqu\u00e9 u communiqu\u00e9 publi\u00e9 par Carthage.<\/p>\n\n\n\n<p class=\"wp-block-paragraph\">Les &nbsp;deux chefs d\u2019Etats ont pass\u00e9 en revue la marche des rapports d\u2019amiti\u00e9 et de coop\u00e9ration bilat\u00e9rale qu\u2019elle a qualifi\u00e9es de \u00ab solides et privil\u00e9gi\u00e9es \u00bb notamment \u00e0 la lumi\u00e8re de la conjoncture internationale au cours des deux derni\u00e8res ann\u00e9es.<\/p>\n\n\n\n<p class=\"wp-block-paragraph\">Un ensemble de questions \u00e9conomiques et financi\u00e8res ont \u00e9t\u00e9 \u00e9voqu\u00e9es en plus des relations de partenariat strat\u00e9gique unissant la Tunisie avec l\u2019Union Europ\u00e9enne, lit-on dans le m\u00eame communiqu\u00e9<\/p>\n","protected":false},"excerpt":{"rendered":"<p>Le pr\u00e9sident de la R\u00e9publique Ka\u00efs Sa\u00efed a eu le vendredi 06 mai,&nbsp; un entretien t\u00e9l\u00e9phonique avec son homologue fran\u00e7ais Emmanuel Macron, \u00e0 qui il a r\u00e9it\u00e9r\u00e9 ses f\u00e9licitations \u00e0 l\u2019occasion de sa r\u00e9\u00e9lection \u00e0 la t\u00eate de l\u2019Etat fran\u00e7ais, &nbsp;a indiqu\u00e9 u communiqu\u00e9 publi\u00e9 par Carthage. Les &nbsp;deux chefs d\u2019Etats ont pass\u00e9 en revue [&hellip;]<\/p>\n","protected":false},"author":4,"featured_media":17665,"comment_status":"open","ping_status":"closed","sticky":false,"template":"","format":"standard","meta":{"content-type":"","jnews-multi-image_gallery":[],"jnews_single_post":{"subtitle":"","format":"standard","video":"","gallery":"","source_name":"","source_url":"","via_name":"","via_url":"","override_template":"0","override":[{"template":"1","single_blog_custom":"","parallax":"1","fullscreen":"1","layout":"right-sidebar","sidebar":"default-sidebar","second_sidebar":"default-sidebar","sticky_sidebar":"1","share_position":"top","share_float_style":"share-monocrhome","show_share_counter":"1","show_view_counter":"1","show_featured":"1","show_post_meta":"1","show_post_author":"1","show_post_author_image":"1","show_post_date":"1","post_date_format":"default","post_date_format_custom":"Y\/m\/d","show_post_category":"1","show_post_reading_time":"0","post_reading_time_wpm":"300","show_zoom_button":"0","zoom_button_out_step":"2","zoom_button_in_step":"3","show_post_tag":"1","show_prev_next_post":"1","show_popup_post":"1","number_popup_post":"1","show_author_box":"0","show_post_related":"0","show_inline_post_related":"0"}],"override_image_size":"0","image_override":[{"single_post_thumbnail_size":"crop-500","single_post_gallery_size":"crop-500"}],"trending_post":"0","trending_post_position":"meta","trending_post_label":"Trending","sponsored_post":"0","sponsored_post_label":"Sponsored by","sponsored_post_name":"","sponsored_post_url":"","sponsored_post_logo_enable":"0","sponsored_post_logo":"","sponsored_post_desc":"","disable_ad":"0"},"jnews_primary_category":{"id":""},"jnews_override_bookmark_settings":[],"jnews_review":[],"enable_review":"","type":"","name":"","summary":"","brand":"","sku":"","good":[],"bad":[],"score_override":"","override_value":"","rating":[],"price":[],"jnews_post_split":[],"footnotes":""},"categories":[2],"tags":[1376,2317,5744,3694,8156],"class_list":["post-39825","post","type-post","status-publish","format-standard","has-post-thumbnail","hentry","category-news-politique","tag-cooperation-bilaterale","tag-emmanuel-macron","tag-entretien-telephonique","tag-kais-saied","tag-questions-economiques"],"_links":{"self":[{"href":"https:\/\/www.africanchallenges.com\/index.php?rest_route=\/wp\/v2\/posts\/39825","targetHints":{"allow":["GET"]}}],"collection":[{"href":"https:\/\/www.africanchallenges.com\/index.php?rest_route=\/wp\/v2\/posts"}],"about":[{"href":"https:\/\/www.africanchallenges.com\/index.php?rest_route=\/wp\/v2\/types\/post"}],"author":[{"embeddable":true,"href":"https:\/\/www.africanchallenges.com\/index.php?rest_route=\/wp\/v2\/users\/4"}],"replies":[{"embeddable":true,"href":"https:\/\/www.africanchallenges.com\/index.php?rest_route=%2Fwp%2Fv2%2Fcomments&post=39825"}],"version-history":[{"count":1,"href":"https:\/\/www.africanchallenges.com\/index.php?rest_route=\/wp\/v2\/posts\/39825\/revisions"}],"predecessor-version":[{"id":39826,"href":"https:\/\/www.africanchallenges.com\/index.php?rest_route=\/wp\/v2\/posts\/39825\/revisions\/39826"}],"wp:featuredmedia":[{"embeddable":true,"href":"https:\/\/www.africanchallenges.com\/index.php?rest_route=\/wp\/v2\/media\/17665"}],"wp:attachment":[{"href":"https:\/\/www.africanchallenges.com\/index.php?rest_route=%2Fwp%2Fv2%2Fmedia&parent=39825"}],"wp:term":[{"taxonomy":"category","embeddable":true,"href":"https:\/\/www.africanchallenges.com\/index.php?rest_route=%2Fwp%2Fv2%2Fcategories&post=39825"},{"taxonomy":"post_tag","embeddable":true,"href":"https:\/\/www.africanchallenges.com\/index.php?rest_route=%2Fwp%2Fv2%2Ftags&post=39825"}],"curies":[{"name":"wp","href":"https:\/\/api.w.org\/{rel}","templated":true}]}}