{"id":39575,"date":"2022-04-27T16:43:41","date_gmt":"2022-04-27T16:43:41","guid":{"rendered":"https:\/\/www.africanchallenges.com\/?p=39575"},"modified":"2022-04-27T16:45:43","modified_gmt":"2022-04-27T16:45:43","slug":"tunisie-le-conseil-des-ministres-adopte-des-projets-de-decrets-lois-et-de-decrets-presidentiels","status":"publish","type":"post","link":"https:\/\/www.africanchallenges.com\/?p=39575","title":{"rendered":"Tunisie : Le conseil des ministres\u00a0adopte des projets de d\u00e9crets lois et de d\u00e9crets pr\u00e9sidentiels"},"content":{"rendered":"\n<p class=\"wp-block-paragraph\">La cheffe du gouvernement, Nejla Bouden, a pr\u00e9sid\u00e9 hier, mardi 26 avril 2022, la r\u00e9union du Conseil des ministres au palais du gouvernement de la Kasbah.<\/p>\n\n\n\n<p class=\"wp-block-paragraph\">Le conseil a adopt\u00e9 des projets de d\u00e9crets lois et de d\u00e9crets pr\u00e9sidentiels&nbsp;:<\/p>\n\n\n\n<p class=\"wp-block-paragraph\">*Projet de d\u00e9cret-loi portant prolongement des d\u00e9lais de r\u00e9gularisation de la situation, au titre des dettes fiscales, des p\u00e9nalit\u00e9s et sanctions financi\u00e8res, li\u00e9es \u00e0 la d\u00e9claration d\u2019imp\u00f4t et aux d\u00e9clarations fiscales incompl\u00e8tes,<\/p>\n\n\n\n<p class=\"wp-block-paragraph\">* Projet de d\u00e9cret-loi portant approbation de l\u2019accord de pr\u00eat conclu \u00e0 la date du 06 avril 2022 entre la Tunisie et la Banque internationale de reconstruction et de d\u00e9veloppement (BIRD), en vue d\u2019un financement suppl\u00e9mentaire du projet de protection sociale pour une riposte urgente \u00e0 la pand\u00e9mie du Covid-19,<\/p>\n\n\n\n<p class=\"wp-block-paragraph\">*Projet de d\u00e9cret pr\u00e9sidentiel fixant les conditions et les proc\u00e9dures de cession au dinar symbolique, au profit de l\u2019agence fonci\u00e8re industrielle, de terres relevant du domaine priv\u00e9 de l\u2019Etat, pour la r\u00e9alisation de zones industrielles,<\/p>\n\n\n\n<p class=\"wp-block-paragraph\">*Projet de d\u00e9cret pr\u00e9sidentiel amendant et compl\u00e9tant le d\u00e9cret gouvernemental n\u2019o 635 de l\u2019ann\u00e9e 2017, r\u00e9gissant l\u2019organisation administrative et financi\u00e8re et les modes de gestion des biblioth\u00e8ques r\u00e9gionales.<\/p>\n","protected":false},"excerpt":{"rendered":"<p>La cheffe du gouvernement, Nejla Bouden, a pr\u00e9sid\u00e9 hier, mardi 26 avril 2022, la r\u00e9union du Conseil des ministres au palais du gouvernement de la Kasbah. Le conseil a adopt\u00e9 des projets de d\u00e9crets lois et de d\u00e9crets pr\u00e9sidentiels&nbsp;: *Projet de d\u00e9cret-loi portant prolongement des d\u00e9lais de r\u00e9gularisation de la situation, au titre des dettes [&hellip;]<\/p>\n","protected":false},"author":4,"featured_media":39576,"comment_status":"open","ping_status":"closed","sticky":false,"template":"","format":"standard","meta":{"content-type":"","jnews-multi-image_gallery":[],"jnews_single_post":{"subtitle":"","format":"standard","video":"","gallery":"","source_name":"","source_url":"","via_name":"","via_url":"","override_template":"0","override":[{"template":"1","single_blog_custom":"","parallax":"1","fullscreen":"1","layout":"right-sidebar","sidebar":"default-sidebar","second_sidebar":"default-sidebar","sticky_sidebar":"1","share_position":"top","share_float_style":"share-monocrhome","show_share_counter":"1","show_view_counter":"1","show_featured":"1","show_post_meta":"1","show_post_author":"1","show_post_author_image":"1","show_post_date":"1","post_date_format":"default","post_date_format_custom":"Y\/m\/d","show_post_category":"1","show_post_reading_time":"0","post_reading_time_wpm":"300","show_zoom_button":"0","zoom_button_out_step":"2","zoom_button_in_step":"3","show_post_tag":"1","show_prev_next_post":"1","show_popup_post":"1","number_popup_post":"1","show_author_box":"0","show_post_related":"0","show_inline_post_related":"0"}],"override_image_size":"0","image_override":[{"single_post_thumbnail_size":"crop-500","single_post_gallery_size":"crop-500"}],"trending_post":"0","trending_post_position":"meta","trending_post_label":"Trending","sponsored_post":"0","sponsored_post_label":"Sponsored by","sponsored_post_name":"","sponsored_post_url":"","sponsored_post_logo_enable":"0","sponsored_post_logo":"","sponsored_post_desc":"","disable_ad":"0"},"jnews_primary_category":{"id":""},"jnews_override_bookmark_settings":[],"jnews_review":[],"enable_review":"","type":"","name":"","summary":"","brand":"","sku":"","good":[],"bad":[],"score_override":"","override_value":"","rating":[],"price":[],"jnews_post_split":[],"footnotes":""},"categories":[1],"tags":[5118,8071,7005,7876,1797],"class_list":["post-39575","post","type-post","status-publish","format-standard","has-post-thumbnail","hentry","category-uncategorized","tag-conseil-des-ministres","tag-decrets-lois","tag-decrets-presidentiels","tag-nejla-bouden","tag-reunion"],"_links":{"self":[{"href":"https:\/\/www.africanchallenges.com\/index.php?rest_route=\/wp\/v2\/posts\/39575","targetHints":{"allow":["GET"]}}],"collection":[{"href":"https:\/\/www.africanchallenges.com\/index.php?rest_route=\/wp\/v2\/posts"}],"about":[{"href":"https:\/\/www.africanchallenges.com\/index.php?rest_route=\/wp\/v2\/types\/post"}],"author":[{"embeddable":true,"href":"https:\/\/www.africanchallenges.com\/index.php?rest_route=\/wp\/v2\/users\/4"}],"replies":[{"embeddable":true,"href":"https:\/\/www.africanchallenges.com\/index.php?rest_route=%2Fwp%2Fv2%2Fcomments&post=39575"}],"version-history":[{"count":2,"href":"https:\/\/www.africanchallenges.com\/index.php?rest_route=\/wp\/v2\/posts\/39575\/revisions"}],"predecessor-version":[{"id":39579,"href":"https:\/\/www.africanchallenges.com\/index.php?rest_route=\/wp\/v2\/posts\/39575\/revisions\/39579"}],"wp:featuredmedia":[{"embeddable":true,"href":"https:\/\/www.africanchallenges.com\/index.php?rest_route=\/wp\/v2\/media\/39576"}],"wp:attachment":[{"href":"https:\/\/www.africanchallenges.com\/index.php?rest_route=%2Fwp%2Fv2%2Fmedia&parent=39575"}],"wp:term":[{"taxonomy":"category","embeddable":true,"href":"https:\/\/www.africanchallenges.com\/index.php?rest_route=%2Fwp%2Fv2%2Fcategories&post=39575"},{"taxonomy":"post_tag","embeddable":true,"href":"https:\/\/www.africanchallenges.com\/index.php?rest_route=%2Fwp%2Fv2%2Ftags&post=39575"}],"curies":[{"name":"wp","href":"https:\/\/api.w.org\/{rel}","templated":true}]}}