{"id":39362,"date":"2022-04-19T11:31:23","date_gmt":"2022-04-19T11:31:23","guid":{"rendered":"https:\/\/www.africanchallenges.com\/?p=39362"},"modified":"2022-04-19T12:18:18","modified_gmt":"2022-04-19T12:18:18","slug":"tunisie-les-echeances-bilaterales-omra-et-hajj-au-coeur-de-la-rencontre-entre-jarandi-et-lambassadeur-darabie-saoudite","status":"publish","type":"post","link":"https:\/\/www.africanchallenges.com\/?p=39362","title":{"rendered":"Tunisie : Les \u00e9ch\u00e9ances bilat\u00e9rales, Omra et Hajj au c\u0153ur de la rencontre entre Jarandi et l\u2019ambassadeur d\u2019Arabie saoudite"},"content":{"rendered":"\n<p class=\"wp-block-paragraph\">Le ministre des Affaires \u00e9trang\u00e8res, de la Migration et des Tunisiens de l\u2019\u00e9tranger, Othman Jarandi, a re\u00e7u hier, lundi 18 avril, l\u2019ambassadeur d\u2019Arabie Saoudite en Tunisie, Abdelaziz ben Saker, lit-on dans un communiqu\u00e9 publi\u00e9 par le minist\u00e8re des Affaires \u00e9trang\u00e8res, de la Migration et des Tunisiens de l\u2019\u00e9tranger,.<\/p>\n\n\n\n<p class=\"wp-block-paragraph\">La rencontre \u00e9tait une occasion pour \u00ab&nbsp;affirmer la profondeur des liens fraternels et l\u2019anciennet\u00e9 des relations historiques entre les deux pays, et la d\u00e9termination de leurs dirigeants respectifs \u00e0 donner un nouvel \u00e9lan \u00e0 la coop\u00e9ration bilat\u00e9rale&nbsp;\u00bb.<\/p>\n\n\n\n<p class=\"wp-block-paragraph\">Les deux parties ont appel\u00e9 \u00ab&nbsp;\u00e0 promouvoir l\u2019\u00e9change des visites au plus haut niveau, \u00e0 bien pr\u00e9parer les prochaines \u00e9ch\u00e9ances bilat\u00e9rales, et \u00e0 en garantir la r\u00e9ussite, notamment la commission mixte tuniso-saoudienne devant se tenir \u00e0 Tunis, en vue de diversifier les domaines de coop\u00e9ration entre les deux pays, et de renforcer les \u00e9changes commerciaux bilat\u00e9raux.&nbsp;\u00bb<\/p>\n\n\n\n<p class=\"wp-block-paragraph\">Les deux parties ont \u00e9voqu\u00e9 le d\u00e9roulement de la saison de la Omra (petit p\u00e8lerinage), ainsi que les pr\u00e9paratifs pour la saison du Hajj, appelant \u00e0 la n\u00e9cessit\u00e9 de garantir les meilleures conditions aux p\u00e8lerins.<\/p>\n\n\n\n<p class=\"wp-block-paragraph\">Le ministre a exprim\u00e9 le soutien de la Tunisie aux efforts du Royaume pour faire r\u00e9gner la paix et la s\u00e9curit\u00e9 dans la r\u00e9gion, rappelant que notre pays a salu\u00e9 l\u2019annonce de la cr\u00e9ation d\u2019un Conseil pr\u00e9sidentiel au Y\u00e9men.<\/p>\n\n\n\n<p class=\"wp-block-paragraph\">\u00ab&nbsp;Tunis souhaite que ce pas repr\u00e9sente une nouvelle occasion pour parvenir \u00e0 un r\u00e8glement politique \u00e0 la crise au Y\u00e9men, ce qui est \u00e0 m\u00eame d\u2019en pr\u00e9server l\u2019unit\u00e9 et l\u2019inviolabilit\u00e9 territoriale, et r\u00e9pondre aux aspirations du peuple y\u00e9m\u00e9nite pour la s\u00e9curit\u00e9, la stabilit\u00e9 et le d\u00e9veloppement&nbsp;\u00bb.<\/p>\n","protected":false},"excerpt":{"rendered":"<p>Le ministre des Affaires \u00e9trang\u00e8res, de la Migration et des Tunisiens de l\u2019\u00e9tranger, Othman Jarandi, a re\u00e7u hier, lundi 18 avril, l\u2019ambassadeur d\u2019Arabie Saoudite en Tunisie, Abdelaziz ben Saker, lit-on dans un communiqu\u00e9 publi\u00e9 par le minist\u00e8re des Affaires \u00e9trang\u00e8res, de la Migration et des Tunisiens de l\u2019\u00e9tranger,. La rencontre \u00e9tait une occasion pour \u00ab&nbsp;affirmer [&hellip;]<\/p>\n","protected":false},"author":4,"featured_media":39364,"comment_status":"open","ping_status":"closed","sticky":false,"template":"","format":"standard","meta":{"content-type":"","jnews-multi-image_gallery":[],"jnews_single_post":{"subtitle":"","format":"standard","video":"","gallery":"","source_name":"","source_url":"","via_name":"","via_url":"","override_template":"0","override":[{"template":"1","single_blog_custom":"","parallax":"1","fullscreen":"1","layout":"right-sidebar","sidebar":"default-sidebar","second_sidebar":"default-sidebar","sticky_sidebar":"1","share_position":"top","share_float_style":"share-monocrhome","show_share_counter":"1","show_view_counter":"1","show_featured":"1","show_post_meta":"1","show_post_author":"1","show_post_author_image":"1","show_post_date":"1","post_date_format":"default","post_date_format_custom":"Y\/m\/d","show_post_category":"1","show_post_reading_time":"0","post_reading_time_wpm":"300","show_zoom_button":"0","zoom_button_out_step":"2","zoom_button_in_step":"3","show_post_tag":"1","show_prev_next_post":"1","show_popup_post":"1","number_popup_post":"1","show_author_box":"0","show_post_related":"0","show_inline_post_related":"0"}],"override_image_size":"0","image_override":[{"single_post_thumbnail_size":"crop-500","single_post_gallery_size":"crop-500"}],"trending_post":"0","trending_post_position":"meta","trending_post_label":"Trending","sponsored_post":"0","sponsored_post_label":"Sponsored by","sponsored_post_name":"","sponsored_post_url":"","sponsored_post_logo_enable":"0","sponsored_post_logo":"","sponsored_post_desc":"","disable_ad":"0"},"jnews_primary_category":{"id":""},"jnews_override_bookmark_settings":[],"jnews_review":[],"enable_review":"","type":"","name":"","summary":"","brand":"","sku":"","good":[],"bad":[],"score_override":"","override_value":"","rating":[],"price":[],"jnews_post_split":[],"footnotes":""},"categories":[2],"tags":[7994,7990,7991,7503,7573,1282],"class_list":["post-39362","post","type-post","status-publish","format-standard","has-post-thumbnail","hentry","category-news-politique","tag-abdelaziz-ben-saker","tag-echeances-bilaterales","tag-hajj","tag-omra","tag-othman-jarandi","tag-rencontre"],"_links":{"self":[{"href":"https:\/\/www.africanchallenges.com\/index.php?rest_route=\/wp\/v2\/posts\/39362","targetHints":{"allow":["GET"]}}],"collection":[{"href":"https:\/\/www.africanchallenges.com\/index.php?rest_route=\/wp\/v2\/posts"}],"about":[{"href":"https:\/\/www.africanchallenges.com\/index.php?rest_route=\/wp\/v2\/types\/post"}],"author":[{"embeddable":true,"href":"https:\/\/www.africanchallenges.com\/index.php?rest_route=\/wp\/v2\/users\/4"}],"replies":[{"embeddable":true,"href":"https:\/\/www.africanchallenges.com\/index.php?rest_route=%2Fwp%2Fv2%2Fcomments&post=39362"}],"version-history":[{"count":1,"href":"https:\/\/www.africanchallenges.com\/index.php?rest_route=\/wp\/v2\/posts\/39362\/revisions"}],"predecessor-version":[{"id":39363,"href":"https:\/\/www.africanchallenges.com\/index.php?rest_route=\/wp\/v2\/posts\/39362\/revisions\/39363"}],"wp:featuredmedia":[{"embeddable":true,"href":"https:\/\/www.africanchallenges.com\/index.php?rest_route=\/wp\/v2\/media\/39364"}],"wp:attachment":[{"href":"https:\/\/www.africanchallenges.com\/index.php?rest_route=%2Fwp%2Fv2%2Fmedia&parent=39362"}],"wp:term":[{"taxonomy":"category","embeddable":true,"href":"https:\/\/www.africanchallenges.com\/index.php?rest_route=%2Fwp%2Fv2%2Fcategories&post=39362"},{"taxonomy":"post_tag","embeddable":true,"href":"https:\/\/www.africanchallenges.com\/index.php?rest_route=%2Fwp%2Fv2%2Ftags&post=39362"}],"curies":[{"name":"wp","href":"https:\/\/api.w.org\/{rel}","templated":true}]}}