{"id":39262,"date":"2022-04-14T17:08:29","date_gmt":"2022-04-14T17:08:29","guid":{"rendered":"https:\/\/www.africanchallenges.com\/?p=39262"},"modified":"2022-04-14T17:35:20","modified_gmt":"2022-04-14T17:35:20","slug":"tunisie-revision-du-systeme-des-compensations-en-tunisie","status":"publish","type":"post","link":"https:\/\/www.africanchallenges.com\/?p=39262","title":{"rendered":"Tunisie : R\u00e9vision du syst\u00e8me des compensations en Tunisie"},"content":{"rendered":"\n<p class=\"wp-block-paragraph\">La cheffe du gouvernement,&nbsp;Najla&nbsp;Bouden, a pr\u00e9sid\u00e9 une s\u00e9ance de travail relative \u00e0 la r\u00e9vision du syst\u00e8me des compensations.&nbsp;Elle a, \u00e9galement, pr\u00e9sid\u00e9, le 14 avril 2022, un conseil minist\u00e9riel durant lequel les textes de loi suivants ont \u00e9t\u00e9 promulgu\u00e9s :<\/p>\n\n\n\n<p class=\"wp-block-paragraph\">&#8211;&nbsp;D\u00e9cret portant&nbsp;approbation&nbsp;de l\u2019accord de pr\u00eat conclu entre la Banque Centrale de Tunisie au nom et au profit de la R\u00e9publique Tunisienne et la banque africaine d\u2019import-export&nbsp;Afreximbank&nbsp;afin de financer le budget de l&rsquo;Etat.<\/p>\n\n\n\n<p class=\"wp-block-paragraph\">&#8211;&nbsp;D\u00e9cret portant&nbsp;approbation&nbsp;de l\u2019accord de pr\u00eat conclu le 7 mars 2022 entre la R\u00e9publique tunisienne et la Banque&nbsp;africaine&nbsp;de d\u00e9veloppement afin de contribuer au financement du projet de d\u00e9veloppement des infrastructures routi\u00e8res &#8211; Phase 2.<\/p>\n\n\n\n<p class=\"wp-block-paragraph\">&#8211;&nbsp;D\u00e9cret-pr\u00e9sidentiel fixant l\u2019organisation et les attributions de l\u2019instance g\u00e9n\u00e9rale de partenariat public priv\u00e9<\/p>\n\n\n\n<p class=\"wp-block-paragraph\">&#8211;&nbsp;D\u00e9cret-pr\u00e9sidentiel fixant les proc\u00e9dures exceptionnelles applicables aux commandes publiques li\u00e9es \u00e0 l&rsquo;organisation de la huiti\u00e8me \u00e9dition de la Conf\u00e9rence internationale de Tokyo sur le d\u00e9veloppement de l&rsquo;Afrique&nbsp;(TICAD8).<\/p>\n\n\n\n<p class=\"wp-block-paragraph\">&#8211;&nbsp;D\u00e9cret-pr\u00e9sidentiel fixant les dispositions exceptionnelles d\u2019octroi de promotion au nom de l\u2019ann\u00e9e 2021 et 2022, et de bonification au titre des ann\u00e9es d&rsquo;anciennet\u00e9 pour les agents des services des douanes.<\/p>\n\n\n\n<p class=\"wp-block-paragraph\">&#8211;&nbsp;D\u00e9cret-pr\u00e9sidentiel fixant les modalit\u00e9s d&rsquo;octroi des licences d&rsquo;exportation d&rsquo;huile d&rsquo;olive tunisienne aux exportateurs priv\u00e9s dans le cadre du&nbsp;parts&nbsp;annuelles accord\u00e9es \u00e0 la Tunisie par l&rsquo;Union europ\u00e9enne.<\/p>\n\n\n\n<p class=\"wp-block-paragraph\">&#8211;&nbsp;D\u00e9cret-pr\u00e9sidentiel portant&nbsp;expropriation&nbsp;pour cause d&rsquo;utilit\u00e9 publique des terrains situ\u00e9s dans le gouvernorat de B\u00e9ja dans le cadre de la construction du passage sup\u00e9rieur&nbsp;OA8&nbsp;sur l&rsquo;autoroute Oued&nbsp;Zarga-Bou&nbsp;Salem.<\/p>\n\n\n\n<p class=\"wp-block-paragraph\">&#8211;&nbsp;D\u00e9cret-pr\u00e9sidentiel portant&nbsp;expropriation&nbsp;pour cause d&rsquo;utilit\u00e9 publique d&rsquo;un terrain situ\u00e9 dans la d\u00e9l\u00e9gation de&nbsp;Jelma&nbsp;du gouvernorat de Sidi&nbsp;Bouzid&nbsp;et n\u00e9cessaire \u00e0 la r\u00e9alisation du projet de raccordement de l&rsquo;autoroute Kairouan, Sidi&nbsp;Bouzid, Kasserine, Gafsa.<\/p>\n\n\n\n<p class=\"wp-block-paragraph\">&#8211;&nbsp;D\u00e9cret-pr\u00e9sidentiel portant&nbsp;expropriation&nbsp;pour cause d&rsquo;utilit\u00e9 publique de terrains situ\u00e9s dans la d\u00e9l\u00e9gation de M\u00e9denine Sud du gouvernorat de M\u00e9denine, n\u00e9cessaires \u00e0 la liaison entre Tataouine et l&rsquo;autoroute A1.<\/p>\n","protected":false},"excerpt":{"rendered":"<p>La cheffe du gouvernement,&nbsp;Najla&nbsp;Bouden, a pr\u00e9sid\u00e9 une s\u00e9ance de travail relative \u00e0 la r\u00e9vision du syst\u00e8me des compensations.&nbsp;Elle a, \u00e9galement, pr\u00e9sid\u00e9, le 14 avril 2022, un conseil minist\u00e9riel durant lequel les textes de loi suivants ont \u00e9t\u00e9 promulgu\u00e9s : &#8211;&nbsp;D\u00e9cret portant&nbsp;approbation&nbsp;de l\u2019accord de pr\u00eat conclu entre la Banque Centrale de Tunisie au nom et au [&hellip;]<\/p>\n","protected":false},"author":4,"featured_media":39263,"comment_status":"open","ping_status":"closed","sticky":false,"template":"","format":"standard","meta":{"content-type":"","jnews-multi-image_gallery":[],"jnews_single_post":{"subtitle":"","format":"standard","video":"","gallery":"","source_name":"","source_url":"","via_name":"","via_url":"","override_template":"0","override":[{"template":"1","single_blog_custom":"","parallax":"1","fullscreen":"1","layout":"right-sidebar","sidebar":"default-sidebar","second_sidebar":"default-sidebar","sticky_sidebar":"1","share_position":"top","share_float_style":"share-monocrhome","show_share_counter":"1","show_view_counter":"1","show_featured":"1","show_post_meta":"1","show_post_author":"1","show_post_author_image":"1","show_post_date":"1","post_date_format":"default","post_date_format_custom":"Y\/m\/d","show_post_category":"1","show_post_reading_time":"0","post_reading_time_wpm":"300","show_zoom_button":"0","zoom_button_out_step":"2","zoom_button_in_step":"3","show_post_tag":"1","show_prev_next_post":"1","show_popup_post":"1","number_popup_post":"1","show_author_box":"0","show_post_related":"0","show_inline_post_related":"0"}],"override_image_size":"0","image_override":[{"single_post_thumbnail_size":"crop-500","single_post_gallery_size":"crop-500"}],"trending_post":"0","trending_post_position":"meta","trending_post_label":"Trending","sponsored_post":"0","sponsored_post_label":"Sponsored by","sponsored_post_name":"","sponsored_post_url":"","sponsored_post_logo_enable":"0","sponsored_post_logo":"","sponsored_post_desc":"","disable_ad":"0"},"jnews_primary_category":{"id":""},"jnews_override_bookmark_settings":[],"jnews_review":[],"enable_review":"","type":"","name":"","summary":"","brand":"","sku":"","good":[],"bad":[],"score_override":"","override_value":"","rating":[],"price":[],"jnews_post_split":[],"footnotes":""},"categories":[7950],"tags":[7876,6764,7949,54],"class_list":["post-39262","post","type-post","status-publish","format-standard","has-post-thumbnail","hentry","category-politique","tag-nejla-bouden","tag-revision","tag-systeme-des-compensations","tag-tunisie"],"_links":{"self":[{"href":"https:\/\/www.africanchallenges.com\/index.php?rest_route=\/wp\/v2\/posts\/39262","targetHints":{"allow":["GET"]}}],"collection":[{"href":"https:\/\/www.africanchallenges.com\/index.php?rest_route=\/wp\/v2\/posts"}],"about":[{"href":"https:\/\/www.africanchallenges.com\/index.php?rest_route=\/wp\/v2\/types\/post"}],"author":[{"embeddable":true,"href":"https:\/\/www.africanchallenges.com\/index.php?rest_route=\/wp\/v2\/users\/4"}],"replies":[{"embeddable":true,"href":"https:\/\/www.africanchallenges.com\/index.php?rest_route=%2Fwp%2Fv2%2Fcomments&post=39262"}],"version-history":[{"count":1,"href":"https:\/\/www.africanchallenges.com\/index.php?rest_route=\/wp\/v2\/posts\/39262\/revisions"}],"predecessor-version":[{"id":39264,"href":"https:\/\/www.africanchallenges.com\/index.php?rest_route=\/wp\/v2\/posts\/39262\/revisions\/39264"}],"wp:featuredmedia":[{"embeddable":true,"href":"https:\/\/www.africanchallenges.com\/index.php?rest_route=\/wp\/v2\/media\/39263"}],"wp:attachment":[{"href":"https:\/\/www.africanchallenges.com\/index.php?rest_route=%2Fwp%2Fv2%2Fmedia&parent=39262"}],"wp:term":[{"taxonomy":"category","embeddable":true,"href":"https:\/\/www.africanchallenges.com\/index.php?rest_route=%2Fwp%2Fv2%2Fcategories&post=39262"},{"taxonomy":"post_tag","embeddable":true,"href":"https:\/\/www.africanchallenges.com\/index.php?rest_route=%2Fwp%2Fv2%2Ftags&post=39262"}],"curies":[{"name":"wp","href":"https:\/\/api.w.org\/{rel}","templated":true}]}}