{"id":39196,"date":"2022-04-13T09:24:29","date_gmt":"2022-04-13T09:24:29","guid":{"rendered":"https:\/\/www.africanchallenges.com\/?p=39196"},"modified":"2022-04-13T09:32:35","modified_gmt":"2022-04-13T09:32:35","slug":"tunisi-e-le-chef-de-letat-kais-saied-rappelle-la-notion-de-souverainete","status":"publish","type":"post","link":"https:\/\/www.africanchallenges.com\/?p=39196","title":{"rendered":"Tunisie: Le chef de l&rsquo;Etat, Kais Saied \u00a0rappelle la notion de souverainet\u00e9 lors de sa rencontre avec l\u2019\u00e9missaire sp\u00e9cial du pr\u00e9sident fran\u00e7ais, Emmanuel Macron, Gilles Kepel"},"content":{"rendered":"\n<p class=\"wp-block-paragraph\">Le pr\u00e9sident de la r\u00e9publique, Ka\u00efs Sa\u00efed, a re\u00e7u hier &nbsp;mardi 12 avril \u00e0 Carthage, l\u2019\u00e9missaire sp\u00e9cial du pr\u00e9sident fran\u00e7ais, Emmanuel Macron, Gilles Kepel.<\/p>\n\n\n\n<p class=\"wp-block-paragraph\">La rencontre a port\u00e9 sur \u00ab les relations d\u2019amiti\u00e9 et de coop\u00e9ration fructueuse entre la Tunisie et la France \u00bb, outre \u00ab l\u2019\u00e9change de points de vue au sujet des questions li\u00e9es \u00e0 la situation g\u00e9n\u00e9rale dans la r\u00e9gion et le monde, \u00e0 la lumi\u00e8re des changements et crises successives et leurs r\u00e9percussions r\u00e9gionales et internationales \u00bb.<\/p>\n\n\n\n<p class=\"wp-block-paragraph\">Les deux parties ont, par ailleurs, affirm\u00e9 \u00ab la foi conjointe dans les valeurs de libert\u00e9, de d\u00e9mocratie et de pr\u00e9servation des droits de l\u2019homme \u00bb.<\/p>\n\n\n\n<p class=\"wp-block-paragraph\">Le chef de l\u2019Etat a d\u00e9clar\u00e9 dans une vid\u00e9o publi\u00e9 par l pr\u00e9sidence de la R\u00e9publique \u00ab Les id\u00e9es ont \u00e9volu\u00e9, mais les concepts sont rest\u00e9s fig\u00e9s \u00bb, pr\u00f4nant \u00ab de nouveaux concepts qui soient au diapason avec les nouvelles id\u00e9es qui surgissent dans le monde \u00bb.<\/p>\n\n\n\n<p class=\"wp-block-paragraph\">Saied a soulign\u00e9 \u00ab Les relations entre la Tunisie et la France sont privil\u00e9gi\u00e9es, nous avons d\u00e9pass\u00e9 ensemble le 19\u00e8me si\u00e8cle, l\u2019\u00e8re de Jules Ferry est r\u00e9volue \u00bb.<\/p>\n\n\n\n<p class=\"wp-block-paragraph\">Le pr\u00e9sident de la R\u00e9publique &nbsp;a \u00e9voqu\u00e9 \u00ab les relations de bon voisinage avec la France, avec de nouvelles perspectives et une l\u00e9gitimit\u00e9 r\u00e9elle du pouvoir \u00bb. \u00ab Parfois, il y a une pseudo-l\u00e9galit\u00e9 pour que la l\u00e9galit\u00e9 soit l\u00e9gitime, il faut qu\u2019elle soit l\u2019expression de la volont\u00e9 g\u00e9n\u00e9rale \u00bb, a-t-il ajout\u00e9.<\/p>\n\n\n\n<p class=\"wp-block-paragraph\">Dans une d\u00e9claration au terme de la rencontre, Gilles Kepel a inscrit sa rencontre avec Ka\u00efs Sa\u00efed dans le cadre de \u00ab la mission qui lui a \u00e9t\u00e9 confi\u00e9e par le pr\u00e9sident de la r\u00e9publique fran\u00e7ais, Emmanuel Macron \u00bb.<\/p>\n\n\n\n<p class=\"wp-block-paragraph\">Kepel &nbsp;a indiqu\u00e9 \u00ab Nous avons \u00e9chang\u00e9 sur la situation internationale, sur l\u2019avenir de nos relations dans un cadre international profond\u00e9ment boulevers\u00e9, qui demandait une remise \u00e0 niveau d\u2019un certain nombre des grands concepts, lesquels d\u00e9terminent \u00e0 la fois les relations internationales et la situation politique marqu\u00e9e par des \u00e9ch\u00e9ances dans nos deux pays \u00bb.<\/p>\n","protected":false},"excerpt":{"rendered":"<p>Le pr\u00e9sident de la r\u00e9publique, Ka\u00efs Sa\u00efed, a re\u00e7u hier &nbsp;mardi 12 avril \u00e0 Carthage, l\u2019\u00e9missaire sp\u00e9cial du pr\u00e9sident fran\u00e7ais, Emmanuel Macron, Gilles Kepel. La rencontre a port\u00e9 sur \u00ab les relations d\u2019amiti\u00e9 et de coop\u00e9ration fructueuse entre la Tunisie et la France \u00bb, outre \u00ab l\u2019\u00e9change de points de vue au sujet des questions [&hellip;]<\/p>\n","protected":false},"author":4,"featured_media":39197,"comment_status":"open","ping_status":"closed","sticky":false,"template":"","format":"standard","meta":{"content-type":"","jnews-multi-image_gallery":[],"jnews_single_post":{"subtitle":"","format":"standard","video":"","gallery":"","source_name":"","source_url":"","via_name":"","via_url":"","override_template":"0","override":[{"template":"1","single_blog_custom":"","parallax":"1","fullscreen":"1","layout":"right-sidebar","sidebar":"default-sidebar","second_sidebar":"default-sidebar","sticky_sidebar":"1","share_position":"top","share_float_style":"share-monocrhome","show_share_counter":"1","show_view_counter":"1","show_featured":"1","show_post_meta":"1","show_post_author":"1","show_post_author_image":"1","show_post_date":"1","post_date_format":"default","post_date_format_custom":"Y\/m\/d","show_post_category":"1","show_post_reading_time":"0","post_reading_time_wpm":"300","show_zoom_button":"0","zoom_button_out_step":"2","zoom_button_in_step":"3","show_post_tag":"1","show_prev_next_post":"1","show_popup_post":"1","number_popup_post":"1","show_author_box":"0","show_post_related":"0","show_inline_post_related":"0"}],"override_image_size":"0","image_override":[{"single_post_thumbnail_size":"crop-500","single_post_gallery_size":"crop-500"}],"trending_post":"0","trending_post_position":"meta","trending_post_label":"Trending","sponsored_post":"0","sponsored_post_label":"Sponsored by","sponsored_post_name":"","sponsored_post_url":"","sponsored_post_logo_enable":"0","sponsored_post_logo":"","sponsored_post_desc":"","disable_ad":"0"},"jnews_primary_category":{"id":""},"jnews_override_bookmark_settings":[],"jnews_review":[],"enable_review":"","type":"","name":"","summary":"","brand":"","sku":"","good":[],"bad":[],"score_override":"","override_value":"","rating":[],"price":[],"jnews_post_split":[],"footnotes":""},"categories":[2],"tags":[7916,3712,1282],"class_list":["post-39196","post","type-post","status-publish","format-standard","has-post-thumbnail","hentry","category-news-politique","tag-gilles-kepel","tag-kais-saied-2","tag-rencontre"],"_links":{"self":[{"href":"https:\/\/www.africanchallenges.com\/index.php?rest_route=\/wp\/v2\/posts\/39196","targetHints":{"allow":["GET"]}}],"collection":[{"href":"https:\/\/www.africanchallenges.com\/index.php?rest_route=\/wp\/v2\/posts"}],"about":[{"href":"https:\/\/www.africanchallenges.com\/index.php?rest_route=\/wp\/v2\/types\/post"}],"author":[{"embeddable":true,"href":"https:\/\/www.africanchallenges.com\/index.php?rest_route=\/wp\/v2\/users\/4"}],"replies":[{"embeddable":true,"href":"https:\/\/www.africanchallenges.com\/index.php?rest_route=%2Fwp%2Fv2%2Fcomments&post=39196"}],"version-history":[{"count":3,"href":"https:\/\/www.africanchallenges.com\/index.php?rest_route=\/wp\/v2\/posts\/39196\/revisions"}],"predecessor-version":[{"id":39201,"href":"https:\/\/www.africanchallenges.com\/index.php?rest_route=\/wp\/v2\/posts\/39196\/revisions\/39201"}],"wp:featuredmedia":[{"embeddable":true,"href":"https:\/\/www.africanchallenges.com\/index.php?rest_route=\/wp\/v2\/media\/39197"}],"wp:attachment":[{"href":"https:\/\/www.africanchallenges.com\/index.php?rest_route=%2Fwp%2Fv2%2Fmedia&parent=39196"}],"wp:term":[{"taxonomy":"category","embeddable":true,"href":"https:\/\/www.africanchallenges.com\/index.php?rest_route=%2Fwp%2Fv2%2Fcategories&post=39196"},{"taxonomy":"post_tag","embeddable":true,"href":"https:\/\/www.africanchallenges.com\/index.php?rest_route=%2Fwp%2Fv2%2Ftags&post=39196"}],"curies":[{"name":"wp","href":"https:\/\/api.w.org\/{rel}","templated":true}]}}