{"id":39152,"date":"2022-04-12T09:14:22","date_gmt":"2022-04-12T09:14:22","guid":{"rendered":"https:\/\/www.africanchallenges.com\/?p=39152"},"modified":"2022-04-12T10:25:40","modified_gmt":"2022-04-12T10:25:40","slug":"tunisie-la-cheffe-du-gouvernement-nejla-bouden-recoit-lemissaire-demmanuel-macron","status":"publish","type":"post","link":"https:\/\/www.africanchallenges.com\/?p=39152","title":{"rendered":"Tunisie : La cheffe du gouvernement, Nejla Bouden re\u00e7oit l\u2019\u00e9missaire d\u2019Emmanuel Macron"},"content":{"rendered":"\n<p class=\"wp-block-paragraph\">La cheffe du gouvernement, N\u00e9jla Bouden, a re\u00e7u hier soir, lundi 11 avril 2022, au palais du gouvernement de la Kasbah, l\u2019\u00e9missaire sp\u00e9cial du pr\u00e9sident fran\u00e7ais, l\u2019acad\u00e9micien, Gilles Kepel, en pr\u00e9sence de &nbsp;l\u2019ambassadeur de France \u00e0 Tunis, Andr\u00e9 Parant.<\/p>\n\n\n\n<p class=\"wp-block-paragraph\">La rencontre a port\u00e9 sur \u00ab la consolidation de la coop\u00e9ration bilat\u00e9rale en mati\u00e8re de la protection de la jeunesse contre l\u2019extr\u00e9misme violent \u00bb, a &nbsp;indiqu\u00e9 un communiqu\u00e9 publi\u00e9 ce mardi 12 avril par la pr\u00e9sidence du gouvernement .<\/p>\n\n\n\n<p class=\"wp-block-paragraph\">La cheffe du gouvernement &nbsp;a affirm\u00e9 \u00ab le r\u00f4le de l\u2019Etat en mati\u00e8re d\u2019att\u00e9nuation des disparit\u00e9s r\u00e9gionales et sociales \u00e0 travers la cons\u00e9cration des r\u00e9formes structurelles, et le d\u00e9veloppement du dispositif scolaire et universitaire d\u2019un c\u00f4t\u00e9, et l\u2019importance d\u2019encadrer et de former les jeunes, pour en faciliter l\u2019insertion dans la vie professionnelle et dans la soci\u00e9t\u00e9, et leur pr\u00e9servation des dangers du fanatisme, de l\u2019extr\u00e9misme violent et l\u2019\u00e9migration clandestine, de l\u2019autre \u00bb.<\/p>\n\n\n\n<p class=\"wp-block-paragraph\">Pour sa part, Gilles Kepel a affirm\u00e9 avoir \u00e9t\u00e9 charg\u00e9 au mois de janvier de \u00ab l\u2019\u00e9laboration d\u2019un rapport sur les r\u00e9percussions des changements survenus dans le bassin Sud et Est de la M\u00e9diterran\u00e9e, et aussi la r\u00e9gion du Sahel et du Sahara sur la soci\u00e9t\u00e9 fran\u00e7aise, notamment pour ce qui est de l\u2019Islam de France \u00bb.<\/p>\n\n\n\n<p class=\"wp-block-paragraph\">L\u2019\u00e9missaire d\u2019Emanuel Macron a affirm\u00e9 l\u2019importance de l\u2019\u00e9change d\u2019exp\u00e9riences et de points de vue entre les deux rives de la M\u00e9diterran\u00e9e, notamment la Tunisie, la France et l\u2019Italie, pour connaitre les raisons du ph\u00e9nom\u00e8ne de l\u2019extr\u00e9misme violent dans nos soci\u00e9t\u00e9s et les moyens d\u2019y pallier.<\/p>\n","protected":false},"excerpt":{"rendered":"<p>La cheffe du gouvernement, N\u00e9jla Bouden, a re\u00e7u hier soir, lundi 11 avril 2022, au palais du gouvernement de la Kasbah, l\u2019\u00e9missaire sp\u00e9cial du pr\u00e9sident fran\u00e7ais, l\u2019acad\u00e9micien, Gilles Kepel, en pr\u00e9sence de &nbsp;l\u2019ambassadeur de France \u00e0 Tunis, Andr\u00e9 Parant. La rencontre a port\u00e9 sur \u00ab la consolidation de la coop\u00e9ration bilat\u00e9rale en mati\u00e8re de la [&hellip;]<\/p>\n","protected":false},"author":4,"featured_media":39153,"comment_status":"open","ping_status":"closed","sticky":false,"template":"","format":"standard","meta":{"content-type":"","jnews-multi-image_gallery":[],"jnews_single_post":{"subtitle":"","format":"standard","video":"","gallery":"","source_name":"","source_url":"","via_name":"","via_url":"","override_template":"0","override":[{"template":"1","single_blog_custom":"","parallax":"1","fullscreen":"1","layout":"right-sidebar","sidebar":"default-sidebar","second_sidebar":"default-sidebar","sticky_sidebar":"1","share_position":"top","share_float_style":"share-monocrhome","show_share_counter":"1","show_view_counter":"1","show_featured":"1","show_post_meta":"1","show_post_author":"1","show_post_author_image":"1","show_post_date":"1","post_date_format":"default","post_date_format_custom":"Y\/m\/d","show_post_category":"1","show_post_reading_time":"0","post_reading_time_wpm":"300","show_zoom_button":"0","zoom_button_out_step":"2","zoom_button_in_step":"3","show_post_tag":"1","show_prev_next_post":"1","show_popup_post":"1","number_popup_post":"1","show_author_box":"0","show_post_related":"0","show_inline_post_related":"0"}],"override_image_size":"0","image_override":[{"single_post_thumbnail_size":"crop-500","single_post_gallery_size":"crop-500"}],"trending_post":"0","trending_post_position":"meta","trending_post_label":"Trending","sponsored_post":"0","sponsored_post_label":"Sponsored by","sponsored_post_name":"","sponsored_post_url":"","sponsored_post_logo_enable":"0","sponsored_post_logo":"","sponsored_post_desc":"","disable_ad":"0"},"jnews_primary_category":{"id":""},"jnews_override_bookmark_settings":[],"jnews_review":[],"enable_review":"","type":"","name":"","summary":"","brand":"","sku":"","good":[],"bad":[],"score_override":"","override_value":"","rating":[],"price":[],"jnews_post_split":[],"footnotes":""},"categories":[2],"tags":[6001,7916,5475,7876],"class_list":["post-39152","post","type-post","status-publish","format-standard","has-post-thumbnail","hentry","category-news-politique","tag-andre-parant","tag-gilles-kepel","tag-la-kasbah","tag-nejla-bouden"],"_links":{"self":[{"href":"https:\/\/www.africanchallenges.com\/index.php?rest_route=\/wp\/v2\/posts\/39152","targetHints":{"allow":["GET"]}}],"collection":[{"href":"https:\/\/www.africanchallenges.com\/index.php?rest_route=\/wp\/v2\/posts"}],"about":[{"href":"https:\/\/www.africanchallenges.com\/index.php?rest_route=\/wp\/v2\/types\/post"}],"author":[{"embeddable":true,"href":"https:\/\/www.africanchallenges.com\/index.php?rest_route=\/wp\/v2\/users\/4"}],"replies":[{"embeddable":true,"href":"https:\/\/www.africanchallenges.com\/index.php?rest_route=%2Fwp%2Fv2%2Fcomments&post=39152"}],"version-history":[{"count":3,"href":"https:\/\/www.africanchallenges.com\/index.php?rest_route=\/wp\/v2\/posts\/39152\/revisions"}],"predecessor-version":[{"id":39165,"href":"https:\/\/www.africanchallenges.com\/index.php?rest_route=\/wp\/v2\/posts\/39152\/revisions\/39165"}],"wp:featuredmedia":[{"embeddable":true,"href":"https:\/\/www.africanchallenges.com\/index.php?rest_route=\/wp\/v2\/media\/39153"}],"wp:attachment":[{"href":"https:\/\/www.africanchallenges.com\/index.php?rest_route=%2Fwp%2Fv2%2Fmedia&parent=39152"}],"wp:term":[{"taxonomy":"category","embeddable":true,"href":"https:\/\/www.africanchallenges.com\/index.php?rest_route=%2Fwp%2Fv2%2Fcategories&post=39152"},{"taxonomy":"post_tag","embeddable":true,"href":"https:\/\/www.africanchallenges.com\/index.php?rest_route=%2Fwp%2Fv2%2Ftags&post=39152"}],"curies":[{"name":"wp","href":"https:\/\/api.w.org\/{rel}","templated":true}]}}