{"id":39132,"date":"2022-04-11T09:47:13","date_gmt":"2022-04-11T09:47:13","guid":{"rendered":"https:\/\/www.africanchallenges.com\/?p=39132"},"modified":"2022-04-11T09:56:40","modified_gmt":"2022-04-11T09:56:40","slug":"tunisie-parution-du-decret-loi-regissant-linstitution-fida-pour-les-victimes-des-attaques-terroristes","status":"publish","type":"post","link":"https:\/\/www.africanchallenges.com\/?p=39132","title":{"rendered":"Tunisie : Parution du d\u00e9cret loi r\u00e9gissant l\u2019institution Fida, pour les victimes des attaques terroristes"},"content":{"rendered":"\n<p class=\"wp-block-paragraph\">Le d\u00e9cret loi n\u2019o 20 r\u00e9gissant l\u2019institution Fida de prise en charge des victimes des attaques terroristes, parmi les militaires, les agents de s\u00e9curit\u00e9 int\u00e9rieure, de la douane, et leurs ayants-droits parmi les martyrs et bless\u00e9s de la r\u00e9volution, vient de para\u00eetre au Journal Officiel.<\/p>\n\n\n\n<p class=\"wp-block-paragraph\">Fida est \u00ab une institution publique, dot\u00e9e de la personnalit\u00e9 juridique, et de l\u2019autonomie administrative et financi\u00e8re, elle rel\u00e8ve de la pr\u00e9sidence de la r\u00e9publique, et son si\u00e8ge est \u00e0 Tunis \u00bb.<\/p>\n\n\n\n<p class=\"wp-block-paragraph\">Le nouvel organisme a pour missions, \u00ab de prendre en charge les victimes des attaques terroristes, parmi les militaires, les agents de s\u00e9curit\u00e9 int\u00e9rieure et de la douane, ainsi que les ayants-droits des martyrs et bless\u00e9s de la r\u00e9volution \u00bb.<\/p>\n\n\n\n<p class=\"wp-block-paragraph\">Elle prendra toutes les mesures n\u00e9cessaires en vue d\u2019en garantir les droits et avantages, comme le pr\u00e9voit ce d\u00e9cret-loi et la l\u00e9gislation en vigueur.<\/p>\n\n\n\n<p class=\"wp-block-paragraph\">L\u2019institution assure la prise en charge et le soutien des cat\u00e9gories vis\u00e9es, notamment en mati\u00e8re sanitaire, mat\u00e9rielle, sociale et d\u2019enseignement.<\/p>\n\n\n\n<p class=\"wp-block-paragraph\">Elle mettra une base de donn\u00e9es concernant les victimes des attaques terroristes, parmi les militaires, les agents de forces de s\u00e9curit\u00e9 int\u00e9rieure, la douane, et les ayant-droits, parmi les martyrs et bless\u00e9s de la r\u00e9volution.<\/p>\n\n\n\n<p class=\"wp-block-paragraph\">Fida proc\u00e8dera \u00e0 la pr\u00e9servation de m\u00e9moire des martyrs des attaques terroristes et martyrs de la r\u00e9volution, immortalisera leur souvenir, en reconnaissance de leurs sacrifices, au cours de programmes et \u00e9missions organis\u00e9s avec les parties concern\u00e9es.<\/p>\n\n\n\n<p class=\"wp-block-paragraph\">Elle participe aux diff\u00e9rentes commissions nationales minist\u00e9rielles, \u00e9met son avis sur les projets de textes l\u00e9gislatifs, et r\u00e9glementaires qui lui sont soumis.<\/p>\n\n\n\n<p class=\"wp-block-paragraph\">Le procureur de la r\u00e9publique pr\u00e8s du tribunal de premi\u00e8re instance de Tunis, remet \u00e0 l\u2019institution Fida une liste pr\u00e9liminaire des victimes des attaques terroristes, leur qualit\u00e9 et leur lieu de r\u00e9sidence.<\/p>\n\n\n\n<p class=\"wp-block-paragraph\">Les victimes b\u00e9n\u00e9ficient des avantages pr\u00e9vus par la l\u00e9gislation en vigueur.<\/p>\n\n\n\n<figure class=\"wp-block-image size-full\"><img fetchpriority=\"high\" decoding=\"async\" width=\"615\" height=\"349\" src=\"https:\/\/www.africanchallenges.com\/wp-content\/uploads\/2022\/04\/fida.jpg\" alt=\"\" class=\"wp-image-39133\" srcset=\"https:\/\/www.africanchallenges.com\/wp-content\/uploads\/2022\/04\/fida.jpg 615w, https:\/\/www.africanchallenges.com\/wp-content\/uploads\/2022\/04\/fida-300x170.jpg 300w\" sizes=\"(max-width: 615px) 100vw, 615px\" \/><\/figure>\n","protected":false},"excerpt":{"rendered":"<p>Le d\u00e9cret loi n\u2019o 20 r\u00e9gissant l\u2019institution Fida de prise en charge des victimes des attaques terroristes, parmi les militaires, les agents de s\u00e9curit\u00e9 int\u00e9rieure, de la douane, et leurs ayants-droits parmi les martyrs et bless\u00e9s de la r\u00e9volution, vient de para\u00eetre au Journal Officiel. Fida est \u00ab une institution publique, dot\u00e9e de la personnalit\u00e9 [&hellip;]<\/p>\n","protected":false},"author":4,"featured_media":38481,"comment_status":"open","ping_status":"closed","sticky":false,"template":"","format":"standard","meta":{"content-type":"","jnews-multi-image_gallery":[],"jnews_single_post":{"subtitle":"","format":"standard","video":"","gallery":"","source_name":"","source_url":"","via_name":"","via_url":"","override_template":"0","override":[{"template":"1","single_blog_custom":"","parallax":"1","fullscreen":"1","layout":"right-sidebar","sidebar":"default-sidebar","second_sidebar":"default-sidebar","sticky_sidebar":"1","share_position":"top","share_float_style":"share-monocrhome","show_share_counter":"1","show_view_counter":"1","show_featured":"1","show_post_meta":"1","show_post_author":"1","show_post_author_image":"1","show_post_date":"1","post_date_format":"default","post_date_format_custom":"Y\/m\/d","show_post_category":"1","show_post_reading_time":"0","post_reading_time_wpm":"300","show_zoom_button":"0","zoom_button_out_step":"2","zoom_button_in_step":"3","show_post_tag":"1","show_prev_next_post":"1","show_popup_post":"1","number_popup_post":"1","show_author_box":"0","show_post_related":"0","show_inline_post_related":"0"}],"override_image_size":"0","image_override":[{"single_post_thumbnail_size":"crop-500","single_post_gallery_size":"crop-500"}],"trending_post":"0","trending_post_position":"meta","trending_post_label":"Trending","sponsored_post":"0","sponsored_post_label":"Sponsored by","sponsored_post_name":"","sponsored_post_url":"","sponsored_post_logo_enable":"0","sponsored_post_logo":"","sponsored_post_desc":"","disable_ad":"0"},"jnews_primary_category":{"id":""},"jnews_override_bookmark_settings":[],"jnews_review":[],"enable_review":"","type":"","name":"","summary":"","brand":"","sku":"","good":[],"bad":[],"score_override":"","override_value":"","rating":[],"price":[],"jnews_post_split":[],"footnotes":""},"categories":[2],"tags":[7508,7908,7909,1316],"class_list":["post-39132","post","type-post","status-publish","format-standard","has-post-thumbnail","hentry","category-news-politique","tag-attaques-terroristes","tag-decret-loi","tag-institution-fida","tag-victimes"],"_links":{"self":[{"href":"https:\/\/www.africanchallenges.com\/index.php?rest_route=\/wp\/v2\/posts\/39132","targetHints":{"allow":["GET"]}}],"collection":[{"href":"https:\/\/www.africanchallenges.com\/index.php?rest_route=\/wp\/v2\/posts"}],"about":[{"href":"https:\/\/www.africanchallenges.com\/index.php?rest_route=\/wp\/v2\/types\/post"}],"author":[{"embeddable":true,"href":"https:\/\/www.africanchallenges.com\/index.php?rest_route=\/wp\/v2\/users\/4"}],"replies":[{"embeddable":true,"href":"https:\/\/www.africanchallenges.com\/index.php?rest_route=%2Fwp%2Fv2%2Fcomments&post=39132"}],"version-history":[{"count":1,"href":"https:\/\/www.africanchallenges.com\/index.php?rest_route=\/wp\/v2\/posts\/39132\/revisions"}],"predecessor-version":[{"id":39134,"href":"https:\/\/www.africanchallenges.com\/index.php?rest_route=\/wp\/v2\/posts\/39132\/revisions\/39134"}],"wp:featuredmedia":[{"embeddable":true,"href":"https:\/\/www.africanchallenges.com\/index.php?rest_route=\/wp\/v2\/media\/38481"}],"wp:attachment":[{"href":"https:\/\/www.africanchallenges.com\/index.php?rest_route=%2Fwp%2Fv2%2Fmedia&parent=39132"}],"wp:term":[{"taxonomy":"category","embeddable":true,"href":"https:\/\/www.africanchallenges.com\/index.php?rest_route=%2Fwp%2Fv2%2Fcategories&post=39132"},{"taxonomy":"post_tag","embeddable":true,"href":"https:\/\/www.africanchallenges.com\/index.php?rest_route=%2Fwp%2Fv2%2Ftags&post=39132"}],"curies":[{"name":"wp","href":"https:\/\/api.w.org\/{rel}","templated":true}]}}