{"id":39008,"date":"2022-04-04T08:40:33","date_gmt":"2022-04-04T08:40:33","guid":{"rendered":"https:\/\/www.africanchallenges.com\/?p=39008"},"modified":"2022-04-04T08:43:22","modified_gmt":"2022-04-04T08:43:22","slug":"tunisie-la-cheffe-du-gouvernement-nejla-bouden-recoit-une-delegation-de-la-sous-commission-de-la-prevention-de-la-torture-de-lonu-conduite-par-abdallah-ounnir","status":"publish","type":"post","link":"https:\/\/www.africanchallenges.com\/?p=39008","title":{"rendered":"Tunisie : La cheffe du gouvernement, Nejla Bouden, re\u00e7oit une d\u00e9l\u00e9gation de la sous-commission de la pr\u00e9vention de la torture de l\u2019ONU, conduite par Abdallah Ounnir"},"content":{"rendered":"\n<p class=\"wp-block-paragraph\">Dans un communiqu\u00e9 rendu public hier dimanche 03 avril 2022 , la pr\u00e9sidence du gouvernement a indiqu\u00e9 que la cheffe du gouvernement, Nejla Bouden, a re\u00e7u une d\u00e9l\u00e9gation de la sous-commission de la pr\u00e9vention de la torture de l\u2019ONU, conduite par Abdallah Ounnir, qui est en visite dans notre pays, pour \u00e9valuer la mise en application des recommandations pr\u00e9sent\u00e9es par la commission \u00e0 la Tunisie, dans son premier rapport de 2016.<\/p>\n\n\n\n<p class=\"wp-block-paragraph\">Najla Bouden a affirm\u00e9 \u00ab l\u2019ouverture de la Tunisie sur toutes les recommandations de la commission onusienne, et sa d\u00e9termination \u00e0 promouvoir davantage le dispositif carc\u00e9ral, \u00e0 travers l\u2019am\u00e9lioration des conditions de d\u00e9tention dans les centres d\u2019arr\u00eat et les p\u00e9nitenciers \u00bb.<\/p>\n\n\n\n<p class=\"wp-block-paragraph\">L a cheffe du gouvernement &nbsp;a annonc\u00e9 &nbsp;l\u2019intention d\u2019opter pour les peines de substitution pour d\u00e9sengorger les prisons, en respect des principes des droits de l\u2019homme.<\/p>\n\n\n\n<p class=\"wp-block-paragraph\">Bouden a soulign\u00e9 \u00ab La visite de la sous-commission onusienne de pr\u00e9vention de la torture en Tunisie, permettra de consolider et d\u00e9velopper les acquis, et de tenir compte des nouvelles propositions qui sont de nature \u00e0 y consolider le dispositif des droits de l\u2019homme \u00bb.<\/p>\n\n\n\n<p class=\"wp-block-paragraph\">Pour sa part Abdallah Ounnir a affirm\u00e9 que la rencontre avec la cheffe du gouvernement \u00e9tait \u00ab franche \u00bb et \u00ab constructive \u00bb. Il a \u00e9voqu\u00e9 les engagements de la Tunisie en mati\u00e8re de pr\u00e9vention de la torture, saluant \u00ab les pas positifs \u00bb r\u00e9alis\u00e9s dans ce domaine, notamment \u00e0 travers la mise en place de l\u2019instance nationale de pr\u00e9vention de la torture, qui est la premi\u00e8re dans la r\u00e9gion Mena (Moyen-Orient et Afrique du Nord).<\/p>\n\n\n\n<p class=\"wp-block-paragraph\">Le chef de la d\u00e9l\u00e9gation a, par ailleurs, pass\u00e9 en revue les m\u00e9canismes d\u2019action de la commission, les visites de terrains et les rencontres intervenues \u00e0 l\u2019occasion de cette visite. Comme il a pr\u00e9sent\u00e9 un aper\u00e7u sur ses recommandations qui para\u00eetront dans le deuxi\u00e8me rapport consacr\u00e9 \u00e0 la Tunisie.<\/p>\n","protected":false},"excerpt":{"rendered":"<p>Dans un communiqu\u00e9 rendu public hier dimanche 03 avril 2022 , la pr\u00e9sidence du gouvernement a indiqu\u00e9 que la cheffe du gouvernement, Nejla Bouden, a re\u00e7u une d\u00e9l\u00e9gation de la sous-commission de la pr\u00e9vention de la torture de l\u2019ONU, conduite par Abdallah Ounnir, qui est en visite dans notre pays, pour \u00e9valuer la mise en [&hellip;]<\/p>\n","protected":false},"author":4,"featured_media":39009,"comment_status":"open","ping_status":"closed","sticky":false,"template":"","format":"standard","meta":{"content-type":"","jnews-multi-image_gallery":[],"jnews_single_post":{"subtitle":"","format":"standard","video":"","gallery":"","source_name":"","source_url":"","via_name":"","via_url":"","override_template":"0","override":[{"template":"1","single_blog_custom":"","parallax":"1","fullscreen":"1","layout":"right-sidebar","sidebar":"default-sidebar","second_sidebar":"default-sidebar","sticky_sidebar":"1","share_position":"top","share_float_style":"share-monocrhome","show_share_counter":"1","show_view_counter":"1","show_featured":"1","show_post_meta":"1","show_post_author":"1","show_post_author_image":"1","show_post_date":"1","post_date_format":"default","post_date_format_custom":"Y\/m\/d","show_post_category":"1","show_post_reading_time":"0","post_reading_time_wpm":"300","show_zoom_button":"0","zoom_button_out_step":"2","zoom_button_in_step":"3","show_post_tag":"1","show_prev_next_post":"1","show_popup_post":"1","number_popup_post":"1","show_author_box":"0","show_post_related":"0","show_inline_post_related":"0"}],"override_image_size":"0","image_override":[{"single_post_thumbnail_size":"crop-500","single_post_gallery_size":"crop-500"}],"trending_post":"0","trending_post_position":"meta","trending_post_label":"Trending","sponsored_post":"0","sponsored_post_label":"Sponsored by","sponsored_post_name":"","sponsored_post_url":"","sponsored_post_logo_enable":"0","sponsored_post_logo":"","sponsored_post_desc":"","disable_ad":"0"},"jnews_primary_category":{"id":""},"jnews_override_bookmark_settings":[],"jnews_review":[],"enable_review":"","type":"","name":"","summary":"","brand":"","sku":"","good":[],"bad":[],"score_override":"","override_value":"","rating":[],"price":[],"jnews_post_split":[],"footnotes":""},"categories":[2],"tags":[7877,5651,7876,7878,54],"class_list":["post-39008","post","type-post","status-publish","format-standard","has-post-thumbnail","hentry","category-news-politique","tag-abdallah-ounnir","tag-lonu","tag-nejla-bouden","tag-sous-commission-de-la-prevention-de-la-torture-de-lonu","tag-tunisie"],"_links":{"self":[{"href":"https:\/\/www.africanchallenges.com\/index.php?rest_route=\/wp\/v2\/posts\/39008","targetHints":{"allow":["GET"]}}],"collection":[{"href":"https:\/\/www.africanchallenges.com\/index.php?rest_route=\/wp\/v2\/posts"}],"about":[{"href":"https:\/\/www.africanchallenges.com\/index.php?rest_route=\/wp\/v2\/types\/post"}],"author":[{"embeddable":true,"href":"https:\/\/www.africanchallenges.com\/index.php?rest_route=\/wp\/v2\/users\/4"}],"replies":[{"embeddable":true,"href":"https:\/\/www.africanchallenges.com\/index.php?rest_route=%2Fwp%2Fv2%2Fcomments&post=39008"}],"version-history":[{"count":1,"href":"https:\/\/www.africanchallenges.com\/index.php?rest_route=\/wp\/v2\/posts\/39008\/revisions"}],"predecessor-version":[{"id":39010,"href":"https:\/\/www.africanchallenges.com\/index.php?rest_route=\/wp\/v2\/posts\/39008\/revisions\/39010"}],"wp:featuredmedia":[{"embeddable":true,"href":"https:\/\/www.africanchallenges.com\/index.php?rest_route=\/wp\/v2\/media\/39009"}],"wp:attachment":[{"href":"https:\/\/www.africanchallenges.com\/index.php?rest_route=%2Fwp%2Fv2%2Fmedia&parent=39008"}],"wp:term":[{"taxonomy":"category","embeddable":true,"href":"https:\/\/www.africanchallenges.com\/index.php?rest_route=%2Fwp%2Fv2%2Fcategories&post=39008"},{"taxonomy":"post_tag","embeddable":true,"href":"https:\/\/www.africanchallenges.com\/index.php?rest_route=%2Fwp%2Fv2%2Ftags&post=39008"}],"curies":[{"name":"wp","href":"https:\/\/api.w.org\/{rel}","templated":true}]}}