{"id":38924,"date":"2022-03-31T11:46:07","date_gmt":"2022-03-31T11:46:07","guid":{"rendered":"https:\/\/www.africanchallenges.com\/?p=38924"},"modified":"2022-03-31T14:59:31","modified_gmt":"2022-03-31T14:59:31","slug":"tunisie-le-syndicat-national-des-journalistes-tunisiens-snjt-annonce-les-modalites-de-la-greve-general-dans-les-medias-publics","status":"publish","type":"post","link":"https:\/\/www.africanchallenges.com\/?p=38924","title":{"rendered":"Tunisie : Le syndicat national des journalistes tunisiens (SNJT)  annonce les modalit\u00e9s de la gr\u00e8ve g\u00e9n\u00e9ral dans les m\u00e9dias publics"},"content":{"rendered":"\n<p class=\"wp-block-paragraph\">Dans un communiqu\u00e9 rendu public , ce jeudi 31 mars 2022, le syndicat national des journalistes tunisiens (SNJT) &nbsp;a annonc\u00e9 les modalit\u00e9s de la gr\u00e8ve dans les m\u00e9dias publics, qui d\u00e9bute le vendredi 01er avril 2022 \u00e0 minuit, et se poursuit jusqu\u2019au lendemain, samedi 02 avril \u00e0 minuit.<\/p>\n\n\n\n<p class=\"wp-block-paragraph\">La gr\u00e8ve concerne l\u2019ensemble des entreprises m\u00e9diatiques publiques.<\/p>\n\n\n\n<p class=\"wp-block-paragraph\">La couverture m\u00e9diatique se limitera \u00e0 la gr\u00e8ve, et \u00e0 titre exceptionnel aux informations urgentes et n\u00e9cessaires pour l\u2019int\u00e9r\u00eat g\u00e9n\u00e9ral.<\/p>\n\n\n\n<p class=\"wp-block-paragraph\">S\u2019agissant des \u00e9tablissements de la radio et de la t\u00e9l\u00e9vision tunisiennes, sur les plans central et r\u00e9gional, toutes les \u00e9missions et couvertures en direct seront boycott\u00e9es, en se bornant aux bulletins d\u2019informations consacr\u00e9s \u00e0 la couverture du d\u00e9brayage, et \u00e0 titre exceptionnel aux informations urgentes.<\/p>\n","protected":false},"excerpt":{"rendered":"<p>Dans un communiqu\u00e9 rendu public , ce jeudi 31 mars 2022, le syndicat national des journalistes tunisiens (SNJT) &nbsp;a annonc\u00e9 les modalit\u00e9s de la gr\u00e8ve dans les m\u00e9dias publics, qui d\u00e9bute le vendredi 01er avril 2022 \u00e0 minuit, et se poursuit jusqu\u2019au lendemain, samedi 02 avril \u00e0 minuit. La gr\u00e8ve concerne l\u2019ensemble des entreprises m\u00e9diatiques [&hellip;]<\/p>\n","protected":false},"author":4,"featured_media":6510,"comment_status":"open","ping_status":"closed","sticky":false,"template":"","format":"standard","meta":{"content-type":"","jnews-multi-image_gallery":[],"jnews_single_post":{"subtitle":"","format":"standard","video":"","gallery":"","source_name":"","source_url":"","via_name":"","via_url":"","override_template":"0","override":[{"template":"1","single_blog_custom":"","parallax":"1","fullscreen":"1","layout":"right-sidebar","sidebar":"default-sidebar","second_sidebar":"default-sidebar","sticky_sidebar":"1","share_position":"top","share_float_style":"share-monocrhome","show_share_counter":"1","show_view_counter":"1","show_featured":"1","show_post_meta":"1","show_post_author":"1","show_post_author_image":"1","show_post_date":"1","post_date_format":"default","post_date_format_custom":"Y\/m\/d","show_post_category":"1","show_post_reading_time":"0","post_reading_time_wpm":"300","show_zoom_button":"0","zoom_button_out_step":"2","zoom_button_in_step":"3","show_post_tag":"1","show_prev_next_post":"1","show_popup_post":"1","number_popup_post":"1","show_author_box":"0","show_post_related":"0","show_inline_post_related":"0"}],"override_image_size":"0","image_override":[{"single_post_thumbnail_size":"crop-500","single_post_gallery_size":"crop-500"}],"trending_post":"0","trending_post_position":"meta","trending_post_label":"Trending","sponsored_post":"0","sponsored_post_label":"Sponsored by","sponsored_post_name":"","sponsored_post_url":"","sponsored_post_logo_enable":"0","sponsored_post_logo":"","sponsored_post_desc":"","disable_ad":"0"},"jnews_primary_category":{"id":""},"jnews_override_bookmark_settings":[],"jnews_review":[],"enable_review":"","type":"","name":"","summary":"","brand":"","sku":"","good":[],"bad":[],"score_override":"","override_value":"","rating":[],"price":[],"jnews_post_split":[],"footnotes":""},"categories":[61],"tags":[7847,6250,4051],"class_list":["post-38924","post","type-post","status-publish","format-standard","has-post-thumbnail","hentry","category-societe","tag-greve-general","tag-le-syndicat-national-des-journalistes-tunisiens","tag-medias-publics"],"_links":{"self":[{"href":"https:\/\/www.africanchallenges.com\/index.php?rest_route=\/wp\/v2\/posts\/38924","targetHints":{"allow":["GET"]}}],"collection":[{"href":"https:\/\/www.africanchallenges.com\/index.php?rest_route=\/wp\/v2\/posts"}],"about":[{"href":"https:\/\/www.africanchallenges.com\/index.php?rest_route=\/wp\/v2\/types\/post"}],"author":[{"embeddable":true,"href":"https:\/\/www.africanchallenges.com\/index.php?rest_route=\/wp\/v2\/users\/4"}],"replies":[{"embeddable":true,"href":"https:\/\/www.africanchallenges.com\/index.php?rest_route=%2Fwp%2Fv2%2Fcomments&post=38924"}],"version-history":[{"count":1,"href":"https:\/\/www.africanchallenges.com\/index.php?rest_route=\/wp\/v2\/posts\/38924\/revisions"}],"predecessor-version":[{"id":38925,"href":"https:\/\/www.africanchallenges.com\/index.php?rest_route=\/wp\/v2\/posts\/38924\/revisions\/38925"}],"wp:featuredmedia":[{"embeddable":true,"href":"https:\/\/www.africanchallenges.com\/index.php?rest_route=\/wp\/v2\/media\/6510"}],"wp:attachment":[{"href":"https:\/\/www.africanchallenges.com\/index.php?rest_route=%2Fwp%2Fv2%2Fmedia&parent=38924"}],"wp:term":[{"taxonomy":"category","embeddable":true,"href":"https:\/\/www.africanchallenges.com\/index.php?rest_route=%2Fwp%2Fv2%2Fcategories&post=38924"},{"taxonomy":"post_tag","embeddable":true,"href":"https:\/\/www.africanchallenges.com\/index.php?rest_route=%2Fwp%2Fv2%2Ftags&post=38924"}],"curies":[{"name":"wp","href":"https:\/\/api.w.org\/{rel}","templated":true}]}}