{"id":3846,"date":"2018-12-06T16:33:40","date_gmt":"2018-12-06T16:33:40","guid":{"rendered":"http:\/\/www.africanchallenges.com\/?p=3846"},"modified":"2018-12-06T16:33:40","modified_gmt":"2018-12-06T16:33:40","slug":"tunisie-lassociation-la-voix-de-lenfant-de-medenine-inaugure-son-nouveau-centre-daccueil-denfants-sans-soutien-familial","status":"publish","type":"post","link":"https:\/\/www.africanchallenges.com\/?p=3846","title":{"rendered":"Tunisie : L\u2019association \u00abla Voix de l\u2019enfant de M\u00e9denine \u00bb inaugure son nouveau centre d\u2019accueil d\u2019enfants sans soutien familial"},"content":{"rendered":"<p><strong>En pr\u00e9sence de personnalit\u00e9s politiques et administratives, de chefs d\u2019entreprises et d\u2019acteurs de la soci\u00e9t\u00e9 civile, la section de M\u00e9denine du r\u00e9seau associatif \u00ab\u00a0La Voix de l\u2019Enfant\u00a0\u00bb a proc\u00e9d\u00e9 \u00e0 l\u2019inauguration de son nouveau centre d\u2019accueil d\u2019enfants sans soutien familial, orphelins ou abandonn\u00e9s.<\/strong><\/p>\n<p><strong>Non \u00e0 l\u2019exclusion de petits innocents<\/strong><\/p>\n<p>L\u2019association \u00ab La Voix de l\u2019enfant \u00bb de M\u00e9denine a \u00e9t\u00e9 cr\u00e9\u00e9e pour h\u00e9berger des b\u00e9b\u00e9s abandonn\u00e9s \u00e2g\u00e9s d\u2019un jour \u00e0 deux ans. Pour M. H\u00e9di Ben Kraiem, directeur de l\u2019unit\u00e9 \u00ab\u00a0<em>le souci premier de\u00a0La voix de l\u2019enfant de M\u00e9denine\u00a0est d\u2019\u00e9courter la dur\u00e9e du s\u00e9jour des petits \u00e0 l\u2019unit\u00e9 de vie pour qu\u2019ils puissent b\u00e9n\u00e9ficier \u00e0 nouveau et dans les plus brefs d\u00e9lais d\u2019un environnement familial, soit aupr\u00e8s de leurs parents de naissance (m\u00e8re, p\u00e8re ou les deux), ou aupr\u00e8s d\u2019une famille adoptive ou famille d\u2019accueil\u00a0<\/em>\u00bb.<\/p>\n<p>Aujourd\u2019hui, 12 petits venant de M\u00e9denine et des alentours, vivent sous le toit de l\u2019unit\u00e9. Ils sont enti\u00e8rement pris en charge par une \u00e9quipe compos\u00e9e d\u2019une directrice et de 12 pu\u00e9ricultrices b\u00e9n\u00e9voles, dont deux permanentes de jour et de nuit. Toutes se vouent \u00e0 leur assurer le bien \u00eatre physique et mat\u00e9riel et \u00e0 leur offrir le maximum d\u2019affection, de joie et de ga\u00eet\u00e9 auxquelles ont droit tous les petits enfants de la plan\u00e8te.<\/p>\n<p><strong>Plus qu\u2019une unit\u00e9, une maisonn\u00e9e pour b\u00e9b\u00e9s<\/strong><\/p>\n<p>Ce nouvel orphelinat a \u00e9t\u00e9 pens\u00e9 et construit pour \u00eatre un v\u00e9ritable foyer familial pour les b\u00e9b\u00e9s abandonn\u00e9s. B\u00e2ti sur un terrain c\u00e9d\u00e9 sous forme de donation par GAT ASSURANCES, l\u2019orphelinat est compos\u00e9 de deux niveaux sera dor\u00e9navant en mesure de recevoir jusqu\u2019\u00e0 12 enfants en permanence.<\/p>\n<p>A l\u2019\u00e9tage, on retrouve 4 chambres enti\u00e8rement \u00e9quip\u00e9es pour le confort des petits h\u00f4tes selon leur tranche d\u2019\u00e2ge et 2 chambres pour les pu\u00e9ricultrices. Des berceaux, des lits, des rideaux, des armoires, des tables de change\u2026 rien n\u2019a \u00e9t\u00e9 oubli\u00e9. Et pour que la fra\u00eecheur et la gait\u00e9 soient toujours de mise, les murs ont \u00e9t\u00e9 repeints de couleurs ensoleill\u00e9es et riantes<\/p>\n<p>Au rez de chauss\u00e9e, avec les cuisines on retrouve une grande salle de jeux et un salon invit\u00e9s pour les parents biologiques ou potentiellement adoptifs. Les jours de beau temps, les enfants ont le droit de profiter de l\u2019aire de jeux situ\u00e9e \u00e0 l\u2019ext\u00e9rieur sur un espace totalement gazonn\u00e9.<\/p>\n<p>La direction a \u00e9galement pr\u00e9vu un espace d\u2019accueil pour les mamans en d\u00e9tresse. Elles peuvent y loger le temps de se reconstruire une vie et reprendre leur enfant.<\/p>\n<p>Selon M. Ben Kraiem, <em>\u00ab\u00a0l\u2019objectif \u00e0 long terme serait de garder les enfants qui n\u2019auraient pas trouv\u00e9 de famille le plus longtemps possible pour leur \u00e9viter une seconde rupture avec tout le d\u00e9chirement moral qui en d\u00e9coule. Nous aimerions leur assurer une scolarit\u00e9 normale et un soutien psychologique pour les aider \u00e0 surmonter leur manque affectif et \u00e0 mieux s\u2019ins\u00e9rer dans la vie sociale\u00a0\u00bb.<\/em><\/p>\n<p><strong>Une solidarit\u00e9 sans limites<\/strong><\/p>\n<p>La g\u00e9n\u00e9rosit\u00e9 tunisienne n\u2019est pas un vain mot. Elle a maintes fois eu l\u2019occasion de se manifester et de forcer le respect. Dans le cas de l\u2019unit\u00e9 de M\u00e9denine, M. Kraiem pr\u00e9cise \u00ab\u00a0qu\u2019elle n\u2019aurait jamais pu voir le jour sans le concours des un et des autres\u00a0\u00bb.<\/p>\n<p>Tout d\u2019abord, \u00e0 travers la donation du terrain par GAT ASSURANCES qui a non seulement permis la construction de l\u2019orphelinat mais a facilit\u00e9 les d\u00e9marches aupr\u00e8s de l\u2019administration pour l\u2019obtention des diff\u00e9rentes autorisations de construction et d\u2019exploitation. GAT ASSURANCES, en s\u2019appuyant sur sa signature \u00ab\u00a0aujourd\u2019hui pour demain\u00a0\u00bb a toujours d\u00e9clar\u00e9 \u00ab\u00a0qu\u2019elle met tout en \u0153uvre pour soutenir les initiatives qui concernent les enfants\u00a0\u00bb et qu\u2019elle est convaincue \u00ab\u00a0qu&rsquo;Investir pour les enfants aujourd&rsquo;hui, c&rsquo;est reconnaitre les Hommes de demain\u00a0\u00bb.<\/p>\n<p>Ensuite par la grande contribution du minist\u00e8re des Affaires sociales qui a permis l\u2019enti\u00e8re construction de l\u2019orphelinat.<\/p>\n<p>Mais aussi par la contribution du le Lion\u2019s club de la Marsa qui a mis en lien les diff\u00e9rents intervenants mais qui a aussi financ\u00e9 la cl\u00f4ture de l\u2019unit\u00e9 et a \u00e9quip\u00e9 l\u2019orphelinat de tout le n\u00e9cessaire de cuisine, d\u2019hygi\u00e8ne, de meubles et de jouets<\/p>\n<p>A ce propos et toujours de la cadre du soutien aux enfants \u00ab\u00a0la Voix de l\u2019enfant\u00a0\u00bb de M\u00e9denine organise le premier march\u00e9 artisanal de fin d\u2019ann\u00e9e qui se d\u00e9roulera du 4 au 7 d\u00e9cembre \u00e0 la salle des f\u00eates du Palm Djerba, o\u00f9 plus de 70 artisans de toute la Tunisie seront r\u00e9unis pour pr\u00e9senter leurs articles et produits.<\/p>\n<p><strong>Avec Communiqu\u00e9<\/strong><\/p>\n<p>&nbsp;<\/p>\n<p>&nbsp;<\/p>\n<p>&nbsp;<\/p>\n<p>&nbsp;<\/p>\n<p>&nbsp;<\/p>\n<p>&nbsp;<\/p>\n","protected":false},"excerpt":{"rendered":"<p>En pr\u00e9sence de personnalit\u00e9s politiques et administratives, de chefs d\u2019entreprises et d\u2019acteurs de la soci\u00e9t\u00e9 civile, la section de M\u00e9denine du r\u00e9seau associatif \u00ab\u00a0La Voix de l\u2019Enfant\u00a0\u00bb a proc\u00e9d\u00e9 \u00e0 l\u2019inauguration de son nouveau centre d\u2019accueil d\u2019enfants sans soutien familial, orphelins ou abandonn\u00e9s. Non \u00e0 l\u2019exclusion de petits innocents L\u2019association \u00ab La Voix de l\u2019enfant [&hellip;]<\/p>\n","protected":false},"author":3,"featured_media":3848,"comment_status":"open","ping_status":"closed","sticky":false,"template":"","format":"standard","meta":{"content-type":"","jnews-multi-image_gallery":[],"jnews_single_post":{"override_template":"0","override":[{"template":"1","parallax":"1","fullscreen":"0","layout":"right-sidebar","sidebar":"default-sidebar","second_sidebar":"default-sidebar","sticky_sidebar":"1","share_position":"top","share_float_style":"share-monocrhome","show_share_counter":"1","show_view_counter":"1","show_featured":"1","show_post_meta":"1","show_post_author":"1","show_post_author_image":"1","show_post_date":"1","post_date_format":"default","post_date_format_custom":"Y\/m\/d","show_post_category":"1","show_post_tag":"1","show_prev_next_post":"1","show_popup_post":"1","number_popup_post":"1","show_author_box":"0","show_post_related":"1","show_inline_post_related":"0"}],"override_image_size":"0","image_override":[{"single_post_thumbnail_size":"crop-500","single_post_gallery_size":"crop-500"}]},"jnews_primary_category":{"id":""},"jnews_override_bookmark_settings":[],"jnews_review":[],"enable_review":"","type":"","name":"","summary":"","brand":"","sku":"","good":[],"bad":[],"score_override":"","override_value":"","rating":[],"price":[],"jnews_post_split":[],"footnotes":""},"categories":[5,7,61],"tags":[1875,1877,1878,227,1874,1876],"class_list":["post-3846","post","type-post","status-publish","format-standard","has-post-thumbnail","hentry","category-edufor","category-lifestyle","category-societe","tag-centre-daccueil","tag-donation","tag-gat-assurances","tag-inauguration","tag-la-voix-de-lenfant","tag-orphelins"],"_links":{"self":[{"href":"https:\/\/www.africanchallenges.com\/index.php?rest_route=\/wp\/v2\/posts\/3846","targetHints":{"allow":["GET"]}}],"collection":[{"href":"https:\/\/www.africanchallenges.com\/index.php?rest_route=\/wp\/v2\/posts"}],"about":[{"href":"https:\/\/www.africanchallenges.com\/index.php?rest_route=\/wp\/v2\/types\/post"}],"author":[{"embeddable":true,"href":"https:\/\/www.africanchallenges.com\/index.php?rest_route=\/wp\/v2\/users\/3"}],"replies":[{"embeddable":true,"href":"https:\/\/www.africanchallenges.com\/index.php?rest_route=%2Fwp%2Fv2%2Fcomments&post=3846"}],"version-history":[{"count":1,"href":"https:\/\/www.africanchallenges.com\/index.php?rest_route=\/wp\/v2\/posts\/3846\/revisions"}],"predecessor-version":[{"id":3847,"href":"https:\/\/www.africanchallenges.com\/index.php?rest_route=\/wp\/v2\/posts\/3846\/revisions\/3847"}],"wp:featuredmedia":[{"embeddable":true,"href":"https:\/\/www.africanchallenges.com\/index.php?rest_route=\/wp\/v2\/media\/3848"}],"wp:attachment":[{"href":"https:\/\/www.africanchallenges.com\/index.php?rest_route=%2Fwp%2Fv2%2Fmedia&parent=3846"}],"wp:term":[{"taxonomy":"category","embeddable":true,"href":"https:\/\/www.africanchallenges.com\/index.php?rest_route=%2Fwp%2Fv2%2Fcategories&post=3846"},{"taxonomy":"post_tag","embeddable":true,"href":"https:\/\/www.africanchallenges.com\/index.php?rest_route=%2Fwp%2Fv2%2Ftags&post=3846"}],"curies":[{"name":"wp","href":"https:\/\/api.w.org\/{rel}","templated":true}]}}