{"id":3723,"date":"2018-11-30T15:51:25","date_gmt":"2018-11-30T15:51:25","guid":{"rendered":"http:\/\/www.africanchallenges.com\/?p=3723"},"modified":"2018-11-30T16:12:10","modified_gmt":"2018-11-30T16:12:10","slug":"tunisie-liace-organise-la-33eme-edition-des-journees-de-lentreprise-les-7-et-8-decembre-a-sousse","status":"publish","type":"post","link":"https:\/\/www.africanchallenges.com\/?p=3723","title":{"rendered":"Tunisie : l&rsquo;IACE organise la 33\u00e8me \u00e9dition des Journ\u00e9es de l&rsquo;Entreprise les 7 et 8 D\u00e9cembre \u00e0 Sousse"},"content":{"rendered":"<p><strong>Une conf\u00e9rence de presse s&rsquo;est tenue ce vendredi 30 novembre 2018 au si\u00e8ge de l&rsquo;IACE, pour pr\u00e9senter la 33\u00e8me \u00e9dition des \u00ab JOURNEES DE L\u2019ENTREPRISE \u00bb qui se tiendront les 07 et 08 D\u00e9cembre 2018 \u00e0 Sousse, en pr\u00e9sence du chef du gouvernement Youssef Chahed, du gouverneur de la Banque centrale de Tunisie, Marouane Abassi, et les membres de gouvernement .<\/strong><\/p>\n<p>Cette ann\u00e9e les journ\u00e9es se porteront sur le th\u00e8me:\u00ab L\u2019ENTREPRISE ET LES REFORMES DE RUPTURE \u00bb.<\/p>\n<p>Les journ\u00e9es de l&rsquo;entreprise repr\u00e9sente le rendez-vous annuel consacr\u00e9 \u00e0 la r\u00e9flexion autour des d\u00e9fis et des enjeux de l\u2019entreprise .<\/p>\n<p>Dans son allocution, M.Taieb Bayahi le pr\u00e9sident de l\u2019Institut arabe des chefs d\u2019entreprises (IACE), a d\u00e9clar\u00e9 que \u00ab\u00a0cette 33\u00e9me \u00e9dition des Journ\u00e9es de l&rsquo;entreprise sera articul\u00e9 autour de trois panels outre la situation de l&rsquo;\u00e9conomie tunisienne qui connait une d\u00e9t\u00e9rioration \u00e0 savoir la r\u00e9glementation de Change et Politique mon\u00e9taire, la fiscalit\u00e9 et le code de travail\u00a0\u00bb.<\/p>\n<p>M.Bayahi a expliqu\u00e9 que des r\u00e9formes structurelles significatives sont demand\u00e9es aujourd\u2019hui pour soutenir l\u2019\u00e9conomie tunisienne qui est de plus en plus fragilis\u00e9.<\/p>\n<p>Pour sa part Slim Zeghal, coordinateur des Journ\u00e9es de l\u2019Entreprise, a rappel\u00e9 l\u2019effet d\u00e9vastateur de la d\u00e9pr\u00e9ciation du dinar et la chute des r\u00e9serves de change \u00e0 leurs plus faibles niveaux depuis des ann\u00e9es, notamment en ce qui concerne l\u2019exercice des op\u00e9rations \u00e0 l\u2019international.<\/p>\n<p>M.Zeghal a soulign\u00e9 que la pression fiscale p\u00e8se lourd aujourd\u2019hui et a atteint des niveaux historiques en Tunisie, touchant ainsi la comp\u00e9titivit\u00e9 des entreprises, et boostant la prolif\u00e9ration du march\u00e9 informel.<\/p>\n<p><em><strong>Programme :<\/strong><\/em><\/p>\n<p><a href=\"http:\/\/www.iace.tn\/wp-content\/uploads\/2018\/10\/JES3011.pdf\">http:\/\/www.iace.tn\/wp-content\/uploads\/2018\/10\/JES3011.pdf<\/a><\/p>\n<p>&nbsp;<\/p>\n","protected":false},"excerpt":{"rendered":"<p>Une conf\u00e9rence de presse s&rsquo;est tenue ce vendredi 30 novembre 2018 au si\u00e8ge de l&rsquo;IACE, pour pr\u00e9senter la 33\u00e8me \u00e9dition des \u00ab JOURNEES DE L\u2019ENTREPRISE \u00bb qui se tiendront les 07 et 08 D\u00e9cembre 2018 \u00e0 Sousse, en pr\u00e9sence du chef du gouvernement Youssef Chahed, du gouverneur de la Banque centrale de Tunisie, Marouane Abassi, [&hellip;]<\/p>\n","protected":false},"author":3,"featured_media":3730,"comment_status":"open","ping_status":"closed","sticky":false,"template":"","format":"standard","meta":{"content-type":"","jnews-multi-image_gallery":[],"jnews_single_post":{"override_template":"0","override":[{"template":"1","parallax":"1","fullscreen":"0","layout":"right-sidebar","sidebar":"default-sidebar","second_sidebar":"default-sidebar","sticky_sidebar":"1","share_position":"top","share_float_style":"share-monocrhome","show_share_counter":"1","show_view_counter":"1","show_featured":"1","show_post_meta":"1","show_post_author":"1","show_post_author_image":"1","show_post_date":"1","post_date_format":"default","post_date_format_custom":"Y\/m\/d","show_post_category":"1","show_post_tag":"1","show_prev_next_post":"1","show_popup_post":"1","number_popup_post":"1","show_author_box":"0","show_post_related":"1","show_inline_post_related":"0"}],"override_image_size":"0","image_override":[{"single_post_thumbnail_size":"crop-500","single_post_gallery_size":"crop-500"}]},"jnews_primary_category":{"id":""},"jnews_override_bookmark_settings":[],"jnews_review":[],"enable_review":"","type":"","name":"","summary":"","brand":"","sku":"","good":[],"bad":[],"score_override":"","override_value":"","rating":[],"price":[],"jnews_post_split":[],"footnotes":""},"categories":[43,73],"tags":[1802,1803,1804,228,411],"class_list":["post-3723","post","type-post","status-publish","format-standard","has-post-thumbnail","hentry","category-eco-business","category-eco","tag-journees-de-lentreprise","tag-liace","tag-marouane-abassi","tag-sousse","tag-youssef-chahed"],"_links":{"self":[{"href":"https:\/\/www.africanchallenges.com\/index.php?rest_route=\/wp\/v2\/posts\/3723","targetHints":{"allow":["GET"]}}],"collection":[{"href":"https:\/\/www.africanchallenges.com\/index.php?rest_route=\/wp\/v2\/posts"}],"about":[{"href":"https:\/\/www.africanchallenges.com\/index.php?rest_route=\/wp\/v2\/types\/post"}],"author":[{"embeddable":true,"href":"https:\/\/www.africanchallenges.com\/index.php?rest_route=\/wp\/v2\/users\/3"}],"replies":[{"embeddable":true,"href":"https:\/\/www.africanchallenges.com\/index.php?rest_route=%2Fwp%2Fv2%2Fcomments&post=3723"}],"version-history":[{"count":4,"href":"https:\/\/www.africanchallenges.com\/index.php?rest_route=\/wp\/v2\/posts\/3723\/revisions"}],"predecessor-version":[{"id":3727,"href":"https:\/\/www.africanchallenges.com\/index.php?rest_route=\/wp\/v2\/posts\/3723\/revisions\/3727"}],"wp:featuredmedia":[{"embeddable":true,"href":"https:\/\/www.africanchallenges.com\/index.php?rest_route=\/wp\/v2\/media\/3730"}],"wp:attachment":[{"href":"https:\/\/www.africanchallenges.com\/index.php?rest_route=%2Fwp%2Fv2%2Fmedia&parent=3723"}],"wp:term":[{"taxonomy":"category","embeddable":true,"href":"https:\/\/www.africanchallenges.com\/index.php?rest_route=%2Fwp%2Fv2%2Fcategories&post=3723"},{"taxonomy":"post_tag","embeddable":true,"href":"https:\/\/www.africanchallenges.com\/index.php?rest_route=%2Fwp%2Fv2%2Ftags&post=3723"}],"curies":[{"name":"wp","href":"https:\/\/api.w.org\/{rel}","templated":true}]}}