{"id":3719,"date":"2018-11-30T15:10:36","date_gmt":"2018-11-30T15:10:36","guid":{"rendered":"http:\/\/www.africanchallenges.com\/?p=3719"},"modified":"2018-11-30T15:10:36","modified_gmt":"2018-11-30T15:10:36","slug":"tunisie-accord-entre-lutica-et-la-steg","status":"publish","type":"post","link":"https:\/\/www.africanchallenges.com\/?p=3719","title":{"rendered":"Tunisie : Accord entre l\u2019Utica et la Steg"},"content":{"rendered":"<p><strong>Une r\u00e9union tenue ce vendredi 30 novembre 2018 entre le ministre de l\u2019Industrie, un nombre de cadres du minist\u00e8re de l\u2019Industrie, la Soci\u00e9t\u00e9 tunisienne de l&rsquo;\u00e9lectricit\u00e9 et du gaz (steg) et une d\u00e9l\u00e9gation de l\u2019Union r\u00e9gionale de l\u2019Union tunisienne de l&rsquo;industrie, du commerce et de l&rsquo;artisanat (Utica) \u00e0 Sfax, sous la pr\u00e9sidence de Anouar Triki et en pr\u00e9sence de Hichem Elloumi, premier vice-pr\u00e9sident de l\u2019Utica, et des d\u00e9put\u00e9s Anouar La\u00e2dhar et Moncef Sellami, vient de s\u2019achever.<\/strong><\/p>\n<p>Des \u00a0discussions ont eu lieu sur la demande des industriels adress\u00e9e \u00e0 la Steg de revenir sur sa d\u00e9cision en mati\u00e8re des derni\u00e8res augmentations au niveau de la tarification de l\u2019\u00e9lectricit\u00e9 surtout celles relatives aux abonn\u00e9s au r\u00e9seau \u00e0 moyenne tension.<\/p>\n<p>A l\u2019issue de la r\u00e9union, Il a \u00e9t\u00e9 convenu que les industriels payent, dans une premi\u00e8re \u00e9tape, une avance sur la facture de la steg du mois d\u2019octobre, en attendant que la question soit r\u00e9solue d\u00e9finitivement lors d\u2019une r\u00e9union qui se tiendrait au d\u00e9but de la semaine prochaine entre les pr\u00e9sidences du gouvernement et de l\u2019Utica.<\/p>\n","protected":false},"excerpt":{"rendered":"<p>Une r\u00e9union tenue ce vendredi 30 novembre 2018 entre le ministre de l\u2019Industrie, un nombre de cadres du minist\u00e8re de l\u2019Industrie, la Soci\u00e9t\u00e9 tunisienne de l&rsquo;\u00e9lectricit\u00e9 et du gaz (steg) et une d\u00e9l\u00e9gation de l\u2019Union r\u00e9gionale de l\u2019Union tunisienne de l&rsquo;industrie, du commerce et de l&rsquo;artisanat (Utica) \u00e0 Sfax, sous la pr\u00e9sidence de Anouar Triki [&hellip;]<\/p>\n","protected":false},"author":3,"featured_media":3721,"comment_status":"open","ping_status":"closed","sticky":false,"template":"","format":"standard","meta":{"content-type":"","jnews-multi-image_gallery":[],"jnews_single_post":{"override_template":"0","override":[{"template":"1","parallax":"1","fullscreen":"0","layout":"right-sidebar","sidebar":"default-sidebar","second_sidebar":"default-sidebar","sticky_sidebar":"1","share_position":"top","share_float_style":"share-monocrhome","show_share_counter":"1","show_view_counter":"1","show_featured":"1","show_post_meta":"1","show_post_author":"1","show_post_author_image":"1","show_post_date":"1","post_date_format":"default","post_date_format_custom":"Y\/m\/d","show_post_category":"1","show_post_tag":"1","show_prev_next_post":"1","show_popup_post":"1","number_popup_post":"1","show_author_box":"0","show_post_related":"1","show_inline_post_related":"0"}],"override_image_size":"0","image_override":[{"single_post_thumbnail_size":"crop-500","single_post_gallery_size":"crop-500"}]},"jnews_primary_category":{"id":""},"jnews_override_bookmark_settings":[],"jnews_review":[],"enable_review":"","type":"","name":"","summary":"","brand":"","sku":"","good":[],"bad":[],"score_override":"","override_value":"","rating":[],"price":[],"jnews_post_split":[],"footnotes":""},"categories":[43,73],"tags":[1800,1801,1798,1797,1799,1105],"class_list":["post-3719","post","type-post","status-publish","format-standard","has-post-thumbnail","hentry","category-eco-business","category-eco","tag-anouar-triki","tag-hichem-elloumi","tag-ministre-de-lindustrie","tag-reunion","tag-steg","tag-utica"],"_links":{"self":[{"href":"https:\/\/www.africanchallenges.com\/index.php?rest_route=\/wp\/v2\/posts\/3719","targetHints":{"allow":["GET"]}}],"collection":[{"href":"https:\/\/www.africanchallenges.com\/index.php?rest_route=\/wp\/v2\/posts"}],"about":[{"href":"https:\/\/www.africanchallenges.com\/index.php?rest_route=\/wp\/v2\/types\/post"}],"author":[{"embeddable":true,"href":"https:\/\/www.africanchallenges.com\/index.php?rest_route=\/wp\/v2\/users\/3"}],"replies":[{"embeddable":true,"href":"https:\/\/www.africanchallenges.com\/index.php?rest_route=%2Fwp%2Fv2%2Fcomments&post=3719"}],"version-history":[{"count":2,"href":"https:\/\/www.africanchallenges.com\/index.php?rest_route=\/wp\/v2\/posts\/3719\/revisions"}],"predecessor-version":[{"id":3722,"href":"https:\/\/www.africanchallenges.com\/index.php?rest_route=\/wp\/v2\/posts\/3719\/revisions\/3722"}],"wp:featuredmedia":[{"embeddable":true,"href":"https:\/\/www.africanchallenges.com\/index.php?rest_route=\/wp\/v2\/media\/3721"}],"wp:attachment":[{"href":"https:\/\/www.africanchallenges.com\/index.php?rest_route=%2Fwp%2Fv2%2Fmedia&parent=3719"}],"wp:term":[{"taxonomy":"category","embeddable":true,"href":"https:\/\/www.africanchallenges.com\/index.php?rest_route=%2Fwp%2Fv2%2Fcategories&post=3719"},{"taxonomy":"post_tag","embeddable":true,"href":"https:\/\/www.africanchallenges.com\/index.php?rest_route=%2Fwp%2Fv2%2Ftags&post=3719"}],"curies":[{"name":"wp","href":"https:\/\/api.w.org\/{rel}","templated":true}]}}