{"id":3697,"date":"2018-11-28T19:28:08","date_gmt":"2018-11-28T19:28:08","guid":{"rendered":"http:\/\/www.africanchallenges.com\/?p=3697"},"modified":"2018-11-28T19:43:07","modified_gmt":"2018-11-28T19:43:07","slug":"tunisie-20eme-edition-des-journees-theatrales-de-carthage-du-08-au-16-decembre-2018-sous-le-slogan-interroger-la-memoire-du-festival","status":"publish","type":"post","link":"https:\/\/www.africanchallenges.com\/?p=3697","title":{"rendered":"Tunisie : 20\u00e8me \u00e9dition des Journ\u00e9es Th\u00e9\u00e2trales de Carthage du 08 au 16 d\u00e9cembre 2018 sous le slogan \u00ab Interroger la m\u00e9moire du festival \u00bb"},"content":{"rendered":"<p><strong>Une conf\u00e9rence de presse s\u2018est tenue ce mercredi 28 novembre 2018 \u00e0 la cit\u00e9 de la culture de Tunis\u00a0 afin de pr\u00e9senter le programme de la 20\u00e8me \u00e9dition des Journ\u00e9es Th\u00e9\u00e2trales de Carthage qui se tiendront du samedi 08 d\u00e9cembre au dimanche 16 d\u00e9cembre 2018.<\/strong><\/p>\n<p>Cette session c\u00e9l\u00e8brera les 32 ans de vie de ce festival et sa m\u00e9moire sous le slogan\u00a0 \u00ab\u00a0Interroger la m\u00e9moire du festival\u00a0\u00bb, c\u2019est pourquoi elle ne se limitera pas aux repr\u00e9sentations de pi\u00e8ces th\u00e9\u00e2trales mais sera \u00e9galement une occasion festive avec des spectacles de rue, une grande exposition documentaire retra\u00e7ant l\u2019histoire de ce festival. C\u2019est ce qu\u2019a d\u00e9clar\u00e9 Hatem Derbel, directeur des JTC \u00e0 l\u2019ouverture de la conf\u00e9rence de presse organis\u00e9e mercredi 28 novembre 2018 au Th\u00e9\u00e2tre des Jeunes Cr\u00e9ateurs \u00e0 la Cit\u00e9 de la culture.<\/p>\n<p>Mohamed Hedi Jouini, Directeur g\u00e9n\u00e9ral de l\u2019Etablissement National pour la Promotion des Festivals et des Manifestations Culturelles et Artistiques a fait savoir que cette session r\u00e9serve une part de sa programmation aux r\u00e9gions et aux institutions p\u00e9nitentiaires dans le cadre de la cons\u00e9cration du droit de tous \u00e0 la culture, ajoutant que le Minist\u00e8re des Affaires Culturelles a allou\u00e9 un fond de deux million de dinars aux JTC.<\/p>\n<p>La c\u00e9r\u00e9monie d\u2019ouverture de ce festival prestigieux se d\u00e9roulera samedi 08 d\u00e9cembre au Th\u00e9\u00e2tre de l\u2019Op\u00e9ra \u00e0 la Cit\u00e9 de la culture et sera d\u00e9di\u00e9e \u00e0 la Palestine avec au programme la pi\u00e8ce th\u00e9\u00e2trale \u00ab\u00a0Je vais \u00e0 la Palestine\u00a0\u00bb et un r\u00e9cital de po\u00e9sie avec la participation de Mourid Barghouthi et Tamim Barghouthi.<\/p>\n<p>Outre sa pr\u00e9sence \u00a0\u00a0\u00e0 la soir\u00e9e d\u2019ouverture, la Palestine est l\u2019h\u00f4te d\u2019honneur de cette \u00e9dition des JTC avec un programme sp\u00e9cial qui d\u00e9butera jeudi 13 d\u00e9cembre 2018 avec un bouquet de pi\u00e8ces th\u00e9\u00e2trales et un hommage \u00e0 Arin Amri et Ahmed Abou Saloum.<\/p>\n<p>Le deuxi\u00e8me pays invit\u00e9 d\u2019honneur de cette \u00e9dition est le Bukina Faso qui sera honor\u00e9 le mardi 11 d\u00e9cembre 2018 avec un hommage \u00e0 Olivia Ouedraogo et \u00e0 Etienne Minoungou.<\/p>\n<p>La 20\u00e8me \u00e9dition des JTC rendra hommage \u00e9galement \u00e0 plusieurs figures du th\u00e9\u00e2tre tunisien, arabe et africain qui ont enrichi par leur talent, le patrimoine th\u00e9\u00e2tral arabo-africain dont Sabeh Bouzouita, Latifa Gafsi, Dalila Meftahi, Mansour Sghaier, Saber Hammi, et Bahri Rahhali (Tunisie), Ghannem Ghannem (Palestine\/Jordanie), Abdallah Rached (Emirats Arabes Unis), Khaled Trifi (Jordanie), Hassan Kouyat\u00e9 (Burkina Faso), Carole Umulinga Karamera (Rwanda). Cette \u00e9dition rendra \u00e9galement hommage aux artistes qui nous ont quitt\u00e9s depuis la derni\u00e8re \u00e9dition\u00a0: Hatem Ben Rabeh, Mohamed Bouri, Khadija Souissi, Ahmed Moaouia, Fethi Naghmouchi et Moncef Lazaar qui vient tout juste de tirer sa r\u00e9v\u00e9rence. Une minute de silence a \u00e9t\u00e9 d\u2019ailleurs observ\u00e9e au cours de cette conf\u00e9rence de presse en signe d\u2019hommage \u00e0 sa m\u00e9moire.<\/p>\n<p>Et c\u2019est en r\u00e9v\u00e9rence \u00e0 leur parcours charg\u00e9 de cr\u00e9ations et de productions que les JTC rendront hommage \u00e0 une pl\u00e9iade d\u2019hommes et de femmes de th\u00e9\u00e2tre\u00a0: Mouna Noureddine, Abdelaziz Meherzi (Tunisie), Asaad Fodha (Syrie), Hassen Mnii (Maroc), Ahmed Agoumi (Alg\u00e9rie), Willi Wenka (Nig\u00e9ria), Abderrahmane Abou Zahra (Egypte) et Sami Abdelhamid (Irak).<\/p>\n<p>39 pays prendront part aux JTC 2018 avec 157 pi\u00e8ces de th\u00e9\u00e2tre qui seront r\u00e9parties sur 34 espaces outre les repr\u00e9sentations dans les institutions p\u00e9nitentiaires, scolaires et les pi\u00e8ces pour enfants.<\/p>\n<p>Les pi\u00e8ces inscrites en comp\u00e9tition officielle sont au nombre de onze\u00a0: \u00ab\u00a0Takasim Ala Al Hayet\u00a0\u00bb (Irak), \u00ab\u00a0Abath\u00a0\u00bb (Maroc), \u00ab\u00a0Dans la solitude des champs de coton\u00a0\u00bb (Guin\u00e9e), \u00ab\u00a0A corps et \u00e0 cri\u00a0\u00bb (Togo), \u00ab\u00a0Assaa Al Akhira\u00a0\u00bb (Egypte), \u00ab\u00a0Tashih Alouan\u00a0\u00bb (Syrie), \u00ab\u00a0Yawmiyyat Adat Ila Al Jounous\u00a0\u00bb \u2018Koweit), \u00ab\u00a0Al Majnoun\u00a0\u00bb (EAU), \u00ab\u00a0Hamlet Baada Hin\u00a0\u00bb \u00ab\u00a0Jordanie).<\/p>\n<p>Le jury de cette comp\u00e9tition est compos\u00e9 de Hamdi Hmaidi, (Pr\u00e9sident), Zayani Cherif Ayed, Chadia Zitoun Doughan, Hichem Kafarna, Muabilay Mpunga et Kamel Allaoui.<\/p>\n<p>Les JTC propose dans le cadre de leur programme intellectuel, trois colloques\u00a0: Le premier aura lieu les 9 et 10 d\u00e9cembre 2018 sous le th\u00e8me\u00a0: \u00ab\u00a0Th\u00e9\u00e2tre tunisien et d\u00e9centralisation\u00a0\u00bb : dirig\u00e9 par Mohamed Messaoud Idriss. Le second aura lieu les 11 et 12 d\u00e9cembre et sera dirig\u00e9 par Mohamed Mediouni. Quant au troisi\u00e8me colloque, il se d\u00e9roulera les 13 et 15 d\u00e9cembre sous le th\u00e8me\u00a0: \u00ab\u00a0L\u2019\u00e9criture th\u00e9\u00e2trale aujourd\u2019hui : mutations et enjeux (post-) dramatiques et dirig\u00e9 par le docteur Abdelhalim Messaoudi. Ce volet comprend \u00e9galement deux tables rondes\u00a0: \u00ab la m\u00e9diation artistique \u00bb avec le th\u00e9\u00e2tre de Chaillot et la participation de Didier Deschamps et Agn\u00e8s Chammama\u00a0; et \u00ab La critique th\u00e9\u00e2trale \u00bb assur\u00e9e par l\u2019association de la critique th\u00e9\u00e2trale.<\/p>\n<p>&nbsp;<\/p>\n","protected":false},"excerpt":{"rendered":"<p>Une conf\u00e9rence de presse s\u2018est tenue ce mercredi 28 novembre 2018 \u00e0 la cit\u00e9 de la culture de Tunis\u00a0 afin de pr\u00e9senter le programme de la 20\u00e8me \u00e9dition des Journ\u00e9es Th\u00e9\u00e2trales de Carthage qui se tiendront du samedi 08 d\u00e9cembre au dimanche 16 d\u00e9cembre 2018. Cette session c\u00e9l\u00e8brera les 32 ans de vie de ce [&hellip;]<\/p>\n","protected":false},"author":3,"featured_media":3699,"comment_status":"open","ping_status":"closed","sticky":false,"template":"","format":"standard","meta":{"content-type":"","jnews-multi-image_gallery":[],"jnews_single_post":{"override_template":"0","override":[{"template":"1","parallax":"1","fullscreen":"0","layout":"right-sidebar","sidebar":"default-sidebar","second_sidebar":"default-sidebar","sticky_sidebar":"1","share_position":"top","share_float_style":"share-monocrhome","show_share_counter":"1","show_view_counter":"1","show_featured":"1","show_post_meta":"1","show_post_author":"1","show_post_author_image":"1","show_post_date":"1","post_date_format":"default","post_date_format_custom":"Y\/m\/d","show_post_category":"1","show_post_tag":"1","show_prev_next_post":"1","show_popup_post":"1","number_popup_post":"1","show_author_box":"0","show_post_related":"1","show_inline_post_related":"0"}],"override_image_size":"0","image_override":[{"single_post_thumbnail_size":"crop-500","single_post_gallery_size":"crop-500"}]},"jnews_primary_category":{"id":""},"jnews_override_bookmark_settings":[],"jnews_review":[],"enable_review":"","type":"","name":"","summary":"","brand":"","sku":"","good":[],"bad":[],"score_override":"","override_value":"","rating":[],"price":[],"jnews_post_split":[],"footnotes":""},"categories":[17,7],"tags":[326,1790,1791,65],"class_list":["post-3697","post","type-post","status-publish","format-standard","has-post-thumbnail","hentry","category-entertainment","category-lifestyle","tag-conference","tag-journees-theatrales-de-carthage","tag-mohamed-hedi-jouini","tag-programme"],"_links":{"self":[{"href":"https:\/\/www.africanchallenges.com\/index.php?rest_route=\/wp\/v2\/posts\/3697","targetHints":{"allow":["GET"]}}],"collection":[{"href":"https:\/\/www.africanchallenges.com\/index.php?rest_route=\/wp\/v2\/posts"}],"about":[{"href":"https:\/\/www.africanchallenges.com\/index.php?rest_route=\/wp\/v2\/types\/post"}],"author":[{"embeddable":true,"href":"https:\/\/www.africanchallenges.com\/index.php?rest_route=\/wp\/v2\/users\/3"}],"replies":[{"embeddable":true,"href":"https:\/\/www.africanchallenges.com\/index.php?rest_route=%2Fwp%2Fv2%2Fcomments&post=3697"}],"version-history":[{"count":6,"href":"https:\/\/www.africanchallenges.com\/index.php?rest_route=\/wp\/v2\/posts\/3697\/revisions"}],"predecessor-version":[{"id":3704,"href":"https:\/\/www.africanchallenges.com\/index.php?rest_route=\/wp\/v2\/posts\/3697\/revisions\/3704"}],"wp:featuredmedia":[{"embeddable":true,"href":"https:\/\/www.africanchallenges.com\/index.php?rest_route=\/wp\/v2\/media\/3699"}],"wp:attachment":[{"href":"https:\/\/www.africanchallenges.com\/index.php?rest_route=%2Fwp%2Fv2%2Fmedia&parent=3697"}],"wp:term":[{"taxonomy":"category","embeddable":true,"href":"https:\/\/www.africanchallenges.com\/index.php?rest_route=%2Fwp%2Fv2%2Fcategories&post=3697"},{"taxonomy":"post_tag","embeddable":true,"href":"https:\/\/www.africanchallenges.com\/index.php?rest_route=%2Fwp%2Fv2%2Ftags&post=3697"}],"curies":[{"name":"wp","href":"https:\/\/api.w.org\/{rel}","templated":true}]}}