{"id":3679,"date":"2018-11-25T21:30:40","date_gmt":"2018-11-25T21:30:40","guid":{"rendered":"http:\/\/www.africanchallenges.com\/?p=3679"},"modified":"2018-11-25T21:31:14","modified_gmt":"2018-11-25T21:31:14","slug":"tunisie-lancement-du-projet-oasis-creatives-au-gouvernorat-de-tozeur","status":"publish","type":"post","link":"https:\/\/www.africanchallenges.com\/?p=3679","title":{"rendered":"Tunisie : lancement du projet Oasis Cr\u00e9atives au gouvernorat de Tozeur"},"content":{"rendered":"<p><strong>La\u00a0 Maison\u00a0 de l\u2019Image, soutenu par Tfanen-Tunisie\u00a0 Cr\u00e9ative,\u00a0 lance\u00a0 le projet Oasis Cr\u00e9atives.\u00a0 Ce\u00a0 projet\u00a0 vise\u00a0 le d\u00e9senclavement culturel des jeunes de 5 oasis : Chebika, Mid\u00e8s, Nefta, Bouhlel, Tameghza, avec une ouverture en second lieu sur d\u2019autres oasis du gouvernorat de Tozeur.<\/strong><\/p>\n<p>Sous l\u2019encadrement d\u2019un artiste tunisien et d\u2019un artiste \u00e9tranger, 75 \u00e0 90 jeunes issus de ces 5 oasis profiteront gratuitement\u00a0 d\u2019une\u00a0 introduction\u00a0 aux comp\u00e9tences et m\u00e9tiers\u00a0 de\u00a0 l\u2019art\u00a0 \u00e0 travers\u00a0 trois\u00a0 r\u00e9sidences :\u00a0 Photographie, Vid\u00e9ographie, et Design produit (objet et meubles).<\/p>\n<p>Les travaux seront expos\u00e9s lors d\u2019un festival culturel qui aura lieu du 22 au 24 mars 2019 \u00e0 Tameghza, o\u00f9 se retrouveront\u00a0\u00a0 musiciens,\u00a0\u00a0 artistes,\u00a0\u00a0 curieux,\u00a0\u00a0 professionnels\u00a0\u00a0 et\u00a0\u00a0 acteurs\u00a0\u00a0 de\u00a0\u00a0 la\u00a0\u00a0 sc\u00e8ne\u00a0\u00a0 culturelle\u00a0\u00a0 tunisienne\u00a0 et internationale.<\/p>\n<p><strong>Programme<\/strong><strong> :<\/strong><\/p>\n<p>R\u00e9sidence en Photographie : du 05 au 11 janvier 2019 \u00e0 Nefta<\/p>\n<p>R\u00e9sidence en Vid\u00e9ographie : du 12 au 18 janvier 2019 \u00e0 Nefta<\/p>\n<p>R\u00e9sidence en Design produit : du 19 au 25 janvier 2019 \u00e0 Nefta<\/p>\n<p><strong>Crit\u00e8res<\/strong><strong> d\u2019\u00e9ligibilit\u00e9 :<\/strong><\/p>\n<p>\u00catre \u00e2g\u00e9 entre 18 et 32 ans<\/p>\n<p>\u00catre\u00a0 issu\u00a0 de\u00a0 l\u2019une\u00a0 des\u00a0 oasis\u00a0 de\u00a0 Chebika,\u00a0 Mid\u00e8s,\u00a0 Nefta,\u00a0 Bouhlel\u00a0 et\u00a0 Tameghza,\u00a0 avec\u00a0 une\u00a0 ouverture\u00a0 \u00a0 possible sur les autres oasis du gouvernorat de Tozeur.<\/p>\n<p>\u00catre int\u00e9ress\u00e9 par un des m\u00e9tiers de la photographie, vid\u00e9ographie, ou du design produit.<\/p>\n<p>Pour r\u00e9pondre \u00e0 l\u2019appel \u00e0 candidature, veuillez visiter le lien suivant et remplir le formulaire :<\/p>\n<p><a href=\"http:\/\/www.oasiscreatives.com\">www.oasiscreatives.com<\/a><\/p>\n<p><strong>Le<\/strong><strong> dernier d\u00e9lai pour d\u00e9poser les candidatures est fix\u00e9 au 09 d\u00e9cembre 2018.<\/strong><\/p>\n<p>Jusqu\u2019\u00e0 30 participants par r\u00e9sidence seront s\u00e9lectionn\u00e9s.<\/p>\n<p>Seules les personnes pr\u00e9s\u00e9lectionn\u00e9es seront contact\u00e9es pour un entretien oral.<\/p>\n<p>Les dossiers incomplets seront automatiquement rejet\u00e9s.<\/p>\n<p><em>Ce<\/em><em>\u00a0 projet\u00a0 est\u00a0 soutenu\u00a0 par\u00a0 Tfanen\u00a0 &#8211;\u00a0 Tunisie\u00a0 Cr\u00e9ative,\u00a0 un\u00a0 projet\u00a0 d&rsquo;appui\u00a0 au\u00a0 renforcement\u00a0 du\u00a0 secteur\u00a0 culturel, financ\u00e9 par l\u2019Union europ\u00e9enne dans le cadre du Programme d\u2019Appui au Secteur de la Culture en Tunisie (PACT) du\u00a0 Minist\u00e8re\u00a0 des\u00a0 affaires\u00a0 culturelles.\u00a0 Le\u00a0 projet\u00a0 est\u00a0 une\u00a0 collaboration\u00a0 du\u00a0 r\u00e9seau\u00a0 EUNIC\u00a0 (Instituts\u00a0 Culturels Nationaux de l&rsquo;Union Europ\u00e9enne), mis en \u0153uvre par le British Council \u00bb.<\/em><\/p>\n<p><strong>Les<\/strong><strong>\u00a0 r\u00e9sidences<\/strong><\/p>\n<p>Photographie :\u00a0 Cette\u00a0 r\u00e9sidence\u00a0 permet\u00a0 aux\u00a0 b\u00e9n\u00e9ficiaires\u00a0 d\u2019acqu\u00e9rir\u00a0 les\u00a0 bases\u00a0 de\u00a0 la\u00a0 photographie\u00a0 et\u00a0 de\u00a0 les accompagner pour valoriser leur talent. Con\u00e7ue et anim\u00e9e par des photographes de renoms, la r\u00e9sidence repose sur de nombreuses mises en situations pratiques qui apportent aux jeunes un bagage technique permettant \u00e0 leur cr\u00e9ativit\u00e9 de s\u2019exprimer pleinement.<\/p>\n<p>Vid\u00e9ographie : Cette r\u00e9sidence permettra\u00a0 aux participants\u00a0 d\u2019acqu\u00e9rir les bases\u00a0 essentielles\u00a0 de la cr\u00e9ation d\u2019un contenu\u00a0 vid\u00e9o.\u00a0 Les\u00a0 jeunes\u00a0 apprendront\u00a0 \u00e0\u00a0 maitriser\u00a0 toutes\u00a0 les\u00a0 \u00e9tapes\u00a0 de\u00a0 la\u00a0 production\u00a0 d\u2019un\u00a0 contenu\u00a0 vid\u00e9o\u00a0 en associant th\u00e9orie et exercices pratiques.<\/p>\n<p>Design\u00a0 produit (objet\u00a0 et meubles) :\u00a0 Cette r\u00e9sidence permettra\u00a0 aux\u00a0 jeunes de conceptualiser\u00a0 et\u00a0 de r\u00e9aliser\u00a0 des produits\u00a0 (objets\u00a0 et\u00a0 meubles).\u00a0 Les\u00a0 formateurs\u00a0 assureront\u00a0 un\u00a0 accompagnement\u00a0 sur\u00a0 toutes\u00a0 les\u00a0 \u00e9tapes\u00a0 allant\u00a0 du design\u00a0 \u00e0\u00a0 la\u00a0 mat\u00e9rialisation\u00a0 en\u00a0 prenant\u00a0 en\u00a0 compte\u00a0 les\u00a0 contraintes\u00a0 de\u00a0 fabrication.\u00a0 Les\u00a0 jeunes\u00a0 imagineront\u00a0 et conceptualiseront de nouveaux produits avec une d\u00e9marche cr\u00e9ative et des enseignements artistiques associ\u00e9s \u00e0 l\u2019apprentissage des outils et des techniques actuelles.<\/p>\n<p><strong>Avec Communiqu\u00e9<\/strong><\/p>\n<p>&nbsp;<\/p>\n<p>&nbsp;<\/p>\n<p>&nbsp;<\/p>\n<p>&nbsp;<\/p>\n<p>&nbsp;<\/p>\n<p>&nbsp;<\/p>\n<p>&nbsp;<\/p>\n<p>&nbsp;<\/p>\n<p>&nbsp;<\/p>\n<p>&nbsp;<\/p>\n<p>&nbsp;<\/p>\n<p>&nbsp;<\/p>\n<p>&nbsp;<\/p>\n<p>&nbsp;<\/p>\n<p>&nbsp;<\/p>\n<p>&nbsp;<\/p>\n<p>&nbsp;<\/p>\n<p>&nbsp;<\/p>\n<p>&nbsp;<\/p>\n","protected":false},"excerpt":{"rendered":"<p>La\u00a0 Maison\u00a0 de l\u2019Image, soutenu par Tfanen-Tunisie\u00a0 Cr\u00e9ative,\u00a0 lance\u00a0 le projet Oasis Cr\u00e9atives.\u00a0 Ce\u00a0 projet\u00a0 vise\u00a0 le d\u00e9senclavement culturel des jeunes de 5 oasis : Chebika, Mid\u00e8s, Nefta, Bouhlel, Tameghza, avec une ouverture en second lieu sur d\u2019autres oasis du gouvernorat de Tozeur. Sous l\u2019encadrement d\u2019un artiste tunisien et d\u2019un artiste \u00e9tranger, 75 \u00e0 90 [&hellip;]<\/p>\n","protected":false},"author":3,"featured_media":3680,"comment_status":"open","ping_status":"closed","sticky":false,"template":"","format":"standard","meta":{"content-type":"","jnews-multi-image_gallery":[],"jnews_single_post":{"override_template":"0","override":[{"template":"1","parallax":"1","fullscreen":"0","layout":"right-sidebar","sidebar":"default-sidebar","second_sidebar":"default-sidebar","sticky_sidebar":"1","share_position":"top","share_float_style":"share-monocrhome","show_share_counter":"1","show_view_counter":"1","show_featured":"1","show_post_meta":"1","show_post_author":"1","show_post_author_image":"1","show_post_date":"1","post_date_format":"default","post_date_format_custom":"Y\/m\/d","show_post_category":"1","show_post_tag":"1","show_prev_next_post":"1","show_popup_post":"1","number_popup_post":"1","show_author_box":"0","show_post_related":"1","show_inline_post_related":"0"}],"override_image_size":"0","image_override":[{"single_post_thumbnail_size":"crop-500","single_post_gallery_size":"crop-500"}]},"jnews_primary_category":{"id":""},"jnews_override_bookmark_settings":[],"jnews_review":[],"enable_review":"","type":"","name":"","summary":"","brand":"","sku":"","good":[],"bad":[],"score_override":"","override_value":"","rating":[],"price":[],"jnews_post_split":[],"footnotes":""},"categories":[17,7],"tags":[759,1782,1781,1040,1783,261,54],"class_list":["post-3679","post","type-post","status-publish","format-standard","has-post-thumbnail","hentry","category-entertainment","category-lifestyle","tag-lancement","tag-maison-de-limage","tag-oasis-creatives","tag-projet","tag-tfanen-tunisie-creative","tag-tozeur","tag-tunisie"],"_links":{"self":[{"href":"https:\/\/www.africanchallenges.com\/index.php?rest_route=\/wp\/v2\/posts\/3679","targetHints":{"allow":["GET"]}}],"collection":[{"href":"https:\/\/www.africanchallenges.com\/index.php?rest_route=\/wp\/v2\/posts"}],"about":[{"href":"https:\/\/www.africanchallenges.com\/index.php?rest_route=\/wp\/v2\/types\/post"}],"author":[{"embeddable":true,"href":"https:\/\/www.africanchallenges.com\/index.php?rest_route=\/wp\/v2\/users\/3"}],"replies":[{"embeddable":true,"href":"https:\/\/www.africanchallenges.com\/index.php?rest_route=%2Fwp%2Fv2%2Fcomments&post=3679"}],"version-history":[{"count":1,"href":"https:\/\/www.africanchallenges.com\/index.php?rest_route=\/wp\/v2\/posts\/3679\/revisions"}],"predecessor-version":[{"id":3681,"href":"https:\/\/www.africanchallenges.com\/index.php?rest_route=\/wp\/v2\/posts\/3679\/revisions\/3681"}],"wp:featuredmedia":[{"embeddable":true,"href":"https:\/\/www.africanchallenges.com\/index.php?rest_route=\/wp\/v2\/media\/3680"}],"wp:attachment":[{"href":"https:\/\/www.africanchallenges.com\/index.php?rest_route=%2Fwp%2Fv2%2Fmedia&parent=3679"}],"wp:term":[{"taxonomy":"category","embeddable":true,"href":"https:\/\/www.africanchallenges.com\/index.php?rest_route=%2Fwp%2Fv2%2Fcategories&post=3679"},{"taxonomy":"post_tag","embeddable":true,"href":"https:\/\/www.africanchallenges.com\/index.php?rest_route=%2Fwp%2Fv2%2Ftags&post=3679"}],"curies":[{"name":"wp","href":"https:\/\/api.w.org\/{rel}","templated":true}]}}