{"id":3663,"date":"2018-11-24T22:40:06","date_gmt":"2018-11-24T22:40:06","guid":{"rendered":"http:\/\/www.africanchallenges.com\/?p=3663"},"modified":"2018-11-24T22:40:06","modified_gmt":"2018-11-24T22:40:06","slug":"tunisie-commemoration-du-3eme-anniversaire-de-lattaque-terroriste-contre-le-bus-de-la-garde-presidentielle","status":"publish","type":"post","link":"https:\/\/www.africanchallenges.com\/?p=3663","title":{"rendered":"Tunisie : Comm\u00e9moration du 3\u00e8me anniversaire de l\u2019attaque terroriste contre le bus de la Garde pr\u00e9sidentielle"},"content":{"rendered":"<p><strong>M.Lazhar Karoui Chebbi, ministre repr\u00e9sentant personnel du chef de l\u2019Etat, s\u2019est rendu, ce samedi 24 novembre 2018, \u00e0 la caserne de Gammarth afin d\u2019assister \u00e0 la comm\u00e9moration du 3\u00e8me anniversaire de l\u2019attentat terroriste ayant vis\u00e9 le bus de la Garde nationale, en pr\u00e9sence des familles des martyrs, des membres des services de la pr\u00e9sidence de la R\u00e9publique ainsi que les agents et cadre de la s\u00e9curit\u00e9 pr\u00e9sidentielle.<\/strong><\/p>\n<p>https:\/\/www.facebook.com\/Presidence.tn\/videos\/1994769560610258\/<\/p>\n","protected":false},"excerpt":{"rendered":"<p>M.Lazhar Karoui Chebbi, ministre repr\u00e9sentant personnel du chef de l\u2019Etat, s\u2019est rendu, ce samedi 24 novembre 2018, \u00e0 la caserne de Gammarth afin d\u2019assister \u00e0 la comm\u00e9moration du 3\u00e8me anniversaire de l\u2019attentat terroriste ayant vis\u00e9 le bus de la Garde nationale, en pr\u00e9sence des familles des martyrs, des membres des services de la pr\u00e9sidence de [&hellip;]<\/p>\n","protected":false},"author":3,"featured_media":3666,"comment_status":"open","ping_status":"closed","sticky":false,"template":"","format":"standard","meta":{"content-type":"","jnews-multi-image_gallery":[],"jnews_single_post":{"override_template":"0","override":[{"template":"1","parallax":"1","fullscreen":"0","layout":"right-sidebar","sidebar":"default-sidebar","second_sidebar":"default-sidebar","sticky_sidebar":"1","share_position":"top","share_float_style":"share-monocrhome","show_share_counter":"1","show_view_counter":"1","show_featured":"1","show_post_meta":"1","show_post_author":"1","show_post_author_image":"1","show_post_date":"1","post_date_format":"default","post_date_format_custom":"Y\/m\/d","show_post_category":"1","show_post_tag":"1","show_prev_next_post":"1","show_popup_post":"1","number_popup_post":"1","show_author_box":"0","show_post_related":"1","show_inline_post_related":"0"}],"override_image_size":"0","image_override":[{"single_post_thumbnail_size":"crop-500","single_post_gallery_size":"crop-500"}]},"jnews_primary_category":{"id":""},"jnews_override_bookmark_settings":[],"jnews_review":[],"enable_review":"","type":"","name":"","summary":"","brand":"","sku":"","good":[],"bad":[],"score_override":"","override_value":"","rating":[],"price":[],"jnews_post_split":[],"footnotes":""},"categories":[2],"tags":[1773,209,1771,1772,215,1770],"class_list":["post-3663","post","type-post","status-publish","format-standard","has-post-thumbnail","hentry","category-news-politique","tag-attentat-terroriste","tag-anniversaire","tag-aserne-de-gammarth","tag-commemoration","tag-garde-nationale","tag-lazhar-karoui-chebbi"],"_links":{"self":[{"href":"https:\/\/www.africanchallenges.com\/index.php?rest_route=\/wp\/v2\/posts\/3663","targetHints":{"allow":["GET"]}}],"collection":[{"href":"https:\/\/www.africanchallenges.com\/index.php?rest_route=\/wp\/v2\/posts"}],"about":[{"href":"https:\/\/www.africanchallenges.com\/index.php?rest_route=\/wp\/v2\/types\/post"}],"author":[{"embeddable":true,"href":"https:\/\/www.africanchallenges.com\/index.php?rest_route=\/wp\/v2\/users\/3"}],"replies":[{"embeddable":true,"href":"https:\/\/www.africanchallenges.com\/index.php?rest_route=%2Fwp%2Fv2%2Fcomments&post=3663"}],"version-history":[{"count":3,"href":"https:\/\/www.africanchallenges.com\/index.php?rest_route=\/wp\/v2\/posts\/3663\/revisions"}],"predecessor-version":[{"id":3668,"href":"https:\/\/www.africanchallenges.com\/index.php?rest_route=\/wp\/v2\/posts\/3663\/revisions\/3668"}],"wp:featuredmedia":[{"embeddable":true,"href":"https:\/\/www.africanchallenges.com\/index.php?rest_route=\/wp\/v2\/media\/3666"}],"wp:attachment":[{"href":"https:\/\/www.africanchallenges.com\/index.php?rest_route=%2Fwp%2Fv2%2Fmedia&parent=3663"}],"wp:term":[{"taxonomy":"category","embeddable":true,"href":"https:\/\/www.africanchallenges.com\/index.php?rest_route=%2Fwp%2Fv2%2Fcategories&post=3663"},{"taxonomy":"post_tag","embeddable":true,"href":"https:\/\/www.africanchallenges.com\/index.php?rest_route=%2Fwp%2Fv2%2Ftags&post=3663"}],"curies":[{"name":"wp","href":"https:\/\/api.w.org\/{rel}","templated":true}]}}