{"id":3633,"date":"2018-11-23T22:18:18","date_gmt":"2018-11-23T22:18:18","guid":{"rendered":"http:\/\/www.africanchallenges.com\/?p=3633"},"modified":"2018-11-23T22:18:18","modified_gmt":"2018-11-23T22:18:18","slug":"tunisie-les-tunisiens-souhaitent-voir-les-femmes-jouer-un-role-plus-important-selon-le-rapport-de-la-fondation-anna-lindh-2018","status":"publish","type":"post","link":"https:\/\/www.africanchallenges.com\/?p=3633","title":{"rendered":"Tunisie : les Tunisiens souhaitent voir les femmes jouer un r\u00f4le plus important selon le rapport de la fondation Anna Lindh 2018"},"content":{"rendered":"<p><strong>Les conclusions d&rsquo;un nouveau rapport sur les tendances interculturelles et le changement social dans la r\u00e9gion euro-m\u00e9diterran\u00e9enne, lanc\u00e9 aujourd&rsquo;hui par la Fondation Anna Lindh (ALF) et financ\u00e9 par l&rsquo;UE, montrent l&rsquo;importance du dialogue interculturel pour aborder les probl\u00e8mes actuels, de l&rsquo;impact social de la crise des r\u00e9fugi\u00e9s aux causes profondes de la radicalisation et pour remettre en question les discours extr\u00e9mistes. Le rapport montre \u00e9galement que les populations du Sud et de l&rsquo;Est de la M\u00e9diterran\u00e9e (SEM) et d&rsquo;Europe continuent de croire en l&rsquo;importance de renforcer la coop\u00e9ration entre les deux groupes de pays et qu&rsquo;il existe des avantages mutuels qui peuvent \u00eatre obtenus \u00e0 travers la M\u00e9diterran\u00e9e, en particulier dans les domaines des nouvelles opportunit\u00e9s, de l&rsquo;\u00e9ducation, la formation, l&rsquo;esprit d&rsquo;entreprise, l&rsquo;innovation et l&#8217;emploi des jeunes.<\/strong><\/p>\n<p>Plus de 13 000 personnes dans 13 pays, dont la Tunisie, ont \u00e9t\u00e9 interrog\u00e9es sur leurs attentes, leurs pr\u00e9occupations, leurs int\u00e9r\u00eats et leurs valeurs. Sur la base de ces donn\u00e9es, le Rapport sur les tendances interculturelles 2018 pr\u00e9sente de nombreuses informations et donn\u00e9es sur les tendances interculturelles, les d\u00e9veloppements sociaux et les m\u00e9thodes d&rsquo;interaction en Europe et dans la r\u00e9gion SEM, avec des experts des pays de la r\u00e9gion qui analysent les donn\u00e9es et tirent des enseignements de ces r\u00e9sultats.<\/p>\n<p>Si nous examinons les perceptions des personnes interrog\u00e9es sur le r\u00f4le des femmes dans la soci\u00e9t\u00e9, les Tunisiens sont en t\u00eate de liste des 13 pays, avec 65 % en faveur d&rsquo;un r\u00f4le accru des femmes dans la vie \u00e9conomique et commerciale. Analysant les donn\u00e9es du rapport, Mohamed Tozy, professeur universitaire de sciences politiques \u00e0 l\u2019universit\u00e9 Hassan II, Casablanca, (Maroc) et enseignant \u00e0 Aix-en-Provence (France), a d\u00e9clar\u00e9 : \u00ab\u00a0Vu que les Tunisiens sont arriv\u00e9s en t\u00eate de liste, nous sommes<\/p>\n<p>&nbsp;<\/p>\n<p>oblig\u00e9s de prendre au s\u00e9rieux la volont\u00e9 du Gouvernement Tunisien de modifier les lois sur l&rsquo;h\u00e9ritage\u00a0\u00bb<\/p>\n<p>Le rapport montre \u00e9galement les nombreuses similitudes de perception de l&rsquo;\u00e9volution sociale entre les pays de la SEM et les pays europ\u00e9ens. Une grande majorit\u00e9 de la population de la r\u00e9gion SEM comprend que trop de jeunes ont l\u2019impression que leur voix n&rsquo;est pas entendue avec 85% qui ressentent le besoin d&rsquo;une plus grande participation des jeunes dans la vie publique. De l&rsquo;autre c\u00f4t\u00e9 de la M\u00e9diterran\u00e9e, le 81% des Europ\u00e9ens pense le m\u00eame. La majorit\u00e9 des gens disent que les programmes d&rsquo;\u00e9ducation, les salles de classe multiculturelles, les initiatives dirig\u00e9es par les jeunes et le soutien \u00e0 la participation des jeunes \u00e0 la vie publique sont essentiels pour pr\u00e9venir les conflits dans nos soci\u00e9t\u00e9s qui sont de plus en plus diversifi\u00e9s.<\/p>\n<p>Analysant certaines des principales conclusions du rapport, Dalenda Largueche, historienne tunisienne et professeur d&rsquo;histoire moderne et d&rsquo;\u00e9tudes f\u00e9ministes, commente : \u00ab\u00a0\u00c9galement expos\u00e9s aux risques de radicalisation et de conflits, les Tunisiens et les habitants des pays du SEM expriment sensiblement les m\u00eames priorit\u00e9s et pr\u00e9conisent la m\u00eame solution : encourager la participation des jeunes \u00e0 la vie publique (89 %) ; programmes d&rsquo;\u00e9ducation et de jeunesse (88 %) ; initiatives culturelles et artistiques (87 %) ; programmes d\u2019\u00e9changes entre les jeunes de la zone M\u00e9diterran\u00e9e (84 %)\u00a0\u00bb.<\/p>\n<p>Parmi les nombreux sujets abord\u00e9s dans le rapport, tels que les sources m\u00e9diatiques les plus fiables, les valeurs cl\u00e9s dans l&rsquo;\u00e9ducation des enfants et la lutte contre la radicalisation par le dialogue, il a \u00e9t\u00e9 constat\u00e9 que le niveau de tol\u00e9rance de la Tunisie envers les autres cultures est le plus \u00e9lev\u00e9\u00a0: 61% des Tunisiens interrog\u00e9s \u00e9tant fermement convaincus que la diversit\u00e9 culturelle et religieuse \u00e9tait importante pour la prosp\u00e9rit\u00e9 de la soci\u00e9t\u00e9. Les r\u00e9sultats ont \u00e9galement montr\u00e9 que 88 % des Tunisiens n&rsquo;ont aucun probl\u00e8me \u00e0 avoir comme voisin une personne d&rsquo;origine culturelle diff\u00e9rente. Dans le groupe europ\u00e9en, la moyenne \u00e9tait de 82%, et dans le SEM de 75%.<\/p>\n<p>En examinant les r\u00e9actions des r\u00e9pondants tunisiens concernant les attentes de la coop\u00e9ration euro-m\u00e9diterran\u00e9enne, Largueche commente : \u00ab\u00a0Les attentes tunisiennes restent stables de 2012 \u00e0 2016, seul un changement de priorit\u00e9s peut \u00eatre observ\u00e9. Ainsi, la diversit\u00e9 culturelle et la pr\u00e9vention de l&rsquo;extr\u00e9misme, premi\u00e8re attente en 2012 (90%), est rel\u00e9gu\u00e9e en 2016 \u00e0 la troisi\u00e8me place (84%), laissant la premi\u00e8re place \u00e0 l&rsquo;entreprenariat, l&rsquo;innovation et l&#8217;emploi des jeunes (91%) &#8211; la crainte que l&rsquo;extr\u00e9misme ait fait place \u00e0 la peur d&rsquo;une crise \u00e9conomique qui permettrait de d\u00e9passer l&rsquo;Etat explique cette volont\u00e9 de coop\u00e9ration avec l&rsquo;Europe\u00a0\u00bb.<\/p>\n<p>Elisabeth Guigou, Pr\u00e9sidente de la Fondation Anna Lindh, a d\u00e9clar\u00e9 : \u00ab\u00a0Aujourd&rsquo;hui, notre r\u00e9gion est confront\u00e9e \u00e0 un grand nombre de d\u00e9fis et nous devons rassembler nos forces et nos capacit\u00e9s pour pr\u00e9senter un front solide, coh\u00e9rent et uni qui repose sur les r\u00e9alit\u00e9s directement exprim\u00e9es par nos peuples et r\u00e9pond \u00e0 leurs attentes identifi\u00e9es\u00a0\u00bb.<\/p>\n<p>Ahmed Aboul Gheit, secr\u00e9taire g\u00e9n\u00e9ral de la Ligue des \u00c9tats arabes, a d\u00e9clar\u00e9 : \u00ab\u00a0Le rapport Anna Lindh et ses principales conclusions serviront sans aucun doute de r\u00e9f\u00e9rence importante pour les politiciens, les d\u00e9cideurs et les universitaires. La Ligue des \u00c9tats arabes reste pleinement d\u00e9termin\u00e9e \u00e0 faire progresser son partenariat multidimensionnel avec l&rsquo;UE, ses institutions et ses \u00c9tats membres, et je suis convaincu que ce rapport et ses conclusions importantes continueront de nous fournir des analyses pr\u00e9cieuses qui nous permettront de poursuivre nos objectifs communs\u00a0\u00bb.<\/p>\n<p>Pour plus d&rsquo;informations sur la Fondation Anna Lindh, veuillez consulter le site : <a href=\"https:\/\/www.annalindhfoundation.org\/\">https:\/\/www.annalindhfoundation.org\/<\/a><\/p>\n<p>Pour acc\u00e9der au Rapport complet sur les tendances interculturelles de 2018, veuillez consulter le site : <a href=\"http:\/\/www.interculturaltrendsreport.com\">www.interculturaltrendsreport.com<\/a><\/p>\n<p><strong>\u00c0 propos de la Fondation Anna Lindh<\/strong><\/p>\n<p>Cr\u00e9\u00e9e en 2005, la Fondation Anna Lindh est une organisation internationale cr\u00e9\u00e9e par les pays du partenariat euro-m\u00e9diterran\u00e9en et l&rsquo;Union Europ\u00e9enne dans le cadre du processus de Barcelone en tant qu&rsquo;institution centrale du dialogue interculturel entre les peuples de la r\u00e9gion. Il repr\u00e9sente un r\u00e9seau de r\u00e9seaux comprenant des organisations de la soci\u00e9t\u00e9 civile qui se consacrent \u00e0 la promotion du dialogue interculturel et du respect de la diversit\u00e9 dans la r\u00e9gion. Elle s&rsquo;efforce de promouvoir les \u00e9changes interculturels et la compr\u00e9hension mutuelle par le biais de projets communs \u00e9tablis entre les soci\u00e9t\u00e9s civiles de la r\u00e9gion euro-m\u00e9diterran\u00e9enne.<\/p>\n<p><strong>Avec Communiqu\u00e9<\/strong><\/p>\n","protected":false},"excerpt":{"rendered":"<p>Les conclusions d&rsquo;un nouveau rapport sur les tendances interculturelles et le changement social dans la r\u00e9gion euro-m\u00e9diterran\u00e9enne, lanc\u00e9 aujourd&rsquo;hui par la Fondation Anna Lindh (ALF) et financ\u00e9 par l&rsquo;UE, montrent l&rsquo;importance du dialogue interculturel pour aborder les probl\u00e8mes actuels, de l&rsquo;impact social de la crise des r\u00e9fugi\u00e9s aux causes profondes de la radicalisation et pour [&hellip;]<\/p>\n","protected":false},"author":3,"featured_media":3634,"comment_status":"open","ping_status":"closed","sticky":false,"template":"","format":"standard","meta":{"content-type":"","jnews-multi-image_gallery":[],"jnews_single_post":{"override_template":"0","override":[{"template":"1","parallax":"1","fullscreen":"0","layout":"right-sidebar","sidebar":"default-sidebar","second_sidebar":"default-sidebar","sticky_sidebar":"1","share_position":"top","share_float_style":"share-monocrhome","show_share_counter":"1","show_view_counter":"1","show_featured":"1","show_post_meta":"1","show_post_author":"1","show_post_author_image":"1","show_post_date":"1","post_date_format":"default","post_date_format_custom":"Y\/m\/d","show_post_category":"1","show_post_tag":"1","show_prev_next_post":"1","show_popup_post":"1","number_popup_post":"1","show_author_box":"0","show_post_related":"1","show_inline_post_related":"0"}],"override_image_size":"0","image_override":[{"single_post_thumbnail_size":"crop-500","single_post_gallery_size":"crop-500"}]},"jnews_primary_category":{"id":""},"jnews_override_bookmark_settings":[],"jnews_review":[],"enable_review":"","type":"","name":"","summary":"","brand":"","sku":"","good":[],"bad":[],"score_override":"","override_value":"","rating":[],"price":[],"jnews_post_split":[],"footnotes":""},"categories":[61],"tags":[298,1758,1756,1757,1759,1058,54],"class_list":["post-3633","post","type-post","status-publish","format-standard","has-post-thumbnail","hentry","category-societe","tag-cooperation","tag-developpements-sociaux","tag-fondation-anna-lindh","tag-lue","tag-mohamed-tozy","tag-rapport","tag-tunisie"],"_links":{"self":[{"href":"https:\/\/www.africanchallenges.com\/index.php?rest_route=\/wp\/v2\/posts\/3633","targetHints":{"allow":["GET"]}}],"collection":[{"href":"https:\/\/www.africanchallenges.com\/index.php?rest_route=\/wp\/v2\/posts"}],"about":[{"href":"https:\/\/www.africanchallenges.com\/index.php?rest_route=\/wp\/v2\/types\/post"}],"author":[{"embeddable":true,"href":"https:\/\/www.africanchallenges.com\/index.php?rest_route=\/wp\/v2\/users\/3"}],"replies":[{"embeddable":true,"href":"https:\/\/www.africanchallenges.com\/index.php?rest_route=%2Fwp%2Fv2%2Fcomments&post=3633"}],"version-history":[{"count":1,"href":"https:\/\/www.africanchallenges.com\/index.php?rest_route=\/wp\/v2\/posts\/3633\/revisions"}],"predecessor-version":[{"id":3635,"href":"https:\/\/www.africanchallenges.com\/index.php?rest_route=\/wp\/v2\/posts\/3633\/revisions\/3635"}],"wp:featuredmedia":[{"embeddable":true,"href":"https:\/\/www.africanchallenges.com\/index.php?rest_route=\/wp\/v2\/media\/3634"}],"wp:attachment":[{"href":"https:\/\/www.africanchallenges.com\/index.php?rest_route=%2Fwp%2Fv2%2Fmedia&parent=3633"}],"wp:term":[{"taxonomy":"category","embeddable":true,"href":"https:\/\/www.africanchallenges.com\/index.php?rest_route=%2Fwp%2Fv2%2Fcategories&post=3633"},{"taxonomy":"post_tag","embeddable":true,"href":"https:\/\/www.africanchallenges.com\/index.php?rest_route=%2Fwp%2Fv2%2Ftags&post=3633"}],"curies":[{"name":"wp","href":"https:\/\/api.w.org\/{rel}","templated":true}]}}