{"id":3555,"date":"2018-11-22T12:42:06","date_gmt":"2018-11-22T12:42:06","guid":{"rendered":"http:\/\/www.africanchallenges.com\/?p=3555"},"modified":"2018-11-22T12:42:06","modified_gmt":"2018-11-22T12:42:06","slug":"cote-divoire-abidjan-va-accueillir-la-premiere-edition-de-la-foire-internationale-des-radios-services-et-televisions","status":"publish","type":"post","link":"https:\/\/www.africanchallenges.com\/?p=3555","title":{"rendered":"C\u00f4te d\u2019Ivoire : Abidjan va accueillir la premi\u00e8re \u00e9dition de la foire internationale des radios, services et t\u00e9l\u00e9visions"},"content":{"rendered":"<p><strong>En C\u00f4te d\u2019Ivoire, la ville d\u2019Abidjan accueillera, du 12 au 15 mars, la premi\u00e8re \u00e9dition de la foire internationale des radios, services et t\u00e9l\u00e9visions (FIRST). L\u2019information avait \u00e9t\u00e9 annonc\u00e9e lors d\u2019une conf\u00e9rence de presse organis\u00e9e le 8 novembre au bureau de l\u2019Unesco \u00e0 Abidjan.<\/strong><\/p>\n<p>L\u2019\u00e9v\u00e9nement est organis\u00e9 par l\u2019Association internationale des professionnels des m\u00e9dias et de la culture (Aipmc) en collaboration avec l\u2019Unesco.<\/p>\n<p>\u00ab C\u2019est une initiative qui permettra au public de d\u00e9couvrir comment sont cr\u00e9\u00e9es et r\u00e9alis\u00e9es les \u00e9missions radios et t\u00e9l\u00e9visions.\u00bb, a expliqu\u00e9 Evelyne Deba, commissaire g\u00e9n\u00e9ral du First. La foire int\u00e9grera des expositions, des conf\u00e9rences, des \u00e9changes publics, des spectacles.<\/p>\n<p>Cette \u00e9dition aura pour th\u00e8me \u00ab Les m\u00e9dias audiovisuels dans la vie du citoyen \u00bb.<\/p>\n<p>Avec Agence Ecofin<\/p>\n","protected":false},"excerpt":{"rendered":"<p>En C\u00f4te d\u2019Ivoire, la ville d\u2019Abidjan accueillera, du 12 au 15 mars, la premi\u00e8re \u00e9dition de la foire internationale des radios, services et t\u00e9l\u00e9visions (FIRST). L\u2019information avait \u00e9t\u00e9 annonc\u00e9e lors d\u2019une conf\u00e9rence de presse organis\u00e9e le 8 novembre au bureau de l\u2019Unesco \u00e0 Abidjan. L\u2019\u00e9v\u00e9nement est organis\u00e9 par l\u2019Association internationale des professionnels des m\u00e9dias et [&hellip;]<\/p>\n","protected":false},"author":4,"featured_media":3556,"comment_status":"open","ping_status":"closed","sticky":false,"template":"","format":"standard","meta":{"content-type":"","jnews-multi-image_gallery":[],"jnews_single_post":{"override_template":"1","override":[{"template":"1","parallax":"1","fullscreen":"0","layout":"right-sidebar","sidebar":"default-sidebar","second_sidebar":"default-sidebar","sticky_sidebar":"1","share_position":"top","share_float_style":"share-monocrhome","show_share_counter":"1","show_view_counter":"1","show_featured":"1","show_post_meta":"1","show_post_author":"1","show_post_author_image":"1","show_post_date":"1","post_date_format":"default","post_date_format_custom":"Y\/m\/d","show_post_category":"1","show_post_tag":"1","show_prev_next_post":"1","show_popup_post":"1","number_popup_post":"1","show_author_box":"0","show_post_related":"1","show_inline_post_related":"0"}],"override_image_size":"0","image_override":[{"single_post_thumbnail_size":"crop-500","single_post_gallery_size":"crop-500"}]},"jnews_primary_category":{"id":""},"jnews_override_bookmark_settings":[],"jnews_review":[],"enable_review":"","type":"","name":"","summary":"","brand":"","sku":"","good":[],"bad":[],"score_override":"","override_value":"","rating":[],"price":[],"jnews_post_split":[],"footnotes":""},"categories":[61],"tags":[202,201,1729,1728],"class_list":["post-3555","post","type-post","status-publish","format-standard","has-post-thumbnail","hentry","category-societe","tag-abidjan","tag-cote-divoire","tag-first","tag-foire-internationale-des-radios"],"_links":{"self":[{"href":"https:\/\/www.africanchallenges.com\/index.php?rest_route=\/wp\/v2\/posts\/3555","targetHints":{"allow":["GET"]}}],"collection":[{"href":"https:\/\/www.africanchallenges.com\/index.php?rest_route=\/wp\/v2\/posts"}],"about":[{"href":"https:\/\/www.africanchallenges.com\/index.php?rest_route=\/wp\/v2\/types\/post"}],"author":[{"embeddable":true,"href":"https:\/\/www.africanchallenges.com\/index.php?rest_route=\/wp\/v2\/users\/4"}],"replies":[{"embeddable":true,"href":"https:\/\/www.africanchallenges.com\/index.php?rest_route=%2Fwp%2Fv2%2Fcomments&post=3555"}],"version-history":[{"count":1,"href":"https:\/\/www.africanchallenges.com\/index.php?rest_route=\/wp\/v2\/posts\/3555\/revisions"}],"predecessor-version":[{"id":3557,"href":"https:\/\/www.africanchallenges.com\/index.php?rest_route=\/wp\/v2\/posts\/3555\/revisions\/3557"}],"wp:featuredmedia":[{"embeddable":true,"href":"https:\/\/www.africanchallenges.com\/index.php?rest_route=\/wp\/v2\/media\/3556"}],"wp:attachment":[{"href":"https:\/\/www.africanchallenges.com\/index.php?rest_route=%2Fwp%2Fv2%2Fmedia&parent=3555"}],"wp:term":[{"taxonomy":"category","embeddable":true,"href":"https:\/\/www.africanchallenges.com\/index.php?rest_route=%2Fwp%2Fv2%2Fcategories&post=3555"},{"taxonomy":"post_tag","embeddable":true,"href":"https:\/\/www.africanchallenges.com\/index.php?rest_route=%2Fwp%2Fv2%2Ftags&post=3555"}],"curies":[{"name":"wp","href":"https:\/\/api.w.org\/{rel}","templated":true}]}}