{"id":35493,"date":"2021-12-12T00:25:58","date_gmt":"2021-12-12T00:25:58","guid":{"rendered":"https:\/\/www.africanchallenges.com\/?p=35493"},"modified":"2021-12-12T00:33:29","modified_gmt":"2021-12-12T00:33:29","slug":"tunisie-la-42-eme-edition-du-festival-international-des-oasis-lart-au-combat-du-terrorisme","status":"publish","type":"post","link":"https:\/\/www.africanchallenges.com\/?p=35493","title":{"rendered":"Tunisie- La 42 \u00e8me \u00e9dition du Festival international des Oasis de Tozeur: L&rsquo;art au combat du terrorisme"},"content":{"rendered":"\n<p class=\"wp-block-paragraph\">Parmi les traditions du festival international des oasis de Tozeur la tenue des colloques culturels qui pr\u00e9c\u00e8dent le coup d\u2019envoi du programme des spectacles.<\/p>\n\n\n\n<p class=\"wp-block-paragraph\">Dans une d\u00e9claration accord\u00e9e \u00e0 \u00ab\u00a0African Challenges\u00a0\u00bb, M.Liwa Amar, membre du comit\u00e9 organisateur de la 42\u00e8 \u00e9dition du Festival International des Oasis de Tozeur, \u00a0a\u00a0 annonc\u00e9 que\u00a0 l\u2019analyste et politicien M.Riadh\u00a0 Sydaoui , l\u2019invit\u00e9 d\u2019honneur de cette \u00e9dition tiendra une conf\u00e9rence\u00a0 sous le th\u00e8me\u00a0:\u00a0 \u00ab\u00a0le terrorisme\u00a0 ses causes et sa lutte\u00a0\u00bb, soit qu\u2019il s\u2019agit du terrorisme\u00a0 culturel , politique , \u00a0ou scientifique a pr\u00e9cis\u00e9 M.Amara.<\/p>\n\n\n\n<figure class=\"wp-block-embed is-type-video is-provider-youtube wp-block-embed-youtube wp-embed-aspect-16-9 wp-has-aspect-ratio\"><div class=\"wp-block-embed__wrapper\">\n<div class=\"jeg_video_container jeg_video_content\"><iframe title=\"M.Liwa Amara\" width=\"500\" height=\"281\" src=\"https:\/\/www.youtube.com\/embed\/yeecvh2tz10?feature=oembed\" frameborder=\"0\" allow=\"accelerometer; autoplay; clipboard-write; encrypted-media; gyroscope; picture-in-picture; web-share\" referrerpolicy=\"strict-origin-when-cross-origin\" allowfullscreen><\/iframe><\/div>\n<\/div><\/figure>\n","protected":false},"excerpt":{"rendered":"<p>Parmi les traditions du festival international des oasis de Tozeur la tenue des colloques culturels qui pr\u00e9c\u00e8dent le coup d\u2019envoi du programme des spectacles. Dans une d\u00e9claration accord\u00e9e \u00e0 \u00ab\u00a0African Challenges\u00a0\u00bb, M.Liwa Amar, membre du comit\u00e9 organisateur de la 42\u00e8 \u00e9dition du Festival International des Oasis de Tozeur, \u00a0a\u00a0 annonc\u00e9 que\u00a0 l\u2019analyste et politicien M.Riadh\u00a0 [&hellip;]<\/p>\n","protected":false},"author":3,"featured_media":35494,"comment_status":"open","ping_status":"closed","sticky":false,"template":"","format":"standard","meta":{"content-type":"","jnews-multi-image_gallery":[],"jnews_single_post":{"subtitle":"","format":"standard","video":"","gallery":"","source_name":"","source_url":"","via_name":"","via_url":"","override":[{"single_blog_custom":"","sidebar":"","second_sidebar":"","share_position":"","share_float_style":"","post_date_format":"","post_date_format_custom":"","post_reading_time_wpm":"","zoom_button_out_step":"1","zoom_button_in_step":"1","number_popup_post":"1"}],"image_override":[{"single_post_thumbnail_size":"","single_post_gallery_size":""}],"trending_post_position":"","trending_post_label":"","sponsored_post_label":"","sponsored_post_name":"","sponsored_post_url":"","sponsored_post_logo":"","sponsored_post_desc":""},"jnews_primary_category":{"id":""},"jnews_override_bookmark_settings":[],"jnews_review":[],"enable_review":"","type":"","name":"","summary":"","brand":"","sku":"","good":[],"bad":[],"score_override":"","override_value":"","rating":[],"price":[],"jnews_post_split":[],"footnotes":""},"categories":[17],"tags":[7324,3944,2320],"class_list":["post-35493","post","type-post","status-publish","format-standard","has-post-thumbnail","hentry","category-entertainment","tag-combat","tag-festival-international-des-oasis","tag-terrorisme"],"_links":{"self":[{"href":"https:\/\/www.africanchallenges.com\/index.php?rest_route=\/wp\/v2\/posts\/35493","targetHints":{"allow":["GET"]}}],"collection":[{"href":"https:\/\/www.africanchallenges.com\/index.php?rest_route=\/wp\/v2\/posts"}],"about":[{"href":"https:\/\/www.africanchallenges.com\/index.php?rest_route=\/wp\/v2\/types\/post"}],"author":[{"embeddable":true,"href":"https:\/\/www.africanchallenges.com\/index.php?rest_route=\/wp\/v2\/users\/3"}],"replies":[{"embeddable":true,"href":"https:\/\/www.africanchallenges.com\/index.php?rest_route=%2Fwp%2Fv2%2Fcomments&post=35493"}],"version-history":[{"count":4,"href":"https:\/\/www.africanchallenges.com\/index.php?rest_route=\/wp\/v2\/posts\/35493\/revisions"}],"predecessor-version":[{"id":35498,"href":"https:\/\/www.africanchallenges.com\/index.php?rest_route=\/wp\/v2\/posts\/35493\/revisions\/35498"}],"wp:featuredmedia":[{"embeddable":true,"href":"https:\/\/www.africanchallenges.com\/index.php?rest_route=\/wp\/v2\/media\/35494"}],"wp:attachment":[{"href":"https:\/\/www.africanchallenges.com\/index.php?rest_route=%2Fwp%2Fv2%2Fmedia&parent=35493"}],"wp:term":[{"taxonomy":"category","embeddable":true,"href":"https:\/\/www.africanchallenges.com\/index.php?rest_route=%2Fwp%2Fv2%2Fcategories&post=35493"},{"taxonomy":"post_tag","embeddable":true,"href":"https:\/\/www.africanchallenges.com\/index.php?rest_route=%2Fwp%2Fv2%2Ftags&post=35493"}],"curies":[{"name":"wp","href":"https:\/\/api.w.org\/{rel}","templated":true}]}}