{"id":3548,"date":"2018-11-17T21:47:39","date_gmt":"2018-11-17T21:47:39","guid":{"rendered":"http:\/\/www.africanchallenges.com\/?p=3548"},"modified":"2018-11-17T21:49:37","modified_gmt":"2018-11-17T21:49:37","slug":"tunisie-1er-seminaire-transnational-du-projet-jeunes-des-deux-rives-de-la-mediterranee-engages-dans-une-citoyennete-ouverte-sur-le-monde","status":"publish","type":"post","link":"https:\/\/www.africanchallenges.com\/?p=3548","title":{"rendered":"Tunisie : 1er s\u00e9minaire transnational du projet \u00ab Jeunes des deux rives de la M\u00e9diterran\u00e9e engag\u00e9s dans une citoyennet\u00e9 ouverte sur le monde \u00bb"},"content":{"rendered":"<p><strong>Le projet J2R vise \u00e0 sensibiliser des jeunes de France, du Maroc et de Tunisie aux enjeux du d\u00e9veloppement et de la citoyennet\u00e9 internationale et \u00e0 les aider \u00e0 s\u2019engager par la mise en place d\u2019actions de solidarit\u00e9 internationale. Du\u00a016 au 18 novembre se r\u00e9unissent pour la premi\u00e8re fois les tous les partenaires du projet, soit plus de 80 personnes\u00a0issues d\u2019organisations de la soci\u00e9t\u00e9 civile, des professionnels de l\u2019\u00e9ducation, des jeunes des trois pays. Ils se r\u00e9unissent pour lancer la dynamique transnationale du projet au complexe de jeunesse de Nabeul.<\/strong><\/p>\n<p>Ce projet de sensibilisation et de mobilisation citoyenne a \u00e9t\u00e9 lanc\u00e9 par l\u2019association Migrations &amp; D\u00e9veloppement, en collaboration avec Solidarit\u00e9 La\u00efque et avec le soutien de l\u2019Agence Fran\u00e7aise de D\u00e9veloppement (AFD). Il mobilise \u00e9galement les associations ANRAS, Trame de Vie, La Ligue de l\u2019enseignement, et Etudiants &amp; Development, le CCAD et le Tunisian Forum for Youth Environnement ainsi que le Minist\u00e8re de la Jeunesse et des Sports de Tunisie, qui accueille l\u2019\u00e9v\u00e8nement. Il\u00a0est n\u00e9 de la volont\u00e9 de Migrations &amp; D\u00e9veloppement et de ses partenaires d\u2019inventer de nouveaux moyens de sensibiliser les jeunes. Il part d\u2019un sentiment, partag\u00e9 par de nombreux acteurs de l\u2019\u00e9ducation, d\u2019inqui\u00e9tude, voire d\u2019impuissance vis-\u00e0-vis d\u2019une partie de la jeunesse qui a du mal \u00e0 trouver sa place dans la soci\u00e9t\u00e9, \u00e0 se forger une ou des identit\u00e9s, \u00e0 construire son rapport aux autres.<\/p>\n<p>Le projet vise \u00e0 am\u00e9liorer la compr\u00e9hension des jeunes sur les enjeux de d\u00e9veloppement et la solidarit\u00e9 internationale\u00a0et \u00e0 les aider \u00e0 concevoir et mettre en place des actions de solidarit\u00e9 internationale. Les activit\u00e9s consistent \u00e0 former une centaine d\u2019encadrants de jeunes (animateurs, \u00e9ducateurs, enseignants, travailleurs sociaux)\u00a0; s\u00e9lectionner 750 jeunes fran\u00e7ais, marocains et tunisiens et les sensibiliser \u00e0 la solidarit\u00e9 internationale\u00a0; susciter et accompagner des projets concrets de solidarit\u00e9 internationale port\u00e9s par ces jeunes (pour environ 300 d\u2019entre eux). Le projet a d\u00e9marr\u00e9 en avril 2017 et a d\u00e9j\u00e0 donn\u00e9 lieu \u00e0 de nombreuses actions de formation, animations, projets de jeunes\u2026 en France, au Maroc et en Tunisie.<\/p>\n<p>Le s\u00e9minaire organis\u00e9 \u00e0 Nabeul r\u00e9unira pour la premi\u00e8re fois les encadrants de jeunes des trois pays concern\u00e9s. Il s\u2019agira au cours de ces trois journ\u00e9es de concr\u00e9tiser la dynamique transnationale du projet, c\u2019est-\u00e0-dire\u00a0: de se conna\u00eetre et d\u2019\u00e9changer autour du projet J2R\u00a0; de partager et d\u2019analyser les diff\u00e9rentes pratiques \u00e9ducatives dans chacun des trois espaces nationaux\u00a0; de mettre en place des projets collectifs de solidarit\u00e9 internationale.<\/p>\n<p>J2R est un projet pilote et novateur qui a vocation \u00e0 \u00eatre poursuivi et \u00e9largi \u00e0 partir de 2019, sous la responsabilit\u00e9 de Solidarit\u00e9 La\u00efque. L\u2019AFD a soutenu ce projet d\u00e8s son lancement, car il s\u2019inscrit au croisement de deux de ses mandats et priorit\u00e9s\u00a0: l\u2019\u00e9ducation \u00e0 la citoyennet\u00e9 internationale et la jeunesse. L\u2019acc\u00e8s \u00e0 l\u2019\u00e9ducation et \u00e0 l\u2019emploi de la jeunesse est en effet une condition essentielle des politiques d\u2019aide au d\u00e9veloppement et l\u2019AFD en fait d\u00e9sormais un axe structurant de sa strat\u00e9gie. La jeunesse est aussi un des trois enjeux transversaux prioritaires (avec le climat et les in\u00e9galit\u00e9s de genre), de l\u2019action de l\u2019AFD en mati\u00e8re de soutien \u00e0 la soci\u00e9t\u00e9 civile.<\/p>\n<p><strong>Avec Communiqu\u00e9<\/strong><\/p>\n","protected":false},"excerpt":{"rendered":"<p>Le projet J2R vise \u00e0 sensibiliser des jeunes de France, du Maroc et de Tunisie aux enjeux du d\u00e9veloppement et de la citoyennet\u00e9 internationale et \u00e0 les aider \u00e0 s\u2019engager par la mise en place d\u2019actions de solidarit\u00e9 internationale. Du\u00a016 au 18 novembre se r\u00e9unissent pour la premi\u00e8re fois les tous les partenaires du projet, [&hellip;]<\/p>\n","protected":false},"author":3,"featured_media":3550,"comment_status":"open","ping_status":"closed","sticky":false,"template":"","format":"standard","meta":{"content-type":"","jnews-multi-image_gallery":[],"jnews_single_post":{"override_template":"0","override":[{"template":"1","parallax":"1","fullscreen":"0","layout":"right-sidebar","sidebar":"default-sidebar","second_sidebar":"default-sidebar","sticky_sidebar":"1","share_position":"top","share_float_style":"share-monocrhome","show_share_counter":"1","show_view_counter":"1","show_featured":"1","show_post_meta":"1","show_post_author":"1","show_post_author_image":"1","show_post_date":"1","post_date_format":"default","post_date_format_custom":"Y\/m\/d","show_post_category":"1","show_post_tag":"1","show_prev_next_post":"1","show_popup_post":"1","number_popup_post":"1","show_author_box":"0","show_post_related":"1","show_inline_post_related":"0"}],"override_image_size":"0","image_override":[{"single_post_thumbnail_size":"crop-500","single_post_gallery_size":"crop-500"}]},"jnews_primary_category":{"id":""},"jnews_override_bookmark_settings":[],"jnews_review":[],"enable_review":"","type":"","name":"","summary":"","brand":"","sku":"","good":[],"bad":[],"score_override":"","override_value":"","rating":[],"price":[],"jnews_post_split":[],"footnotes":""},"categories":[61],"tags":[245,1727,349,1227,1726,1212,54],"class_list":["post-3548","post","type-post","status-publish","format-standard","has-post-thumbnail","hentry","category-societe","tag-france","tag-lafd","tag-maroc","tag-nabeul","tag-projet-j2r","tag-seminaire","tag-tunisie"],"_links":{"self":[{"href":"https:\/\/www.africanchallenges.com\/index.php?rest_route=\/wp\/v2\/posts\/3548","targetHints":{"allow":["GET"]}}],"collection":[{"href":"https:\/\/www.africanchallenges.com\/index.php?rest_route=\/wp\/v2\/posts"}],"about":[{"href":"https:\/\/www.africanchallenges.com\/index.php?rest_route=\/wp\/v2\/types\/post"}],"author":[{"embeddable":true,"href":"https:\/\/www.africanchallenges.com\/index.php?rest_route=\/wp\/v2\/users\/3"}],"replies":[{"embeddable":true,"href":"https:\/\/www.africanchallenges.com\/index.php?rest_route=%2Fwp%2Fv2%2Fcomments&post=3548"}],"version-history":[{"count":3,"href":"https:\/\/www.africanchallenges.com\/index.php?rest_route=\/wp\/v2\/posts\/3548\/revisions"}],"predecessor-version":[{"id":3552,"href":"https:\/\/www.africanchallenges.com\/index.php?rest_route=\/wp\/v2\/posts\/3548\/revisions\/3552"}],"wp:featuredmedia":[{"embeddable":true,"href":"https:\/\/www.africanchallenges.com\/index.php?rest_route=\/wp\/v2\/media\/3550"}],"wp:attachment":[{"href":"https:\/\/www.africanchallenges.com\/index.php?rest_route=%2Fwp%2Fv2%2Fmedia&parent=3548"}],"wp:term":[{"taxonomy":"category","embeddable":true,"href":"https:\/\/www.africanchallenges.com\/index.php?rest_route=%2Fwp%2Fv2%2Fcategories&post=3548"},{"taxonomy":"post_tag","embeddable":true,"href":"https:\/\/www.africanchallenges.com\/index.php?rest_route=%2Fwp%2Fv2%2Ftags&post=3548"}],"curies":[{"name":"wp","href":"https:\/\/api.w.org\/{rel}","templated":true}]}}