{"id":3420,"date":"2018-11-09T20:46:35","date_gmt":"2018-11-09T20:46:35","guid":{"rendered":"http:\/\/www.africanchallenges.com\/?p=3420"},"modified":"2018-11-13T21:08:10","modified_gmt":"2018-11-13T21:08:10","slug":"tunisie-jcc-2018-projection-du-film-de-calais-a-cancale","status":"publish","type":"post","link":"https:\/\/www.africanchallenges.com\/?p=3420","title":{"rendered":"Tunisie : JCC 2018, projection du film \u00ab de Calais \u00e0 Cancale \u00bb"},"content":{"rendered":"<p><strong>A l\u2019occasion de cette \u00e9dition 2018, TV5 MONDE partenaire historique des JCC, propose \u00e0 travers la \u00ab\u00a0Carte blanche \u00e0 TV5 MONDE\u00a0\u00bb initi\u00e9e il y a deux ans, la projection du film\u00a0 \u00ab\u00a0de Calais \u00e0 Cancale\u00a0\u00bb du r\u00e9alisateur Mehdi LALLAOUI.<\/strong><\/p>\n<p>Synopsis du film\u00a0: Apr\u00e8s la fermeture de la \u00ab jungle\u00bb \u00e0 Calais en France, \u00a0que deviennent ces milliers de migrants r\u00e9partis dans tout le pays ? A Cancale en Bretagne nous suivrons quelques-uns,\u00a0d\u2019entre eux, principalement des jeunes Soudanais,\u00a0\u00e0 travers leurs itin\u00e9raires et leurs espoirs d\u2019une vie meilleure ainsi que les personnes qui les soutiennent.<\/p>\n<p>Outre la Carte blanche \u00e0 TV5 MONDE, la cha\u00eene culturelle francophone mondiale, diffuse un spot des JCC pour annoncer cette manifestation culturelle \u00e0 travers le monde et contribuer \u00e0 son rayonnement international. Par ailleurs la cha\u00eene contribue \u00e9galement \u00e0 travers le Prix de la 1\u00e8re \u0153uvre ainsi qu\u2019une bourse de d\u00e9veloppement. Enfin, Mme Zina Berrahal, est membre du Jury \u00ab\u00a0Cin\u00e9-Promesse\u00a0\u00bb, qui r\u00e9compense les courts-m\u00e9trages fiction et documentaire des \u00e9coles.<\/p>\n<p>&nbsp;<\/p>\n","protected":false},"excerpt":{"rendered":"<p>A l\u2019occasion de cette \u00e9dition 2018, TV5 MONDE partenaire historique des JCC, propose \u00e0 travers la \u00ab\u00a0Carte blanche \u00e0 TV5 MONDE\u00a0\u00bb initi\u00e9e il y a deux ans, la projection du film\u00a0 \u00ab\u00a0de Calais \u00e0 Cancale\u00a0\u00bb du r\u00e9alisateur Mehdi LALLAOUI. Synopsis du film\u00a0: Apr\u00e8s la fermeture de la \u00ab jungle\u00bb \u00e0 Calais en France, \u00a0que deviennent [&hellip;]<\/p>\n","protected":false},"author":3,"featured_media":3422,"comment_status":"open","ping_status":"closed","sticky":false,"template":"","format":"standard","meta":{"content-type":"","jnews-multi-image_gallery":[],"jnews_single_post":{"override_template":"0","override":[{"template":"1","parallax":"1","fullscreen":"0","layout":"right-sidebar","sidebar":"default-sidebar","second_sidebar":"default-sidebar","sticky_sidebar":"1","share_position":"top","share_float_style":"share-monocrhome","show_share_counter":"1","show_view_counter":"1","show_featured":"1","show_post_meta":"1","show_post_author":"1","show_post_author_image":"1","show_post_date":"1","post_date_format":"default","post_date_format_custom":"Y\/m\/d","show_post_category":"1","show_post_tag":"1","show_prev_next_post":"1","show_popup_post":"1","number_popup_post":"1","show_author_box":"0","show_post_related":"1","show_inline_post_related":"0"}],"override_image_size":"0","image_override":[{"single_post_thumbnail_size":"crop-500","single_post_gallery_size":"crop-500"}]},"jnews_primary_category":{"id":""},"jnews_override_bookmark_settings":[],"jnews_review":[],"enable_review":"","type":"","name":"","summary":"","brand":"","sku":"","good":[],"bad":[],"score_override":"","override_value":"","rating":[],"price":[],"jnews_post_split":[],"footnotes":""},"categories":[17,7],"tags":[1678,480,831,1679,1677,1676],"class_list":["post-3420","post","type-post","status-publish","format-standard","has-post-thumbnail","hentry","category-entertainment","category-lifestyle","tag-de-calais-a-cancale","tag-film","tag-jcc","tag-mehdi-lallaoui","tag-projection","tag-tv5-monde"],"_links":{"self":[{"href":"https:\/\/www.africanchallenges.com\/index.php?rest_route=\/wp\/v2\/posts\/3420","targetHints":{"allow":["GET"]}}],"collection":[{"href":"https:\/\/www.africanchallenges.com\/index.php?rest_route=\/wp\/v2\/posts"}],"about":[{"href":"https:\/\/www.africanchallenges.com\/index.php?rest_route=\/wp\/v2\/types\/post"}],"author":[{"embeddable":true,"href":"https:\/\/www.africanchallenges.com\/index.php?rest_route=\/wp\/v2\/users\/3"}],"replies":[{"embeddable":true,"href":"https:\/\/www.africanchallenges.com\/index.php?rest_route=%2Fwp%2Fv2%2Fcomments&post=3420"}],"version-history":[{"count":2,"href":"https:\/\/www.africanchallenges.com\/index.php?rest_route=\/wp\/v2\/posts\/3420\/revisions"}],"predecessor-version":[{"id":3423,"href":"https:\/\/www.africanchallenges.com\/index.php?rest_route=\/wp\/v2\/posts\/3420\/revisions\/3423"}],"wp:featuredmedia":[{"embeddable":true,"href":"https:\/\/www.africanchallenges.com\/index.php?rest_route=\/wp\/v2\/media\/3422"}],"wp:attachment":[{"href":"https:\/\/www.africanchallenges.com\/index.php?rest_route=%2Fwp%2Fv2%2Fmedia&parent=3420"}],"wp:term":[{"taxonomy":"category","embeddable":true,"href":"https:\/\/www.africanchallenges.com\/index.php?rest_route=%2Fwp%2Fv2%2Fcategories&post=3420"},{"taxonomy":"post_tag","embeddable":true,"href":"https:\/\/www.africanchallenges.com\/index.php?rest_route=%2Fwp%2Fv2%2Ftags&post=3420"}],"curies":[{"name":"wp","href":"https:\/\/api.w.org\/{rel}","templated":true}]}}