{"id":3326,"date":"2018-11-02T11:43:41","date_gmt":"2018-11-02T11:43:41","guid":{"rendered":"http:\/\/www.africanchallenges.com\/?p=3326"},"modified":"2018-11-02T11:43:41","modified_gmt":"2018-11-02T11:43:41","slug":"conference-economique-africaine-2018-du-3-au-5-decembre-2018-a-kigali","status":"publish","type":"post","link":"https:\/\/www.africanchallenges.com\/?p=3326","title":{"rendered":"Conf\u00e9rence \u00e9conomique africaine 2018 du 3 au 5 d\u00e9cembre 2018 \u00e0 Kigali"},"content":{"rendered":"<p><strong>La <a href=\"https:\/\/www.afdb.org\/fr\/news-and-events\/2018-african-economic-conference-to-focus-on-innovative-solutions-to-impediments-to-africas-regional-and-continental-integration-18625\/\">Conf\u00e9rence \u00e9conomique africaine<\/a> (AEC) 2018 se tiendra du 3 au 5 d\u00e9cembre 2018 \u00e0 l&rsquo;h\u00f4tel Kigali Marriott, avenue KN 3, district de Nyarugenge, \u00e0 Kigali, au Rwanda, sur le th\u00e8me : Int\u00e9gration r\u00e9gionale et continentale pour le d\u00e9veloppement de l&rsquo;Afrique.<\/strong><\/p>\n<p>Organis\u00e9e conjointement par la Banque africaine de d\u00e9veloppement, la Commission \u00e9conomique des Nations Unies pour l\u2019Afrique (UNECA) et le Programme des Nations Unies pour le d\u00e9veloppement (PNUD), la conf\u00e9rence, offrira aux chercheurs, aux d\u00e9cideurs politiques et aux praticiens du d\u00e9veloppement, une opportunit\u00e9 unique de d\u00e9battre et d\u2019acqu\u00e9rir des connaissances sur les solutions d\u2019int\u00e9gration continentale.<\/p>\n<p>Les discussions porteront sur les solutions novatrices aux obstacles \u00e0 l\u2019int\u00e9gration r\u00e9gionale et continentale de l\u2019Afrique.<\/p>\n<p>L&rsquo;objectif principal de l&rsquo;\u00e9dition 2018 est de promouvoir la gestion des connaissances en tant que moteur important du dialogue sur les politiques, qui favorise l&rsquo;\u00e9change d&rsquo;id\u00e9es et la r\u00e9flexion novatrice parmi les chercheurs, les praticiens du d\u00e9veloppement et les d\u00e9cideurs. La conf\u00e9rence offrira aux jeunes chercheurs africains, aux Africains de la diaspora et aux organisations r\u00e9gionales et sous r\u00e9gionales, la possibilit\u00e9 de diffuser les r\u00e9sultats de leurs recherches et de partager des informations avec les d\u00e9cideurs africains sur le travail qu\u2019ils accomplissent dans la r\u00e9gion.<\/p>\n<p>La Conf\u00e9rence \u00e9conomique africaine de 2017 s&rsquo;est tenue \u00e0 Addis-Abeba (Ethiopie) du 4 au 6 d\u00e9cembre, et a mis l&rsquo;accent sur la mani\u00e8re dont les pays africains pourraient r\u00e9aliser une transformation structurelle gr\u00e2ce \u00e0 la gouvernance. Environ 400 participants \u00e9taient pr\u00e9sents \u00e0 cette rencontre.<\/p>\n<p>Avec BAD<\/p>\n","protected":false},"excerpt":{"rendered":"<p>La Conf\u00e9rence \u00e9conomique africaine (AEC) 2018 se tiendra du 3 au 5 d\u00e9cembre 2018 \u00e0 l&rsquo;h\u00f4tel Kigali Marriott, avenue KN 3, district de Nyarugenge, \u00e0 Kigali, au Rwanda, sur le th\u00e8me : Int\u00e9gration r\u00e9gionale et continentale pour le d\u00e9veloppement de l&rsquo;Afrique. Organis\u00e9e conjointement par la Banque africaine de d\u00e9veloppement, la Commission \u00e9conomique des Nations Unies [&hellip;]<\/p>\n","protected":false},"author":4,"featured_media":3327,"comment_status":"open","ping_status":"closed","sticky":false,"template":"","format":"standard","meta":{"content-type":"","jnews-multi-image_gallery":[],"jnews_single_post":{"override_template":"1","override":[{"template":"1","parallax":"1","fullscreen":"0","layout":"right-sidebar","sidebar":"default-sidebar","second_sidebar":"default-sidebar","sticky_sidebar":"1","share_position":"top","share_float_style":"share-monocrhome","show_share_counter":"1","show_view_counter":"1","show_featured":"1","show_post_meta":"1","show_post_author":"1","show_post_author_image":"1","show_post_date":"1","post_date_format":"default","post_date_format_custom":"Y\/m\/d","show_post_category":"1","show_post_tag":"1","show_prev_next_post":"1","show_popup_post":"1","number_popup_post":"1","show_author_box":"0","show_post_related":"1","show_inline_post_related":"0"}],"override_image_size":"0","image_override":[{"single_post_thumbnail_size":"crop-500","single_post_gallery_size":"crop-500"}]},"jnews_primary_category":{"id":""},"jnews_override_bookmark_settings":[],"jnews_review":[],"enable_review":"","type":"","name":"","summary":"","brand":"","sku":"","good":[],"bad":[],"score_override":"","override_value":"","rating":[],"price":[],"jnews_post_split":[],"footnotes":""},"categories":[43,73],"tags":[1617,1164,153],"class_list":["post-3326","post","type-post","status-publish","format-standard","has-post-thumbnail","hentry","category-eco-business","category-eco","tag-conference-economique-africaine","tag-pnud","tag-rwanda"],"_links":{"self":[{"href":"https:\/\/www.africanchallenges.com\/index.php?rest_route=\/wp\/v2\/posts\/3326","targetHints":{"allow":["GET"]}}],"collection":[{"href":"https:\/\/www.africanchallenges.com\/index.php?rest_route=\/wp\/v2\/posts"}],"about":[{"href":"https:\/\/www.africanchallenges.com\/index.php?rest_route=\/wp\/v2\/types\/post"}],"author":[{"embeddable":true,"href":"https:\/\/www.africanchallenges.com\/index.php?rest_route=\/wp\/v2\/users\/4"}],"replies":[{"embeddable":true,"href":"https:\/\/www.africanchallenges.com\/index.php?rest_route=%2Fwp%2Fv2%2Fcomments&post=3326"}],"version-history":[{"count":1,"href":"https:\/\/www.africanchallenges.com\/index.php?rest_route=\/wp\/v2\/posts\/3326\/revisions"}],"predecessor-version":[{"id":3328,"href":"https:\/\/www.africanchallenges.com\/index.php?rest_route=\/wp\/v2\/posts\/3326\/revisions\/3328"}],"wp:featuredmedia":[{"embeddable":true,"href":"https:\/\/www.africanchallenges.com\/index.php?rest_route=\/wp\/v2\/media\/3327"}],"wp:attachment":[{"href":"https:\/\/www.africanchallenges.com\/index.php?rest_route=%2Fwp%2Fv2%2Fmedia&parent=3326"}],"wp:term":[{"taxonomy":"category","embeddable":true,"href":"https:\/\/www.africanchallenges.com\/index.php?rest_route=%2Fwp%2Fv2%2Fcategories&post=3326"},{"taxonomy":"post_tag","embeddable":true,"href":"https:\/\/www.africanchallenges.com\/index.php?rest_route=%2Fwp%2Fv2%2Ftags&post=3326"}],"curies":[{"name":"wp","href":"https:\/\/api.w.org\/{rel}","templated":true}]}}