{"id":3175,"date":"2018-10-23T19:58:57","date_gmt":"2018-10-23T19:58:57","guid":{"rendered":"http:\/\/www.africanchallenges.com\/?p=3175"},"modified":"2018-10-23T19:58:57","modified_gmt":"2018-10-23T19:58:57","slug":"tunisie-le-chef-de-letat-recoit-le-secretaire-general-de-lugtt","status":"publish","type":"post","link":"https:\/\/www.africanchallenges.com\/?p=3175","title":{"rendered":"Tunisie : le chef de l\u2019Etat re\u00e7oit  le Secr\u00e9taire g\u00e9n\u00e9ral de l\u2019UGTT"},"content":{"rendered":"<p><strong>Le chef de l\u2019Etat, B\u00e9ji Ca\u00efd Essebi, a re\u00e7u ce mardi 23 octobre 2018, le secr\u00e9taire g\u00e9n\u00e9ral de l\u2019UGTT, Noureddine Taboubi au Palais de Carthage.<\/strong><\/p>\n<p>L\u2019objet de cette rencontre a tourn\u00e9 autour des derni\u00e8res \u00e9volutions de la situation sociale et de l\u2019importance de poursuivre les n\u00e9gociations pour finaliser l\u2019accord entre l\u2019UGTT et le gouvernement.<\/p>\n<p>Taboubi a d\u00e9clar\u00e9 qu\u2019il a inform\u00e9 le Pr\u00e9sident de la R\u00e9publique des derniers \u00e9v\u00e8nements relatifs \u00e0 la situation sociale et l\u2019importance de poursuivre l\u2019effort en vue d\u2019achever le processus du dernier accord conclu entre l\u2019Organisation syndicale et le Gouvernement, pour inclure le secteur de la Fonction publique.<\/p>\n<p>Il a ajout\u00e9 que les discussions ont tourn\u00e9s \u00e9galement autour des n\u00e9gociations sociales dans un certain nombre de dossiers sectoriels et la n\u00e9cessit\u00e9 d\u2019orienter les divers efforts pour assainir le climat g\u00e9n\u00e9ral dans le pays, et rendre l\u2019espoir \u00e0 tous les Tunisiens.<\/p>\n<p>Rappelons que cette rencontre a eu lieu apr\u00e8s que l\u2019UGTT a publi\u00e9 aujourd\u2019hui un avis de gr\u00e8ve de la fonction publique adress\u00e9 au chef du gouvernement pour la date du 22 novembre 2018.<\/p>\n<p><strong>Avec Communiqu\u00e9<\/strong><\/p>\n<p>https:\/\/www.facebook.com\/Presidence.tn\/videos\/350146045733428\/<\/p>\n","protected":false},"excerpt":{"rendered":"<p>Le chef de l\u2019Etat, B\u00e9ji Ca\u00efd Essebi, a re\u00e7u ce mardi 23 octobre 2018, le secr\u00e9taire g\u00e9n\u00e9ral de l\u2019UGTT, Noureddine Taboubi au Palais de Carthage. L\u2019objet de cette rencontre a tourn\u00e9 autour des derni\u00e8res \u00e9volutions de la situation sociale et de l\u2019importance de poursuivre les n\u00e9gociations pour finaliser l\u2019accord entre l\u2019UGTT et le gouvernement. Taboubi [&hellip;]<\/p>\n","protected":false},"author":3,"featured_media":3176,"comment_status":"open","ping_status":"closed","sticky":false,"template":"","format":"standard","meta":{"content-type":"","jnews-multi-image_gallery":[],"jnews_single_post":{"override_template":"0","override":[{"template":"1","parallax":"1","fullscreen":"0","layout":"right-sidebar","sidebar":"default-sidebar","second_sidebar":"default-sidebar","sticky_sidebar":"1","share_position":"top","share_float_style":"share-monocrhome","show_share_counter":"1","show_view_counter":"1","show_featured":"1","show_post_meta":"1","show_post_author":"1","show_post_author_image":"1","show_post_date":"1","post_date_format":"default","post_date_format_custom":"Y\/m\/d","show_post_category":"1","show_post_tag":"1","show_prev_next_post":"1","show_popup_post":"1","number_popup_post":"1","show_author_box":"0","show_post_related":"1","show_inline_post_related":"0"}],"override_image_size":"0","image_override":[{"single_post_thumbnail_size":"crop-500","single_post_gallery_size":"crop-500"}]},"jnews_primary_category":{"id":""},"jnews_override_bookmark_settings":[],"jnews_review":[],"enable_review":"","type":"","name":"","summary":"","brand":"","sku":"","good":[],"bad":[],"score_override":"","override_value":"","rating":[],"price":[],"jnews_post_split":[],"footnotes":""},"categories":[2],"tags":[1575,1576,420,1104],"class_list":["post-3175","post","type-post","status-publish","format-standard","has-post-thumbnail","hentry","category-news-politique","tag-beji-caid-essebi","tag-negociations-sociales","tag-noureddine-taboubi","tag-ugtt"],"_links":{"self":[{"href":"https:\/\/www.africanchallenges.com\/index.php?rest_route=\/wp\/v2\/posts\/3175","targetHints":{"allow":["GET"]}}],"collection":[{"href":"https:\/\/www.africanchallenges.com\/index.php?rest_route=\/wp\/v2\/posts"}],"about":[{"href":"https:\/\/www.africanchallenges.com\/index.php?rest_route=\/wp\/v2\/types\/post"}],"author":[{"embeddable":true,"href":"https:\/\/www.africanchallenges.com\/index.php?rest_route=\/wp\/v2\/users\/3"}],"replies":[{"embeddable":true,"href":"https:\/\/www.africanchallenges.com\/index.php?rest_route=%2Fwp%2Fv2%2Fcomments&post=3175"}],"version-history":[{"count":2,"href":"https:\/\/www.africanchallenges.com\/index.php?rest_route=\/wp\/v2\/posts\/3175\/revisions"}],"predecessor-version":[{"id":3178,"href":"https:\/\/www.africanchallenges.com\/index.php?rest_route=\/wp\/v2\/posts\/3175\/revisions\/3178"}],"wp:featuredmedia":[{"embeddable":true,"href":"https:\/\/www.africanchallenges.com\/index.php?rest_route=\/wp\/v2\/media\/3176"}],"wp:attachment":[{"href":"https:\/\/www.africanchallenges.com\/index.php?rest_route=%2Fwp%2Fv2%2Fmedia&parent=3175"}],"wp:term":[{"taxonomy":"category","embeddable":true,"href":"https:\/\/www.africanchallenges.com\/index.php?rest_route=%2Fwp%2Fv2%2Fcategories&post=3175"},{"taxonomy":"post_tag","embeddable":true,"href":"https:\/\/www.africanchallenges.com\/index.php?rest_route=%2Fwp%2Fv2%2Ftags&post=3175"}],"curies":[{"name":"wp","href":"https:\/\/api.w.org\/{rel}","templated":true}]}}