{"id":3163,"date":"2018-10-22T21:53:42","date_gmt":"2018-10-22T21:53:42","guid":{"rendered":"http:\/\/www.africanchallenges.com\/?p=3163"},"modified":"2018-10-22T21:57:50","modified_gmt":"2018-10-22T21:57:50","slug":"tunisie-le-chef-de-letat-recoit-le-ministre-francais-de-leurope-et-des-affaires-etrangeres-jean-yves-le-drian","status":"publish","type":"post","link":"https:\/\/www.africanchallenges.com\/?p=3163","title":{"rendered":"Tunisie : le chef de l\u2019Etat re\u00e7oit le ministre fran\u00e7ais de l\u2019Europe et des Affaires \u00e9trang\u00e8res, Jean-Yves Le Drian"},"content":{"rendered":"<p><strong>Le pr\u00e9sident de la R\u00e9publique, B\u00e9ji Ca\u00efd Essebsi, a re\u00e7u, ce lundi 22 octobre au Palais de Carthage, le ministre fran\u00e7ais de l\u2019Europe et des Affaires \u00e9trang\u00e8res, Jean-Yves Le Drian, actuellement en visite de travail en Tunisie.<\/strong><\/p>\n<p>Selon Le Drian, cette visite s\u2019inscrit dans le cadre du suivi de l\u2019ex\u00e9cution de la feuille de route commune \u00e9labor\u00e9e \u00e0 l\u2019issue de la visite d\u2019Etat effectu\u00e9e en f\u00e9vrier 2018 par le pr\u00e9sident fran\u00e7ais, Emmanuel Macron, en Tunisie, et qui pr\u00e9voit plusieurs domaines de coop\u00e9ration.<\/p>\n<p>Il a, dans ce sens, r\u00e9affirm\u00e9 l\u2019engagement de la France \u00e0 continuer de se tenir aux c\u00f4t\u00e9s de la Tunisie afin de jouer le r\u00f4le majeur qui est le sien dans la garantie de la s\u00e9curit\u00e9 et la stabilit\u00e9 de la r\u00e9gion \u00e0 travers le renforcement de la coop\u00e9ration bilat\u00e9rale dans tous les domaines, et plus particuli\u00e8rement en mati\u00e8re de lutte contre le terrorisme et la migration irr\u00e9guli\u00e8re.<\/p>\n<p>Pour sa part, Ca\u00efd Essebsi s\u2019est f\u00e9licit\u00e9 de la solidit\u00e9 des relations strat\u00e9giques entre la Tunisie et la France, relations qui, a-t-il dit, requi\u00e8rent l\u2019intensification de la coordination \u00e0 travers le suivi de l\u2019application de tous les programmes de coop\u00e9ration commune, de mani\u00e8re \u00e0 soutenir les efforts de la Tunisie visant \u00e0 consacrer son processus d\u00e9mocratique, \u00e0 surmonter les difficult\u00e9s \u00e9conomiques et \u00e0 r\u00e9aliser la prosp\u00e9rit\u00e9 \u00e9conomique et sociale escompt\u00e9es.<\/p>\n<p>Selon un communiqu\u00e9 de la pr\u00e9sidence de la R\u00e9publique, l\u2019entretien a permis de passer en revue les derniers d\u00e9veloppements en Libye, l\u2019accent ayant \u00e9t\u00e9 mis sur l\u2019importance des efforts consentis pour parvenir \u00e0 un r\u00e8glement politique global et permanent garant de stabilit\u00e9 et ce, conform\u00e9ment \u00e0 l\u2019initiative pr\u00e9sidentielle pour un r\u00e8glement politique et aux r\u00e9sultats de la conf\u00e9rence internationale sur la Libye, tenue en mai dernier \u00e0 Paris.<\/p>\n<p>Le ministre fran\u00e7ais des Affaires \u00e9trang\u00e8res effectue une visite de travail en Tunisie les 21 et 22 octobre, \u00e0 l\u2019invitation de son homologue tunisien, Khema\u00efes Jhinaoui.<\/p>\n<p><strong>Avec\u00a0<\/strong><b>Communiqu\u00e9<\/b><\/p>\n<p>https:\/\/www.facebook.com\/Presidence.tn\/videos\/195853884555258\/<\/p>\n<p>&nbsp;<\/p>\n","protected":false},"excerpt":{"rendered":"<p>Le pr\u00e9sident de la R\u00e9publique, B\u00e9ji Ca\u00efd Essebsi, a re\u00e7u, ce lundi 22 octobre au Palais de Carthage, le ministre fran\u00e7ais de l\u2019Europe et des Affaires \u00e9trang\u00e8res, Jean-Yves Le Drian, actuellement en visite de travail en Tunisie. Selon Le Drian, cette visite s\u2019inscrit dans le cadre du suivi de l\u2019ex\u00e9cution de la feuille de route [&hellip;]<\/p>\n","protected":false},"author":3,"featured_media":3164,"comment_status":"open","ping_status":"closed","sticky":false,"template":"","format":"standard","meta":{"content-type":"","jnews-multi-image_gallery":[],"jnews_single_post":{"override_template":"0","override":[{"template":"1","parallax":"1","fullscreen":"0","layout":"right-sidebar","sidebar":"default-sidebar","second_sidebar":"default-sidebar","sticky_sidebar":"1","share_position":"top","share_float_style":"share-monocrhome","show_share_counter":"1","show_view_counter":"1","show_featured":"1","show_post_meta":"1","show_post_author":"1","show_post_author_image":"1","show_post_date":"1","post_date_format":"default","post_date_format_custom":"Y\/m\/d","show_post_category":"1","show_post_tag":"1","show_prev_next_post":"1","show_popup_post":"1","number_popup_post":"1","show_author_box":"0","show_post_related":"1","show_inline_post_related":"0"}],"override_image_size":"0","image_override":[{"single_post_thumbnail_size":"crop-500","single_post_gallery_size":"crop-500"}]},"jnews_primary_category":{"id":""},"jnews_override_bookmark_settings":[],"jnews_review":[],"enable_review":"","type":"","name":"","summary":"","brand":"","sku":"","good":[],"bad":[],"score_override":"","override_value":"","rating":[],"price":[],"jnews_post_split":[],"footnotes":""},"categories":[2],"tags":[329,1569,54],"class_list":["post-3163","post","type-post","status-publish","format-standard","has-post-thumbnail","hentry","category-news-politique","tag-beji-caid-essebsi","tag-jean-yves-le-drian","tag-tunisie"],"_links":{"self":[{"href":"https:\/\/www.africanchallenges.com\/index.php?rest_route=\/wp\/v2\/posts\/3163","targetHints":{"allow":["GET"]}}],"collection":[{"href":"https:\/\/www.africanchallenges.com\/index.php?rest_route=\/wp\/v2\/posts"}],"about":[{"href":"https:\/\/www.africanchallenges.com\/index.php?rest_route=\/wp\/v2\/types\/post"}],"author":[{"embeddable":true,"href":"https:\/\/www.africanchallenges.com\/index.php?rest_route=\/wp\/v2\/users\/3"}],"replies":[{"embeddable":true,"href":"https:\/\/www.africanchallenges.com\/index.php?rest_route=%2Fwp%2Fv2%2Fcomments&post=3163"}],"version-history":[{"count":4,"href":"https:\/\/www.africanchallenges.com\/index.php?rest_route=\/wp\/v2\/posts\/3163\/revisions"}],"predecessor-version":[{"id":3168,"href":"https:\/\/www.africanchallenges.com\/index.php?rest_route=\/wp\/v2\/posts\/3163\/revisions\/3168"}],"wp:featuredmedia":[{"embeddable":true,"href":"https:\/\/www.africanchallenges.com\/index.php?rest_route=\/wp\/v2\/media\/3164"}],"wp:attachment":[{"href":"https:\/\/www.africanchallenges.com\/index.php?rest_route=%2Fwp%2Fv2%2Fmedia&parent=3163"}],"wp:term":[{"taxonomy":"category","embeddable":true,"href":"https:\/\/www.africanchallenges.com\/index.php?rest_route=%2Fwp%2Fv2%2Fcategories&post=3163"},{"taxonomy":"post_tag","embeddable":true,"href":"https:\/\/www.africanchallenges.com\/index.php?rest_route=%2Fwp%2Fv2%2Ftags&post=3163"}],"curies":[{"name":"wp","href":"https:\/\/api.w.org\/{rel}","templated":true}]}}