{"id":3156,"date":"2018-10-22T20:12:19","date_gmt":"2018-10-22T20:12:19","guid":{"rendered":"http:\/\/www.africanchallenges.com\/?p=3156"},"modified":"2018-10-22T21:29:26","modified_gmt":"2018-10-22T21:29:26","slug":"tunisie-signature-de-3-accords-de-cooperation-dune-valeur-de-49-millions-deuros-entre-la-tunisie-et-la-france","status":"publish","type":"post","link":"https:\/\/www.africanchallenges.com\/?p=3156","title":{"rendered":"Tunisie : Signature de 3 accords de coop\u00e9ration d\u2019une valeur de 49 millions d\u2019euros entre la Tunisie et la France"},"content":{"rendered":"<p><strong>Le chef de gouvernement Youssef Chahed a re\u00e7u ce lundi 22 octobre \u00e0 dar dhiafa, \u00e0 Carthage\u00a0le ministre fran\u00e7ais de l&rsquo;Europe et des Affaires \u00e9trang\u00e8res, Jean-Yves Le Drian.<\/strong><\/p>\n<p>Le ministre fran\u00e7ais des Affaires \u00e9trang\u00e8res a d\u00e9clar\u00e9 que la coop\u00e9ration franco-tunisienne \u00e9tait fructueuse et constructive, et s\u2019inscrit dans le cadre du suivi de l\u2019ex\u00e9cution de la feuille de route commune \u00e9labor\u00e9e \u00e0 l\u2019issue de la visite d\u2019Etat effectu\u00e9e en f\u00e9vrier 2018 par le pr\u00e9sident fran\u00e7ais, Emmanuel Macron, en Tunisie.<\/p>\n<p>Le ministre fran\u00e7ais a ajout\u00e9 que la conversation avec le Premier ministre portait principalement sur la mise en \u0153uvre de divers accords dans diff\u00e9rents domaines de coop\u00e9ration bilat\u00e9rale.<\/p>\n<p>A l&rsquo;issue de cette rencontre, trois accords de coop\u00e9ration d&rsquo;une valeur de 49 millions d&rsquo;euros ont \u00e9t\u00e9 sign\u00e9s\u00a0:<\/p>\n<p>&#8211; Accord relatif \u00a0au financement du programme de soutien de la g\u00e9n\u00e9ralisation du syst\u00e8me municipal<\/p>\n<p>&#8211; Accord relatif au financement du programme de revitalisation des anciens centres<\/p>\n<p>&#8211; Accord \u00a0relatif au financement du projet de l\u2019entrepreneuriat des jeunes dans le domaine des technologies modernes.<\/p>\n<p><strong>Avec Communiqu\u00e9<\/strong><\/p>\n<p>&nbsp;<\/p>\n<p>https:\/\/www.facebook.com\/Presidencedugouvernementtunisien\/videos\/422855921582603\/<\/p>\n<p>&nbsp;<\/p>\n<p>&nbsp;<\/p>\n","protected":false},"excerpt":{"rendered":"<p>Le chef de gouvernement Youssef Chahed a re\u00e7u ce lundi 22 octobre \u00e0 dar dhiafa, \u00e0 Carthage\u00a0le ministre fran\u00e7ais de l&rsquo;Europe et des Affaires \u00e9trang\u00e8res, Jean-Yves Le Drian. Le ministre fran\u00e7ais des Affaires \u00e9trang\u00e8res a d\u00e9clar\u00e9 que la coop\u00e9ration franco-tunisienne \u00e9tait fructueuse et constructive, et s\u2019inscrit dans le cadre du suivi de l\u2019ex\u00e9cution de la [&hellip;]<\/p>\n","protected":false},"author":3,"featured_media":3158,"comment_status":"open","ping_status":"closed","sticky":false,"template":"","format":"standard","meta":{"content-type":"","jnews-multi-image_gallery":[],"jnews_single_post":{"override_template":"0","override":[{"template":"1","parallax":"1","fullscreen":"0","layout":"right-sidebar","sidebar":"default-sidebar","second_sidebar":"default-sidebar","sticky_sidebar":"1","share_position":"top","share_float_style":"share-monocrhome","show_share_counter":"1","show_view_counter":"1","show_featured":"1","show_post_meta":"1","show_post_author":"1","show_post_author_image":"1","show_post_date":"1","post_date_format":"default","post_date_format_custom":"Y\/m\/d","show_post_category":"1","show_post_tag":"1","show_prev_next_post":"1","show_popup_post":"1","number_popup_post":"1","show_author_box":"0","show_post_related":"1","show_inline_post_related":"0"}],"override_image_size":"0","image_override":[{"single_post_thumbnail_size":"crop-500","single_post_gallery_size":"crop-500"}]},"jnews_primary_category":{"id":""},"jnews_override_bookmark_settings":[],"jnews_review":[],"enable_review":"","type":"","name":"","summary":"","brand":"","sku":"","good":[],"bad":[],"score_override":"","override_value":"","rating":[],"price":[],"jnews_post_split":[],"footnotes":""},"categories":[43,73],"tags":[1103,298,1569,411],"class_list":["post-3156","post","type-post","status-publish","format-standard","has-post-thumbnail","hentry","category-eco-business","category-eco","tag-accord","tag-cooperation","tag-jean-yves-le-drian","tag-youssef-chahed"],"_links":{"self":[{"href":"https:\/\/www.africanchallenges.com\/index.php?rest_route=\/wp\/v2\/posts\/3156","targetHints":{"allow":["GET"]}}],"collection":[{"href":"https:\/\/www.africanchallenges.com\/index.php?rest_route=\/wp\/v2\/posts"}],"about":[{"href":"https:\/\/www.africanchallenges.com\/index.php?rest_route=\/wp\/v2\/types\/post"}],"author":[{"embeddable":true,"href":"https:\/\/www.africanchallenges.com\/index.php?rest_route=\/wp\/v2\/users\/3"}],"replies":[{"embeddable":true,"href":"https:\/\/www.africanchallenges.com\/index.php?rest_route=%2Fwp%2Fv2%2Fcomments&post=3156"}],"version-history":[{"count":4,"href":"https:\/\/www.africanchallenges.com\/index.php?rest_route=\/wp\/v2\/posts\/3156\/revisions"}],"predecessor-version":[{"id":3162,"href":"https:\/\/www.africanchallenges.com\/index.php?rest_route=\/wp\/v2\/posts\/3156\/revisions\/3162"}],"wp:featuredmedia":[{"embeddable":true,"href":"https:\/\/www.africanchallenges.com\/index.php?rest_route=\/wp\/v2\/media\/3158"}],"wp:attachment":[{"href":"https:\/\/www.africanchallenges.com\/index.php?rest_route=%2Fwp%2Fv2%2Fmedia&parent=3156"}],"wp:term":[{"taxonomy":"category","embeddable":true,"href":"https:\/\/www.africanchallenges.com\/index.php?rest_route=%2Fwp%2Fv2%2Fcategories&post=3156"},{"taxonomy":"post_tag","embeddable":true,"href":"https:\/\/www.africanchallenges.com\/index.php?rest_route=%2Fwp%2Fv2%2Ftags&post=3156"}],"curies":[{"name":"wp","href":"https:\/\/api.w.org\/{rel}","templated":true}]}}