{"id":3084,"date":"2018-10-21T19:13:34","date_gmt":"2018-10-21T19:13:34","guid":{"rendered":"http:\/\/www.africanchallenges.com\/?p=3084"},"modified":"2018-10-21T19:20:20","modified_gmt":"2018-10-21T19:20:20","slug":"tunisie-premiere-edition-du-forum-de-la-mer-bizerte-2018-rencontres-euro-mediterraneennes-de-leconomie-bleue-durable","status":"publish","type":"post","link":"https:\/\/www.africanchallenges.com\/?p=3084","title":{"rendered":"Tunisie : Premi\u00e8re \u00e9dition du Forum de la Mer-Bizerte 2018, rencontres euro-m\u00e9diterran\u00e9ennes de l\u2019\u00e9conomie bleue durable"},"content":{"rendered":"<p><strong>L\u2019Institut tunisien des \u00e9tudes strat\u00e9giques (ITES), sous tutelle du Pr\u00e9sident de la R\u00e9publique tunisienne, a organis\u00e9 la premi\u00e8re \u00e9dition du\u00a0Forum de la Mer \u2013 Bizerte 2018,\u00a0rencontres euro-m\u00e9diterran\u00e9ennes de l\u2019\u00e9conomie bleue durable, les samedi 20 et dimanche 21 octobre 2018 \u00e0 l\u2019h\u00f4tel Andalucia \u00e0 Bizerte.<\/strong><\/p>\n<p>\u00c9labor\u00e9 avec le soutien de l\u2019Union europ\u00e9enne et de l\u2019Union pour la M\u00e9diterran\u00e9e, et la participation active de l\u2019Ambassade de France en Tunisie, ce Forum vise \u00e0 r\u00e9unir les acteurs cl\u00e9s du secteur maritime et de l\u2019\u00e9conomie bleue dans la zone euro-m\u00e9diterran\u00e9enne, mais aussi \u00e0 alerter sur les d\u00e9fis environnementaux auxquels fait face la mer M\u00e9diterran\u00e9e. L\u2019\u00e9tude strat\u00e9gique produite par l\u2019ITES sur l\u2019\u00e9conomie bleue en Tunisie mais \u00e9galement la D\u00e9claration de Bizerte seront pr\u00e9sent\u00e9es \u00e0 l\u2019occasion de la cl\u00f4ture du Forum.<\/p>\n<p>Cet \u00e9v\u00e9nement s&rsquo;est r\u00e9uni sur deux jours pr\u00e8s de 80 intervenants issus des deux rives de la M\u00e9diterran\u00e9e et plusieurs centaines de participants.<\/p>\n<p>Au programme\u00a0::<\/p>\n<p>1-\u00a0Le lancement du Forum, le samedi 20 octobre \u00e0 9h00, par M.\u00a0Kamel\u00a0Ben\u00a0Amara, Maire de Bizerte, et M.\u00a0Slim Feriani, Ministre de l\u2019Industrie et des PME et Ministre de l\u2019Energie, des Mines, et des \u00c9nergies renouvelables, M.\u00a0Kais Hammami, Institut tunisien des \u00e9tudes strat\u00e9giques, M.\u00a0Olivier Poivre d\u2019Arvor, Ambassadeur de France en Tunisie. Elle sera ensuite d\u00e9coup\u00e9e en quatre ateliers th\u00e9matiques, se d\u00e9roulant simultan\u00e9ment dans la matin\u00e9e et l\u2019apr\u00e8s-midi\u00a0du 20 octobre :<\/p>\n<p>&#8211;\u00a0\u00a0\u00a0\u00a0\u00a0\u00a0\u00a0\u00a0\u00a0\u00a0Atelier 1 \u00ab\u00a0Environnement marin\u00a0\u00bb\u00a0;<\/p>\n<p>&#8211;\u00a0\u00a0\u00a0\u00a0\u00a0\u00a0\u00a0\u00a0\u00a0\u00a0Atelier 2 \u00ab\u00a0Industries, investissements et infrastructures maritimes\u00a0\u00bb\u00a0;<\/p>\n<p>&#8211;\u00a0\u00a0\u00a0\u00a0\u00a0\u00a0\u00a0\u00a0\u00a0\u00a0Atelier 3 \u00ab\u00a0Les fronti\u00e8res de la Mer\u00a0\u00bb\u00a0;<\/p>\n<p>&#8211;\u00a0\u00a0\u00a0\u00a0\u00a0\u00a0\u00a0\u00a0\u00a0\u00a0Atelier 4 \u00ab\u00a0Loisirs et culture maritimes\u00a0\u00bb.<\/p>\n<p>2-\u00a0\u00a0\u00a0\u00a0\u00a0\u00a0<strong>L\u2019ouverture officielle, le dimanche 21 octobre \u00e0 8h30,\u00a0<\/strong>par M.\u00a0<strong>N\u00e9ji<\/strong>\u00a0<strong>Jalloul<\/strong>, directeur de l\u2019ITES, M.\u00a0<strong>Riadh<\/strong>\u00a0<strong>ElMouakhar<\/strong>, Ministre des Affaires locales et de l\u2019Environnement, M.\u00a0<strong>Mohamed<\/strong>\u00a0<strong>Gouider<\/strong>, gouverneur de Bizerte, M.\u00a0<strong>Miguel<\/strong>\u00a0<strong>Garcia<\/strong>&#8211;<strong>Herraiz<\/strong>, Secr\u00e9taire g\u00e9n\u00e9ral adjoint de l\u2019Union pour la M\u00e9diterran\u00e9e, et M.\u00a0Olivier\u00a0Poivre\u00a0d\u2019Arvor, Ambassadeur de France en Tunisie.<\/p>\n<p>Une conf\u00e9rence pl\u00e9ni\u00e8re r\u00e9unira alors des personnalit\u00e9s politiques et de grands t\u00e9moins durant deux sessions\u00a0: une premi\u00e8re session intitul\u00e9e \u00ab\u00a0G\u00e9rer les d\u00e9fis environnementaux\u00a0\u00bb dans la matin\u00e9e, et une seconde intitul\u00e9e \u00ab\u00a0 Saisir les opportunit\u00e9s de l\u2019\u00e9conomie bleue durable\u00a0\u00bb dans l\u2019apr\u00e8s-midi.<\/p>\n<p>3-\u00a0La cl\u00f4ture du Forum, le dimanche 21 octobre \u00e0 18h00,\u00a0par M.\u00a0Nasser\u00a0Kamel, Secr\u00e9taire g\u00e9n\u00e9ral de l\u2019Union pour la M\u00e9diterran\u00e9e, M.\u00a0Patrice\u00a0Bergamini, ambassadeur de l\u2019Union europ\u00e9enne en Tunisie, M.\u00a0Olivier Poivre d\u2019Arvor, Ambassadeur de France en Tunisie, et un\u00a0repr\u00e9sentant du Gouvernement tunisien.<\/p>\n<p>Parall\u00e8lement \u00e0 la tenue du Forum,\u00a0les premi\u00e8res F\u00eates de la Mer ont lieu sur le vieux port de Bizerte, les samedi 20 et dimanche 21 octobre, l\u2019objectif \u00e9tant de sensibiliser le grand public aux th\u00e8mes abord\u00e9s dans le cadre du Forum de la Mer par des activit\u00e9s et ateliers ludiques, artistiques, sportifs ou gastronomiques.<\/p>\n<p>Le programme complet du Forum de la Mer et des F\u00eates de la mer est disponible sur le site internet de l\u2019\u00e9v\u00e8nement\u00a0:\u00a0<a href=\"http:\/\/forumdelamerbizerte.com\/\">http:\/\/forumdelamerbizerte.com\/<\/a><\/p>\n<p><strong>Avec Communiqu\u00e9<\/strong><\/p>\n","protected":false},"excerpt":{"rendered":"<p>L\u2019Institut tunisien des \u00e9tudes strat\u00e9giques (ITES), sous tutelle du Pr\u00e9sident de la R\u00e9publique tunisienne, a organis\u00e9 la premi\u00e8re \u00e9dition du\u00a0Forum de la Mer \u2013 Bizerte 2018,\u00a0rencontres euro-m\u00e9diterran\u00e9ennes de l\u2019\u00e9conomie bleue durable, les samedi 20 et dimanche 21 octobre 2018 \u00e0 l\u2019h\u00f4tel Andalucia \u00e0 Bizerte. \u00c9labor\u00e9 avec le soutien de l\u2019Union europ\u00e9enne et de l\u2019Union pour [&hellip;]<\/p>\n","protected":false},"author":3,"featured_media":3086,"comment_status":"open","ping_status":"closed","sticky":false,"template":"","format":"standard","meta":{"content-type":"","jnews-multi-image_gallery":[],"jnews_single_post":{"override_template":"0","override":[{"template":"1","parallax":"1","fullscreen":"0","layout":"right-sidebar","sidebar":"default-sidebar","second_sidebar":"default-sidebar","sticky_sidebar":"1","share_position":"top","share_float_style":"share-monocrhome","show_share_counter":"1","show_view_counter":"1","show_featured":"1","show_post_meta":"1","show_post_author":"1","show_post_author_image":"1","show_post_date":"1","post_date_format":"default","post_date_format_custom":"Y\/m\/d","show_post_category":"1","show_post_tag":"1","show_prev_next_post":"1","show_popup_post":"1","number_popup_post":"1","show_author_box":"0","show_post_related":"1","show_inline_post_related":"0"}],"override_image_size":"0","image_override":[{"single_post_thumbnail_size":"crop-500","single_post_gallery_size":"crop-500"}]},"jnews_primary_category":{"id":""},"jnews_override_bookmark_settings":[],"jnews_review":[],"enable_review":"","type":"","name":"","summary":"","brand":"","sku":"","good":[],"bad":[],"score_override":"","override_value":"","rating":[],"price":[],"jnews_post_split":[],"footnotes":""},"categories":[43,73],"tags":[637,1537,1538,1539,1542,1541,1239,1237,1540,418],"class_list":["post-3084","post","type-post","status-publish","format-standard","has-post-thumbnail","hentry","category-eco-business","category-eco","tag-bizerte","tag-forum-de-la-mer","tag-ites","tag-kamel-ben-amara","tag-miguel-garcia-herraiz","tag-mohamed-gouider","tag-neji-jalloul","tag-olivier-poivre-darvor","tag-riadh-elmouakhar","tag-slim-feriani"],"_links":{"self":[{"href":"https:\/\/www.africanchallenges.com\/index.php?rest_route=\/wp\/v2\/posts\/3084","targetHints":{"allow":["GET"]}}],"collection":[{"href":"https:\/\/www.africanchallenges.com\/index.php?rest_route=\/wp\/v2\/posts"}],"about":[{"href":"https:\/\/www.africanchallenges.com\/index.php?rest_route=\/wp\/v2\/types\/post"}],"author":[{"embeddable":true,"href":"https:\/\/www.africanchallenges.com\/index.php?rest_route=\/wp\/v2\/users\/3"}],"replies":[{"embeddable":true,"href":"https:\/\/www.africanchallenges.com\/index.php?rest_route=%2Fwp%2Fv2%2Fcomments&post=3084"}],"version-history":[{"count":3,"href":"https:\/\/www.africanchallenges.com\/index.php?rest_route=\/wp\/v2\/posts\/3084\/revisions"}],"predecessor-version":[{"id":3087,"href":"https:\/\/www.africanchallenges.com\/index.php?rest_route=\/wp\/v2\/posts\/3084\/revisions\/3087"}],"wp:featuredmedia":[{"embeddable":true,"href":"https:\/\/www.africanchallenges.com\/index.php?rest_route=\/wp\/v2\/media\/3086"}],"wp:attachment":[{"href":"https:\/\/www.africanchallenges.com\/index.php?rest_route=%2Fwp%2Fv2%2Fmedia&parent=3084"}],"wp:term":[{"taxonomy":"category","embeddable":true,"href":"https:\/\/www.africanchallenges.com\/index.php?rest_route=%2Fwp%2Fv2%2Fcategories&post=3084"},{"taxonomy":"post_tag","embeddable":true,"href":"https:\/\/www.africanchallenges.com\/index.php?rest_route=%2Fwp%2Fv2%2Ftags&post=3084"}],"curies":[{"name":"wp","href":"https:\/\/api.w.org\/{rel}","templated":true}]}}