{"id":29245,"date":"2021-05-07T10:26:37","date_gmt":"2021-05-07T10:26:37","guid":{"rendered":"http:\/\/www.africanchallenges.com\/?p=29245"},"modified":"2021-05-07T10:29:50","modified_gmt":"2021-05-07T10:29:50","slug":"tunisie-confinement-general-du-9-au-16-mai","status":"publish","type":"post","link":"https:\/\/www.africanchallenges.com\/?p=29245","title":{"rendered":"Tunisie : Confinement g\u00e9n\u00e9ral du 9 au 16 mai"},"content":{"rendered":"\n<p class=\"wp-block-paragraph\">En concertation avec la commission scientifique de lutte contre le Covid-19, des nouvelles mesures ont \u00e9t\u00e9 prises pour limiter la propagation du virus .<\/p>\n\n\n\n<p class=\"wp-block-paragraph\">Lors d\u2019une conf\u00e9rence de presse tenue ce vendredi 07 mail 2021, le chef du gouvernement M.Hichem Mechichi&nbsp; a annonc\u00e9 un confinement Un confinement g\u00e9n\u00e9ral de 7 jours du 9 au 16 mai.<\/p>\n\n\n\n<p class=\"wp-block-paragraph\">Dans son allocution le chef du gouvernement, Hichem Mechichi, a insist\u00e9  sur la n\u00e9cessit\u00e9 de respecter les mesures sanitaire et l\u2019urgence de recourir \u00e0 des mesures plus strictes au vu de la gravit\u00e9 de la situation sanitaire.<\/p>\n\n\n\n<p class=\"wp-block-paragraph\">&nbsp;La porte-parole du gouvernement, Hasna Ben Slimene, a \u00e9galement annonc\u00e9 des mesures applicables durant la p\u00e9riode du confirnement :<\/p>\n\n\n\n<p class=\"wp-block-paragraph\">&nbsp;&#8211; Couvre-feu de 19h \u00e0 5h<\/p>\n\n\n\n<p class=\"wp-block-paragraph\">&#8211; Interdiction des d\u00e9placements entre les r\u00e9gions sauf pour les cas autoris\u00e9s<\/p>\n\n\n\n<p class=\"wp-block-paragraph\">&#8211; Interdiction des rassemblements<\/p>\n\n\n\n<p class=\"wp-block-paragraph\">&#8211; Suspension de la fr\u00e9quentation des lieux de culte<\/p>\n\n\n\n<p class=\"wp-block-paragraph\">&#8211; Fermeture des march\u00e9s quotidiens, hebdomadaires et des commerces \u00e0 l\u2019exception des commerces qui vendent les produits alimentaires<\/p>\n\n\n\n<p class=\"wp-block-paragraph\">&#8211; Confinement obligatoire pour les voyageurs arrivant de l\u2019\u00e9tranger<\/p>\n\n\n\n<p class=\"wp-block-paragraph\">&#8211; Les personnes qui ne sont pas concern\u00e9es par les mesures exceptionnelles sont appel\u00e9es \u00e0 rester chez elles et \u00e0 ne sortir que pour des courses n\u00e9cessaires sous peine d\u2019\u00eatre poursuivies<\/p>\n\n\n\n<p class=\"wp-block-paragraph\">&#8211; Les personnes qui vont se faire vacciner sont autoris\u00e9es \u00e0 se d\u00e9placer<\/p>\n","protected":false},"excerpt":{"rendered":"<p>En concertation avec la commission scientifique de lutte contre le Covid-19, des nouvelles mesures ont \u00e9t\u00e9 prises pour limiter la propagation du virus . Lors d\u2019une conf\u00e9rence de presse tenue ce vendredi 07 mail 2021, le chef du gouvernement M.Hichem Mechichi&nbsp; a annonc\u00e9 un confinement Un confinement g\u00e9n\u00e9ral de 7 jours du 9 au 16 [&hellip;]<\/p>\n","protected":false},"author":4,"featured_media":29246,"comment_status":"open","ping_status":"closed","sticky":false,"template":"","format":"standard","meta":{"content-type":"","jnews-multi-image_gallery":[],"jnews_single_post":{"subtitle":"","format":"standard","video":"","gallery":"","source_name":"","source_url":"","via_name":"","via_url":"","override":[{"single_blog_custom":"","sidebar":"","second_sidebar":"","share_position":"","share_float_style":"","post_date_format":"","post_date_format_custom":"","post_reading_time_wpm":"","zoom_button_out_step":"1","zoom_button_in_step":"1","number_popup_post":"1"}],"image_override":[{"single_post_thumbnail_size":"","single_post_gallery_size":""}],"trending_post_position":"","trending_post_label":"","sponsored_post_label":"","sponsored_post_name":"","sponsored_post_url":"","sponsored_post_logo":"","sponsored_post_desc":""},"jnews_primary_category":{"id":""},"jnews_override_bookmark_settings":[],"jnews_review":[],"enable_review":"","type":"","name":"","summary":"","brand":"","sku":"","good":[],"bad":[],"score_override":"","override_value":"","rating":[],"price":[],"jnews_post_split":[],"footnotes":""},"categories":[11],"tags":[],"class_list":["post-29245","post","type-post","status-publish","format-standard","has-post-thumbnail","hentry","category-health"],"_links":{"self":[{"href":"https:\/\/www.africanchallenges.com\/index.php?rest_route=\/wp\/v2\/posts\/29245","targetHints":{"allow":["GET"]}}],"collection":[{"href":"https:\/\/www.africanchallenges.com\/index.php?rest_route=\/wp\/v2\/posts"}],"about":[{"href":"https:\/\/www.africanchallenges.com\/index.php?rest_route=\/wp\/v2\/types\/post"}],"author":[{"embeddable":true,"href":"https:\/\/www.africanchallenges.com\/index.php?rest_route=\/wp\/v2\/users\/4"}],"replies":[{"embeddable":true,"href":"https:\/\/www.africanchallenges.com\/index.php?rest_route=%2Fwp%2Fv2%2Fcomments&post=29245"}],"version-history":[{"count":3,"href":"https:\/\/www.africanchallenges.com\/index.php?rest_route=\/wp\/v2\/posts\/29245\/revisions"}],"predecessor-version":[{"id":29249,"href":"https:\/\/www.africanchallenges.com\/index.php?rest_route=\/wp\/v2\/posts\/29245\/revisions\/29249"}],"wp:featuredmedia":[{"embeddable":true,"href":"https:\/\/www.africanchallenges.com\/index.php?rest_route=\/wp\/v2\/media\/29246"}],"wp:attachment":[{"href":"https:\/\/www.africanchallenges.com\/index.php?rest_route=%2Fwp%2Fv2%2Fmedia&parent=29245"}],"wp:term":[{"taxonomy":"category","embeddable":true,"href":"https:\/\/www.africanchallenges.com\/index.php?rest_route=%2Fwp%2Fv2%2Fcategories&post=29245"},{"taxonomy":"post_tag","embeddable":true,"href":"https:\/\/www.africanchallenges.com\/index.php?rest_route=%2Fwp%2Fv2%2Ftags&post=29245"}],"curies":[{"name":"wp","href":"https:\/\/api.w.org\/{rel}","templated":true}]}}