{"id":28794,"date":"2021-04-16T10:29:46","date_gmt":"2021-04-16T10:29:46","guid":{"rendered":"http:\/\/www.africanchallenges.com\/?p=28794"},"modified":"2021-04-16T10:39:11","modified_gmt":"2021-04-16T10:39:11","slug":"tunisie-le-ministere-de-leducation-met-en-garde-contre-toute-decision-unilaterale-quant-au-deroulement-des-cours-dans-les-etablissements-denseignement-primaire-et-secondaire","status":"publish","type":"post","link":"https:\/\/www.africanchallenges.com\/?p=28794","title":{"rendered":"Tunisie : le minist\u00e8re de l\u2019\u00c9ducation met en garde contre toute d\u00e9cision unilat\u00e9rale quant au d\u00e9roulement des cours dans les \u00e9tablissements d\u2019enseignement primaire et secondaire"},"content":{"rendered":"\n<p class=\"wp-block-paragraph\">Dans un communiqu\u00e9 &nbsp;publi\u00e9 ce vendredi 16 avril 2021, le minist\u00e8re de l\u2019\u00c9ducation a mis en garde contre toute d\u00e9cision unilat\u00e9rale quant au d\u00e9roulement des cours dans les \u00e9tablissements d\u2019enseignement primaire et secondaire.<\/p>\n\n\n\n<p class=\"wp-block-paragraph\">La m\u00eame source&nbsp; a ajout\u00e9 que le minist\u00e8re &nbsp;suit de pr\u00e8s l\u2019\u00e9volution de la situation \u00e9pid\u00e9miologique, notamment dans les clusters, en rappelant que seuls les comit\u00e9s r\u00e9gionaux de lutte contre les catastrophes \u00e9taient habilit\u00e9s \u00e0 proposer les mesures ad\u00e9quates \u00e0 appliquer.<\/p>\n\n\n\n<p class=\"wp-block-paragraph\">Le minist\u00e8re menace de prendre les mesures l\u00e9gales n\u00e9cessaires contre tous ceux qui passeraient outre ses d\u00e9cisions.<\/p>\n\n\n\n<figure class=\"wp-block-image size-large\"><img fetchpriority=\"high\" decoding=\"async\" width=\"630\" height=\"891\" src=\"https:\/\/www.africanchallenges.com\/wp-content\/uploads\/2021\/04\/education-cp.jpg\" alt=\"\" class=\"wp-image-28796\" srcset=\"https:\/\/www.africanchallenges.com\/wp-content\/uploads\/2021\/04\/education-cp.jpg 630w, https:\/\/www.africanchallenges.com\/wp-content\/uploads\/2021\/04\/education-cp-212x300.jpg 212w\" sizes=\"(max-width: 630px) 100vw, 630px\" \/><\/figure>\n","protected":false},"excerpt":{"rendered":"<p>Dans un communiqu\u00e9 &nbsp;publi\u00e9 ce vendredi 16 avril 2021, le minist\u00e8re de l\u2019\u00c9ducation a mis en garde contre toute d\u00e9cision unilat\u00e9rale quant au d\u00e9roulement des cours dans les \u00e9tablissements d\u2019enseignement primaire et secondaire. La m\u00eame source&nbsp; a ajout\u00e9 que le minist\u00e8re &nbsp;suit de pr\u00e8s l\u2019\u00e9volution de la situation \u00e9pid\u00e9miologique, notamment dans les clusters, en rappelant [&hellip;]<\/p>\n","protected":false},"author":4,"featured_media":20032,"comment_status":"open","ping_status":"closed","sticky":false,"template":"","format":"standard","meta":{"content-type":"","jnews-multi-image_gallery":[],"jnews_single_post":{"subtitle":"","format":"standard","video":"","gallery":"","source_name":"","source_url":"","via_name":"","via_url":"","override":[{"single_blog_custom":"","sidebar":"","second_sidebar":"","share_position":"","share_float_style":"","post_date_format":"","post_date_format_custom":"","post_reading_time_wpm":"","zoom_button_out_step":"1","zoom_button_in_step":"1","number_popup_post":"1"}],"image_override":[{"single_post_thumbnail_size":"","single_post_gallery_size":""}],"trending_post_position":"","trending_post_label":"","sponsored_post_label":"","sponsored_post_name":"","sponsored_post_url":"","sponsored_post_logo":"","sponsored_post_desc":""},"jnews_primary_category":{"id":""},"jnews_override_bookmark_settings":[],"jnews_review":[],"enable_review":"","type":"","name":"","summary":"","brand":"","sku":"","good":[],"bad":[],"score_override":"","override_value":"","rating":[],"price":[],"jnews_post_split":[],"footnotes":""},"categories":[5],"tags":[5585,2383,7621,7622,2509],"class_list":["post-28794","post","type-post","status-publish","format-standard","has-post-thumbnail","hentry","category-edufor","tag-cours","tag-decision","tag-deroulement","tag-etablissements-denseignement-primaire-et-secondaire","tag-ministere-de-leducation-3"],"_links":{"self":[{"href":"https:\/\/www.africanchallenges.com\/index.php?rest_route=\/wp\/v2\/posts\/28794","targetHints":{"allow":["GET"]}}],"collection":[{"href":"https:\/\/www.africanchallenges.com\/index.php?rest_route=\/wp\/v2\/posts"}],"about":[{"href":"https:\/\/www.africanchallenges.com\/index.php?rest_route=\/wp\/v2\/types\/post"}],"author":[{"embeddable":true,"href":"https:\/\/www.africanchallenges.com\/index.php?rest_route=\/wp\/v2\/users\/4"}],"replies":[{"embeddable":true,"href":"https:\/\/www.africanchallenges.com\/index.php?rest_route=%2Fwp%2Fv2%2Fcomments&post=28794"}],"version-history":[{"count":2,"href":"https:\/\/www.africanchallenges.com\/index.php?rest_route=\/wp\/v2\/posts\/28794\/revisions"}],"predecessor-version":[{"id":28797,"href":"https:\/\/www.africanchallenges.com\/index.php?rest_route=\/wp\/v2\/posts\/28794\/revisions\/28797"}],"wp:featuredmedia":[{"embeddable":true,"href":"https:\/\/www.africanchallenges.com\/index.php?rest_route=\/wp\/v2\/media\/20032"}],"wp:attachment":[{"href":"https:\/\/www.africanchallenges.com\/index.php?rest_route=%2Fwp%2Fv2%2Fmedia&parent=28794"}],"wp:term":[{"taxonomy":"category","embeddable":true,"href":"https:\/\/www.africanchallenges.com\/index.php?rest_route=%2Fwp%2Fv2%2Fcategories&post=28794"},{"taxonomy":"post_tag","embeddable":true,"href":"https:\/\/www.africanchallenges.com\/index.php?rest_route=%2Fwp%2Fv2%2Ftags&post=28794"}],"curies":[{"name":"wp","href":"https:\/\/api.w.org\/{rel}","templated":true}]}}