{"id":28586,"date":"2021-04-07T15:23:02","date_gmt":"2021-04-07T15:23:02","guid":{"rendered":"http:\/\/www.africanchallenges.com\/?p=28586"},"modified":"2021-04-07T15:23:08","modified_gmt":"2021-04-07T15:23:08","slug":"la-tunisie-adopte-de-la-nouvelle-politique-nationale-de-la-sante-2030","status":"publish","type":"post","link":"https:\/\/www.africanchallenges.com\/?p=28586","title":{"rendered":"La Tunisie adopte de la nouvelle politique nationale de la sant\u00e9 2030"},"content":{"rendered":"\n<p class=\"wp-block-paragraph\">A l\u2019occasion de &nbsp;la c\u00e9l\u00e9bration de la journ\u00e9e mondiale de la Sant\u00e9, la Tunisie a adopt\u00e9, officiellement, sa politique nationale de la sant\u00e9 2030, lors d\u2019une c\u00e9r\u00e9monie organis\u00e9e mercredi 7 avril 2021 en pr\u00e9sence du chef du gouvernement, Hichem Mechichi, et du ministre de la Sant\u00e9, Faouzi Mehdi.<\/p>\n\n\n\n<p class=\"wp-block-paragraph\">le ministre de la Sant\u00e9 &nbsp;a rappel\u00e9 l\u2019importance de consolider le droit des citoyens \u00e0 la sant\u00e9 , l&rsquo;un des fondements de l\u2019Etat tunisien, &nbsp;et il &nbsp;a assur\u00e9 que ce dialogue social avait permis, dans sa premi\u00e8re phase, de construire une compr\u00e9hension collective des d\u00e9fis majeurs inh\u00e9rents \u00e0 l\u2019am\u00e9lioration du syst\u00e8me de sant\u00e9 et de mettre tous les acteurs d\u2019accord sur les nouvelles orientations.&nbsp;<\/p>\n\n\n\n<p class=\"wp-block-paragraph\">Avec l\u2019objectif d\u2019offrir une plus grande confiance du citoyen en un syst\u00e8me de sant\u00e9 meilleur, de donner davantage de motivation aux professionnels et construire un syst\u00e8me plus juste et inclusif, cette strat\u00e9gie nationale est ax\u00e9e sur :<\/p>\n\n\n\n<p class=\"wp-block-paragraph\">&#8211;&nbsp;&nbsp;&nbsp;&nbsp;&nbsp;&nbsp; La sant\u00e9 familiale et de proximit\u00e9 pivot du syst\u00e8me de sant\u00e9<\/p>\n\n\n\n<p class=\"wp-block-paragraph\">&#8211;&nbsp;&nbsp;&nbsp;&nbsp;&nbsp;&nbsp; Un paquet de services essentiels pour tous<\/p>\n\n\n\n<p class=\"wp-block-paragraph\">&#8211;&nbsp;&nbsp;&nbsp;&nbsp;&nbsp;&nbsp; Un r\u00e9gime de base unifi\u00e9 pour tous<\/p>\n\n\n\n<p class=\"wp-block-paragraph\">&#8211;&nbsp;&nbsp;&nbsp;&nbsp;&nbsp;&nbsp; Un secteur public ayant les moyens pour l\u2019\u00e9quit\u00e9 la formation et la recherche<\/p>\n\n\n\n<p class=\"wp-block-paragraph\">&#8211;&nbsp;&nbsp;&nbsp;&nbsp;&nbsp;&nbsp; La protection de la sant\u00e9 des citoyens<\/p>\n\n\n\n<p class=\"wp-block-paragraph\">Le chef du gouvernement, Hichem Mechichi, a, de son c\u00f4t\u00e9, salu\u00e9 les efforts des diff\u00e9rents acteurs impliqu\u00e9s dans ce dialogue participatif qui rompt avec la culture de d\u00e9cisions unilat\u00e9rales.\u00a0<\/p>\n\n\n\n<p class=\"wp-block-paragraph\">Mechichi a affirm\u00e9 que le gouvernement est d\u00e9termin\u00e9 \u00e0 construire un syst\u00e8me de sant\u00e9 efficace bas\u00e9 sur l\u2019\u00e9quit\u00e9 en termes d\u2019infrastructures et de ressources humaines et qui hisse le citoyen au rang d\u2019acteur .<\/p>\n","protected":false},"excerpt":{"rendered":"<p>A l\u2019occasion de &nbsp;la c\u00e9l\u00e9bration de la journ\u00e9e mondiale de la Sant\u00e9, la Tunisie a adopt\u00e9, officiellement, sa politique nationale de la sant\u00e9 2030, lors d\u2019une c\u00e9r\u00e9monie organis\u00e9e mercredi 7 avril 2021 en pr\u00e9sence du chef du gouvernement, Hichem Mechichi, et du ministre de la Sant\u00e9, Faouzi Mehdi. le ministre de la Sant\u00e9 &nbsp;a rappel\u00e9 [&hellip;]<\/p>\n","protected":false},"author":4,"featured_media":28587,"comment_status":"open","ping_status":"closed","sticky":false,"template":"","format":"standard","meta":{"content-type":"","jnews-multi-image_gallery":[],"jnews_single_post":{"subtitle":"","format":"standard","video":"","gallery":"","source_name":"","source_url":"","via_name":"","via_url":"","override":[{"single_blog_custom":"","sidebar":"","second_sidebar":"","share_position":"","share_float_style":"","post_date_format":"","post_date_format_custom":"","post_reading_time_wpm":"","zoom_button_out_step":"1","zoom_button_in_step":"1","number_popup_post":"1"}],"image_override":[{"single_post_thumbnail_size":"","single_post_gallery_size":""}],"trending_post_position":"","trending_post_label":"","sponsored_post_label":"","sponsored_post_name":"","sponsored_post_url":"","sponsored_post_logo":"","sponsored_post_desc":""},"jnews_primary_category":{"id":""},"jnews_override_bookmark_settings":[],"jnews_review":[],"enable_review":"","type":"","name":"","summary":"","brand":"","sku":"","good":[],"bad":[],"score_override":"","override_value":"","rating":[],"price":[],"jnews_post_split":[],"footnotes":""},"categories":[2,11],"tags":[],"class_list":["post-28586","post","type-post","status-publish","format-standard","has-post-thumbnail","hentry","category-news-politique","category-health"],"_links":{"self":[{"href":"https:\/\/www.africanchallenges.com\/index.php?rest_route=\/wp\/v2\/posts\/28586","targetHints":{"allow":["GET"]}}],"collection":[{"href":"https:\/\/www.africanchallenges.com\/index.php?rest_route=\/wp\/v2\/posts"}],"about":[{"href":"https:\/\/www.africanchallenges.com\/index.php?rest_route=\/wp\/v2\/types\/post"}],"author":[{"embeddable":true,"href":"https:\/\/www.africanchallenges.com\/index.php?rest_route=\/wp\/v2\/users\/4"}],"replies":[{"embeddable":true,"href":"https:\/\/www.africanchallenges.com\/index.php?rest_route=%2Fwp%2Fv2%2Fcomments&post=28586"}],"version-history":[{"count":1,"href":"https:\/\/www.africanchallenges.com\/index.php?rest_route=\/wp\/v2\/posts\/28586\/revisions"}],"predecessor-version":[{"id":28588,"href":"https:\/\/www.africanchallenges.com\/index.php?rest_route=\/wp\/v2\/posts\/28586\/revisions\/28588"}],"wp:featuredmedia":[{"embeddable":true,"href":"https:\/\/www.africanchallenges.com\/index.php?rest_route=\/wp\/v2\/media\/28587"}],"wp:attachment":[{"href":"https:\/\/www.africanchallenges.com\/index.php?rest_route=%2Fwp%2Fv2%2Fmedia&parent=28586"}],"wp:term":[{"taxonomy":"category","embeddable":true,"href":"https:\/\/www.africanchallenges.com\/index.php?rest_route=%2Fwp%2Fv2%2Fcategories&post=28586"},{"taxonomy":"post_tag","embeddable":true,"href":"https:\/\/www.africanchallenges.com\/index.php?rest_route=%2Fwp%2Fv2%2Ftags&post=28586"}],"curies":[{"name":"wp","href":"https:\/\/api.w.org\/{rel}","templated":true}]}}