{"id":28501,"date":"2021-04-06T18:42:22","date_gmt":"2021-04-06T18:42:22","guid":{"rendered":"http:\/\/www.africanchallenges.com\/?p=28501"},"modified":"2021-04-06T18:46:14","modified_gmt":"2021-04-06T18:46:14","slug":"tunisie-le-chef-du-gouvernement-hichem-mechichi-inaugure-lecole-de-la-deuxieme-chance-a-beb-el-khadhra","status":"publish","type":"post","link":"https:\/\/www.africanchallenges.com\/?p=28501","title":{"rendered":"Tunisie : Le chef du gouvernement Hichem Mechichi inaugure l\u2019\u00e9cole de la deuxi\u00e8me chance \u00e0 Beb El Khadhra"},"content":{"rendered":"\n<p class=\"wp-block-paragraph\">Le chef du gouvernement Hichem Mechichi a inaugur\u00e9, &nbsp;ce mardi 6 avril 2021, \u00e0 Beb El Khadhra, l\u2019\u00e9cole de la deuxi\u00e8me chance, en pr\u00e9sence du ministre de l\u2019Education Fethi Sellaouti, le ministre des Affaires sociales Mohamed Trabelsi, la ministre de la Femme, de la Famille et des S\u00e9niors, Imen Houimel, la ministre de la Jeunesse des Sports et de l\u2019int\u00e9gration professionnelle par int\u00e9rim Sihem Ayedi et la repr\u00e9sentante de l\u2019Unicef en Tunisie Marilena Viviani \u00e9taitent .<\/p>\n\n\n\n<p class=\"wp-block-paragraph\">Le chef du gouvernement a baptis\u00e9 l\u2019\u00e9cole de la deuxi\u00e8me chance en hommage du d\u00e9funt le leader &nbsp;Habib Bourguiba qui a laiss\u00e9 une trace dans le domaine de l\u2019\u00e9ducation et ce, \u00e0 l\u2019occasion de la comm\u00e9moration du 21\u00e8me anniversaire de son d\u00e9c\u00e8s.<\/p>\n\n\n\n<p class=\"wp-block-paragraph\">A cette occasion, le chef du gouvernement a assur\u00e9 que ce projet devrait s\u2019\u00e9tendre aux autres gouvernorats au terme d\u2019une coop\u00e9ration avec l\u2019Unicef et l\u2019ambassade du Royaume-Uni en Tunisie.<\/p>\n\n\n\n<p class=\"wp-block-paragraph\">Le chef du gouvernement &nbsp;s\u2019est inform\u00e9 des \u00e9tapes d\u2019inscription et des activit\u00e9s offertes par l\u2019\u00e9tablissement \u00e0 travers les nouvelles technologies, les outils num\u00e9riques et les bureaux p\u00e9dagogiques.<\/p>\n\n\n\n<p class=\"wp-block-paragraph\">Mechichi a \u00e9galement rendu visite \u00e0 l\u2019atelier de l\u2019audiovisuel et de montage o\u00f9 les \u00e9l\u00e8ves peuvent suivre des cours pratiques permettant de les initier \u00e0 la vie professionnelle.<\/p>\n\n\n\n<p class=\"wp-block-paragraph\">Hichem Mechichi a pr\u00e9cis\u00e9 que le projet devrait inclure les gouvernorats de Kairouan et de Gab\u00e8s, dans un premier temps, avant de s\u2019\u00e9tendre \u00e0 tous les gouvernorats.<\/p>\n\n\n\n<p class=\"wp-block-paragraph\">Hichem Mechichi a affirm\u00e9 que l\u2019\u00e9ducation occupe une place pr\u00e9pond\u00e9rante dans les priorit\u00e9s du gouvernement en ajoutant que \u00ab R\u00e9former le secteur \u00e9ducatif est un choix strat\u00e9gique pour construire le pays.\u00a0<\/p>\n\n\n","protected":false},"excerpt":{"rendered":"<p>Le chef du gouvernement Hichem Mechichi a inaugur\u00e9, &nbsp;ce mardi 6 avril 2021, \u00e0 Beb El Khadhra, l\u2019\u00e9cole de la deuxi\u00e8me chance, en pr\u00e9sence du ministre de l\u2019Education Fethi Sellaouti, le ministre des Affaires sociales Mohamed Trabelsi, la ministre de la Femme, de la Famille et des S\u00e9niors, Imen Houimel, la ministre de la Jeunesse [&hellip;]<\/p>\n","protected":false},"author":4,"featured_media":28502,"comment_status":"open","ping_status":"closed","sticky":false,"template":"","format":"standard","meta":{"content-type":"","jnews-multi-image_gallery":[],"jnews_single_post":{"subtitle":"","format":"standard","video":"","gallery":"","source_name":"","source_url":"","via_name":"","via_url":"","override":[{"single_blog_custom":"","sidebar":"","second_sidebar":"","share_position":"","share_float_style":"","post_date_format":"","post_date_format_custom":"","post_reading_time_wpm":"","zoom_button_out_step":"1","zoom_button_in_step":"1","number_popup_post":"1"}],"image_override":[{"single_post_thumbnail_size":"","single_post_gallery_size":""}],"trending_post_position":"","trending_post_label":"","sponsored_post_label":"","sponsored_post_name":"","sponsored_post_url":"","sponsored_post_logo":"","sponsored_post_desc":""},"jnews_primary_category":{"id":""},"jnews_override_bookmark_settings":[],"jnews_review":[],"enable_review":"","type":"","name":"","summary":"","brand":"","sku":"","good":[],"bad":[],"score_override":"","override_value":"","rating":[],"price":[],"jnews_post_split":[],"footnotes":""},"categories":[5],"tags":[7599,4232,7598],"class_list":["post-28501","post","type-post","status-publish","format-standard","has-post-thumbnail","hentry","category-edufor","tag-beb-el-khadhra","tag-hichem-mechichi","tag-lecole-de-la-deuxieme-chance"],"_links":{"self":[{"href":"https:\/\/www.africanchallenges.com\/index.php?rest_route=\/wp\/v2\/posts\/28501","targetHints":{"allow":["GET"]}}],"collection":[{"href":"https:\/\/www.africanchallenges.com\/index.php?rest_route=\/wp\/v2\/posts"}],"about":[{"href":"https:\/\/www.africanchallenges.com\/index.php?rest_route=\/wp\/v2\/types\/post"}],"author":[{"embeddable":true,"href":"https:\/\/www.africanchallenges.com\/index.php?rest_route=\/wp\/v2\/users\/4"}],"replies":[{"embeddable":true,"href":"https:\/\/www.africanchallenges.com\/index.php?rest_route=%2Fwp%2Fv2%2Fcomments&post=28501"}],"version-history":[{"count":1,"href":"https:\/\/www.africanchallenges.com\/index.php?rest_route=\/wp\/v2\/posts\/28501\/revisions"}],"predecessor-version":[{"id":28503,"href":"https:\/\/www.africanchallenges.com\/index.php?rest_route=\/wp\/v2\/posts\/28501\/revisions\/28503"}],"wp:featuredmedia":[{"embeddable":true,"href":"https:\/\/www.africanchallenges.com\/index.php?rest_route=\/wp\/v2\/media\/28502"}],"wp:attachment":[{"href":"https:\/\/www.africanchallenges.com\/index.php?rest_route=%2Fwp%2Fv2%2Fmedia&parent=28501"}],"wp:term":[{"taxonomy":"category","embeddable":true,"href":"https:\/\/www.africanchallenges.com\/index.php?rest_route=%2Fwp%2Fv2%2Fcategories&post=28501"},{"taxonomy":"post_tag","embeddable":true,"href":"https:\/\/www.africanchallenges.com\/index.php?rest_route=%2Fwp%2Fv2%2Ftags&post=28501"}],"curies":[{"name":"wp","href":"https:\/\/api.w.org\/{rel}","templated":true}]}}