{"id":28491,"date":"2021-04-06T17:39:50","date_gmt":"2021-04-06T17:39:50","guid":{"rendered":"http:\/\/www.africanchallenges.com\/?p=28491"},"modified":"2021-04-06T17:45:37","modified_gmt":"2021-04-06T17:45:37","slug":"tunisie-le-chef-du-gouvernement-hichem-mechichi-exclut-le-recours-a-un-confinement-general","status":"publish","type":"post","link":"https:\/\/www.africanchallenges.com\/?p=28491","title":{"rendered":"Tunisie : Le chef du gouvernement, Hichem Mechichi exclut le recours \u00e0 un confinement g\u00e9n\u00e9ral"},"content":{"rendered":"\n<p class=\"wp-block-paragraph\">En marge du lancement de l\u2019\u00e9cole de la deuxi\u00e8me chance, Le chef du gouvernement, Hichem Mechichi, a exclu ce mardi le recours \u00e0 un confinement g\u00e9n\u00e9ral \u00e9tant donn\u00e9 que scientifiquement ce n\u2019est pas la bonne solution face \u00e0 la propagation de la pand\u00e9mie.<\/p>\n\n\n\n<p class=\"wp-block-paragraph\">\u00ab Il n\u2019est pas \u00e9galement possible, pour la vie \u00e9conomique et sociale des Tunisiens \u00bb, a-t-il ajout\u00e9.<\/p>\n\n\n\n<p class=\"wp-block-paragraph\">Mechichi a annonc\u00e9 la tenue demain, mercredi 07 avril, de la r\u00e9union de l\u2019instance nationale de lutte contre le Coronavirus, qui proc\u00e8dera \u00e0 l\u2019\u00e9valuation de la situation \u00e9pid\u00e9miologique, et des mesures appliqu\u00e9es la derni\u00e8re p\u00e9riode.<\/p>\n\n\n\n<p class=\"wp-block-paragraph\">\u00ab L\u2019instance prendra des mesures pour la prochaine p\u00e9riode tenant compte de l\u2019\u00e9quation de pr\u00e9server la sant\u00e9 des Tunisiens, ainsi que la situation socio\u00e9conomique et le tissu \u00e9conomique \u00bb.<\/p>\n\n\n\n<p class=\"wp-block-paragraph\">A la m\u00eame occasion , le chef du gouvernement a appel\u00e9 \u00e0 respecter les mesures de pr\u00e9vention et la distanciation sociale et \u00e0 \u00e9lever la cadence de la vaccination.<\/p>\n","protected":false},"excerpt":{"rendered":"<p>En marge du lancement de l\u2019\u00e9cole de la deuxi\u00e8me chance, Le chef du gouvernement, Hichem Mechichi, a exclu ce mardi le recours \u00e0 un confinement g\u00e9n\u00e9ral \u00e9tant donn\u00e9 que scientifiquement ce n\u2019est pas la bonne solution face \u00e0 la propagation de la pand\u00e9mie. \u00ab Il n\u2019est pas \u00e9galement possible, pour la vie \u00e9conomique et sociale [&hellip;]<\/p>\n","protected":false},"author":4,"featured_media":28492,"comment_status":"open","ping_status":"closed","sticky":false,"template":"","format":"standard","meta":{"content-type":"","jnews-multi-image_gallery":[],"jnews_single_post":{"subtitle":"","format":"standard","video":"","gallery":"","source_name":"","source_url":"","via_name":"","via_url":"","override":[{"single_blog_custom":"","sidebar":"","second_sidebar":"","share_position":"","share_float_style":"","post_date_format":"","post_date_format_custom":"","post_reading_time_wpm":"","zoom_button_out_step":"1","zoom_button_in_step":"1","number_popup_post":"1"}],"image_override":[{"single_post_thumbnail_size":"","single_post_gallery_size":""}],"trending_post_position":"","trending_post_label":"","sponsored_post_label":"","sponsored_post_name":"","sponsored_post_url":"","sponsored_post_logo":"","sponsored_post_desc":""},"jnews_primary_category":{"id":""},"jnews_override_bookmark_settings":[],"jnews_review":[],"enable_review":"","type":"","name":"","summary":"","brand":"","sku":"","good":[],"bad":[],"score_override":"","override_value":"","rating":[],"price":[],"jnews_post_split":[],"footnotes":""},"categories":[11],"tags":[],"class_list":["post-28491","post","type-post","status-publish","format-standard","has-post-thumbnail","hentry","category-health"],"_links":{"self":[{"href":"https:\/\/www.africanchallenges.com\/index.php?rest_route=\/wp\/v2\/posts\/28491","targetHints":{"allow":["GET"]}}],"collection":[{"href":"https:\/\/www.africanchallenges.com\/index.php?rest_route=\/wp\/v2\/posts"}],"about":[{"href":"https:\/\/www.africanchallenges.com\/index.php?rest_route=\/wp\/v2\/types\/post"}],"author":[{"embeddable":true,"href":"https:\/\/www.africanchallenges.com\/index.php?rest_route=\/wp\/v2\/users\/4"}],"replies":[{"embeddable":true,"href":"https:\/\/www.africanchallenges.com\/index.php?rest_route=%2Fwp%2Fv2%2Fcomments&post=28491"}],"version-history":[{"count":1,"href":"https:\/\/www.africanchallenges.com\/index.php?rest_route=\/wp\/v2\/posts\/28491\/revisions"}],"predecessor-version":[{"id":28493,"href":"https:\/\/www.africanchallenges.com\/index.php?rest_route=\/wp\/v2\/posts\/28491\/revisions\/28493"}],"wp:featuredmedia":[{"embeddable":true,"href":"https:\/\/www.africanchallenges.com\/index.php?rest_route=\/wp\/v2\/media\/28492"}],"wp:attachment":[{"href":"https:\/\/www.africanchallenges.com\/index.php?rest_route=%2Fwp%2Fv2%2Fmedia&parent=28491"}],"wp:term":[{"taxonomy":"category","embeddable":true,"href":"https:\/\/www.africanchallenges.com\/index.php?rest_route=%2Fwp%2Fv2%2Fcategories&post=28491"},{"taxonomy":"post_tag","embeddable":true,"href":"https:\/\/www.africanchallenges.com\/index.php?rest_route=%2Fwp%2Fv2%2Ftags&post=28491"}],"curies":[{"name":"wp","href":"https:\/\/api.w.org\/{rel}","templated":true}]}}