{"id":28263,"date":"2021-03-30T13:43:17","date_gmt":"2021-03-30T13:43:17","guid":{"rendered":"http:\/\/www.africanchallenges.com\/?p=28263"},"modified":"2021-03-30T13:46:20","modified_gmt":"2021-03-30T13:46:20","slug":"tunisie-le-ministre-des-affaires-etrangeres-de-limmigration-et-des-tunisiens-a-letranger-recoit-m-caglar-fahri-cakiralp-le-nouvel-ambassadeur-de-la-republique-turque-en-tunisie","status":"publish","type":"post","link":"https:\/\/www.africanchallenges.com\/?p=28263","title":{"rendered":"Tunisie : le ministre des affaires \u00e9trang\u00e8res, de l&rsquo;Immigration et des Tunisiens \u00e0 l&rsquo;\u00e9tranger  re\u00e7oit M. \u00c7a\u011flar Fahri \u00c7akiralp, le nouvel ambassadeur de la R\u00e9publique turque en Tunisie"},"content":{"rendered":"\n<p class=\"wp-block-paragraph\">M. Othman Jarandi, \u00a0le ministre des Affaires \u00e9trang\u00e8res, de l&rsquo;Immigration et des Tunisiens \u00e0 l\u00e9tranger , a re\u00e7u hier lundi 29 mars 2021, M. \u00c7a\u011flar Fahri \u00c7akiralp, le nouvel ambassadeur de la R\u00e9publique turque en Tunisie afin de lui fournir une copie de ses lettres de cr\u00e9ance.<\/p>\n\n\n\n<p class=\"wp-block-paragraph\">&nbsp;Au cours de cette r\u00e9union, M. Othman Jarandi a f\u00e9licit\u00e9 le nouvel ambassadeur, lui souhaitant le succ\u00e8s \u00e0 ses fonctions dans notre pays en raison des meilleures relations fraternelles entre la Tunisie et de la Turquie voisines, dans ce cadre il a appel\u00e9 le nouvel ambassadeur de la Turquie pour l&rsquo;unification des efforts de la Turquie des possibilit\u00e9s de coop\u00e9ration post-pand\u00e9mie covid-19.<\/p>\n\n\n\n<p class=\"wp-block-paragraph\">\u00a0Le ministre a mis en exergue )les questions r\u00e9gionales et internationales de pr\u00e9occupation commune.<\/p>\n\n\n\n<p class=\"wp-block-paragraph\">&nbsp;Pour sa part, l&rsquo;ambassadeur turc a exprim\u00e9 son grand remerciement au ministre de la R\u00e9ception en insistant \u00e0 soutenir davantage les relations de coop\u00e9ration bilat\u00e9rales et la coordination avec les services du minist\u00e8re de promouvoir et d&rsquo;enrichir les domaines du partenariat bilat\u00e9ral avec l&rsquo;Afrique et de poursuivre les prochains int\u00e9r\u00eats bilat\u00e9raux<\/p>\n","protected":false},"excerpt":{"rendered":"<p>M. Othman Jarandi, \u00a0le ministre des Affaires \u00e9trang\u00e8res, de l&rsquo;Immigration et des Tunisiens \u00e0 l\u00e9tranger , a re\u00e7u hier lundi 29 mars 2021, M. \u00c7a\u011flar Fahri \u00c7akiralp, le nouvel ambassadeur de la R\u00e9publique turque en Tunisie afin de lui fournir une copie de ses lettres de cr\u00e9ance. &nbsp;Au cours de cette r\u00e9union, M. Othman Jarandi [&hellip;]<\/p>\n","protected":false},"author":3,"featured_media":28264,"comment_status":"open","ping_status":"closed","sticky":false,"template":"","format":"standard","meta":{"content-type":"","jnews-multi-image_gallery":[],"jnews_single_post":{"subtitle":"","format":"standard","video":"","gallery":"","source_name":"","source_url":"","via_name":"","via_url":"","override":[{"single_blog_custom":"","sidebar":"","second_sidebar":"","share_position":"","share_float_style":"","post_date_format":"","post_date_format_custom":"","post_reading_time_wpm":"","zoom_button_out_step":"1","zoom_button_in_step":"1","number_popup_post":"1"}],"image_override":[{"single_post_thumbnail_size":"","single_post_gallery_size":""}],"trending_post_position":"","trending_post_label":"","sponsored_post_label":"","sponsored_post_name":"","sponsored_post_url":"","sponsored_post_logo":"","sponsored_post_desc":""},"jnews_primary_category":{"id":""},"jnews_override_bookmark_settings":[],"jnews_review":[],"enable_review":"","type":"","name":"","summary":"","brand":"","sku":"","good":[],"bad":[],"score_override":"","override_value":"","rating":[],"price":[],"jnews_post_split":[],"footnotes":""},"categories":[2],"tags":[7574,7573,7575],"class_list":["post-28263","post","type-post","status-publish","format-standard","has-post-thumbnail","hentry","category-news-politique","tag-caglar-fahri-cakiralp","tag-othman-jarandi","tag-republique-turque"],"_links":{"self":[{"href":"https:\/\/www.africanchallenges.com\/index.php?rest_route=\/wp\/v2\/posts\/28263","targetHints":{"allow":["GET"]}}],"collection":[{"href":"https:\/\/www.africanchallenges.com\/index.php?rest_route=\/wp\/v2\/posts"}],"about":[{"href":"https:\/\/www.africanchallenges.com\/index.php?rest_route=\/wp\/v2\/types\/post"}],"author":[{"embeddable":true,"href":"https:\/\/www.africanchallenges.com\/index.php?rest_route=\/wp\/v2\/users\/3"}],"replies":[{"embeddable":true,"href":"https:\/\/www.africanchallenges.com\/index.php?rest_route=%2Fwp%2Fv2%2Fcomments&post=28263"}],"version-history":[{"count":2,"href":"https:\/\/www.africanchallenges.com\/index.php?rest_route=\/wp\/v2\/posts\/28263\/revisions"}],"predecessor-version":[{"id":28268,"href":"https:\/\/www.africanchallenges.com\/index.php?rest_route=\/wp\/v2\/posts\/28263\/revisions\/28268"}],"wp:featuredmedia":[{"embeddable":true,"href":"https:\/\/www.africanchallenges.com\/index.php?rest_route=\/wp\/v2\/media\/28264"}],"wp:attachment":[{"href":"https:\/\/www.africanchallenges.com\/index.php?rest_route=%2Fwp%2Fv2%2Fmedia&parent=28263"}],"wp:term":[{"taxonomy":"category","embeddable":true,"href":"https:\/\/www.africanchallenges.com\/index.php?rest_route=%2Fwp%2Fv2%2Fcategories&post=28263"},{"taxonomy":"post_tag","embeddable":true,"href":"https:\/\/www.africanchallenges.com\/index.php?rest_route=%2Fwp%2Fv2%2Ftags&post=28263"}],"curies":[{"name":"wp","href":"https:\/\/api.w.org\/{rel}","templated":true}]}}