{"id":28093,"date":"2021-03-23T15:02:01","date_gmt":"2021-03-23T15:02:01","guid":{"rendered":"http:\/\/www.africanchallenges.com\/?p=28093"},"modified":"2021-03-23T15:07:49","modified_gmt":"2021-03-23T15:07:49","slug":"tunisie-visite-de-l-ambassadeur-de-lunion-europeenne-a-sfax","status":"publish","type":"post","link":"https:\/\/www.africanchallenges.com\/?p=28093","title":{"rendered":"Tunisie : Visite de l&rsquo; ambassadeur de l\u2019Union europ\u00e9enne \u00e0 Sfax"},"content":{"rendered":"\n<p class=\"wp-block-paragraph\">L\u2019ambassadeur de l\u2019Union europ\u00e9enne en Tunisie, Marcus Cornaro, s\u2019est rendu \u00e0 Sfax, entre les 18 et 20 mars, accompagn\u00e9 de deux de ses collaborateurs pour des visites de terrain et des entretiens avec les autorit\u00e9s du gouvernorat, le secteur priv\u00e9 et la soci\u00e9t\u00e9 civile.<\/p>\n\n\n\n<p class=\"wp-block-paragraph\">Cette visite a permis de constater le gisement d\u2019emplois et le potentiel de d\u00e9veloppement des initiatives des jeunes en particulier ainsi que la valeur ajout\u00e9e du partenariat avec l\u2019Union europ\u00e9enne.<\/p>\n\n\n\n<p class=\"wp-block-paragraph\">\u00ab Les jeunes entrepreneurs constituent un r\u00e9el atout pour le d\u00e9veloppement durable de la Tunisie. Je suis admiratif en constatant leur t\u00e9nacit\u00e9 et leur engagement face aux contraintes qu\u2019ils rencontrent. L\u2019appui de l\u2019Union europ\u00e9enne \u00e0 l\u2019am\u00e9lioration du climat des affaires et de la gouvernance \u00e9conomique est \u00e0 ce titre tout \u00e0 fait appropri\u00e9\u00bb, a d\u00e9clar\u00e9 l\u2019ambassadeur de l&rsquo;UE \u00e0 l\u2019issue de cette visite.<\/p>\n\n\n\n<p class=\"wp-block-paragraph\">L\u2019ambassadeur a discut\u00e9 avec le gouverneur de Sfax, Anis Oueslati, des enjeux du d\u00e9veloppement r\u00e9gional et de la coop\u00e9ration, tr\u00e8s diversifi\u00e9e, de l\u2019Union europ\u00e9enne dans le gouvernorat. Cette rencontre a \u00e9galement permis d\u2019\u00e9voquer les d\u00e9fis migratoires dans un esprit de responsabilit\u00e9 partag\u00e9e pour la gestion des migrations. La facilitation des initiatives priv\u00e9es avec l\u2019engagement de tous les acteurs devrait offrir de nouvelles perspectives aux jeunes et contribuer \u00e0 limiter l\u2019\u00e9migration irr\u00e9guli\u00e8re.<\/p>\n\n\n\n<p class=\"wp-block-paragraph\">L\u2019ambassadeur s\u2019est ensuite rendu \u00e0 l\u2019huilerie CHO (Conditionnement des Huiles d\u2019Olive) qui confirme la pertinence de cibler le march\u00e9 europ\u00e9en pour le d\u00e9veloppement des exportations d\u2019huile d\u2019olive biologique conditionn\u00e9e. Lors de cette visite l\u2019ambassadeur Cornaro s\u2019est entretenu avec des op\u00e9rateurs \u00e9conomiques et des repr\u00e9sentants de l\u2019UTICA. Il a r\u00e9it\u00e9r\u00e9 la disponibilit\u00e9 de l\u2019UE \u00e0 reprendre les n\u00e9gociations commerciales pour permettre \u00e0 la Tunisie de b\u00e9n\u00e9ficier (\u00e0 l\u2019instar de l\u2019Egypte et du Maroc) de conditions d\u2019acc\u00e8s au march\u00e9 plus favorables et qui permettront d\u2019augmenter les revenus des producteurs.<\/p>\n\n\n\n<p class=\"wp-block-paragraph\">La visite \u00e0 la technopole de Sfax a d\u00e9montr\u00e9 l\u2019importance de soutenir les plateformes de dialogue r\u00e9gional public-priv\u00e9 et de financer le d\u00e9veloppement de clusters, tels que Healtech (e-Sant\u00e9) et Mecadev (m\u00e9canique) pour attirer les investissements et cr\u00e9er des emplois \u00e0 forte valeur ajout\u00e9e.<\/p>\n\n\n\n<p class=\"wp-block-paragraph\">A Kerkennah, l\u2019ambassadeur et ses collaborateurs ont visit\u00e9 des projets, financ\u00e9s par l\u2019UE, et men\u00e9s par de jeunes entrepreneur(e)s. Il a rencontr\u00e9 des entrepreneurs qui travaillent dans la collecte et le tri s\u00e9lectif des d\u00e9chets plastiques exprimant son appr\u00e9ciation du projet innovant d\u2019un fabriquant de nasses en m\u00e9tal pour remplacer celles tr\u00e8s polluantes en plastique. \u00ab Les nouvelles nasses sont tout \u00e0 fait adapt\u00e9es \u00e0 la technique de p\u00eache dites \u00ab charfia \u00bb class\u00e9e au patrimoine immat\u00e9riel et culturel de l\u2019UNESCO \u00bb.<\/p>\n\n\n\n<p class=\"wp-block-paragraph\">L\u2019ambassadeur a \u00e9galement fait part de son appr\u00e9ciation des projets men\u00e9s par trois jeunes femmes de Kerkennah. Le premier, pour la fabrication de produits cosm\u00e9tiques \u00e0 partir de plantes aromatiques et m\u00e9dicinales. Le deuxi\u00e8me, de produits artisanaux en bois et le troisi\u00e8me, de transformation de produits laitiers. En les finan\u00e7ant, l\u2019UE soutient la valorisation des produits du terroir, le d\u00e9veloppement local et surtout l\u2019entrepreneuriat f\u00e9minin.<\/p>\n\n\n\n<p class=\"wp-block-paragraph\"><strong>Avec communiqu\u00e9<\/strong><\/p>\n","protected":false},"excerpt":{"rendered":"<p>L\u2019ambassadeur de l\u2019Union europ\u00e9enne en Tunisie, Marcus Cornaro, s\u2019est rendu \u00e0 Sfax, entre les 18 et 20 mars, accompagn\u00e9 de deux de ses collaborateurs pour des visites de terrain et des entretiens avec les autorit\u00e9s du gouvernorat, le secteur priv\u00e9 et la soci\u00e9t\u00e9 civile. Cette visite a permis de constater le gisement d\u2019emplois et le [&hellip;]<\/p>\n","protected":false},"author":4,"featured_media":28094,"comment_status":"open","ping_status":"closed","sticky":false,"template":"","format":"standard","meta":{"content-type":"","jnews-multi-image_gallery":[],"jnews_single_post":{"subtitle":"","format":"standard","video":"","gallery":"","source_name":"","source_url":"","via_name":"","via_url":"","override":[{"single_blog_custom":"","sidebar":"","second_sidebar":"","share_position":"","share_float_style":"","post_date_format":"","post_date_format_custom":"","post_reading_time_wpm":"","zoom_button_out_step":"1","zoom_button_in_step":"1","number_popup_post":"1"}],"image_override":[{"single_post_thumbnail_size":"","single_post_gallery_size":""}],"trending_post_position":"","trending_post_label":"","sponsored_post_label":"","sponsored_post_name":"","sponsored_post_url":"","sponsored_post_logo":"","sponsored_post_desc":""},"jnews_primary_category":{"id":""},"jnews_override_bookmark_settings":[],"jnews_review":[],"enable_review":"","type":"","name":"","summary":"","brand":"","sku":"","good":[],"bad":[],"score_override":"","override_value":"","rating":[],"price":[],"jnews_post_split":[],"footnotes":""},"categories":[2],"tags":[2269,7515],"class_list":["post-28093","post","type-post","status-publish","format-standard","has-post-thumbnail","hentry","category-news-politique","tag-lunion-europeenne","tag-marcus-cornaro"],"_links":{"self":[{"href":"https:\/\/www.africanchallenges.com\/index.php?rest_route=\/wp\/v2\/posts\/28093","targetHints":{"allow":["GET"]}}],"collection":[{"href":"https:\/\/www.africanchallenges.com\/index.php?rest_route=\/wp\/v2\/posts"}],"about":[{"href":"https:\/\/www.africanchallenges.com\/index.php?rest_route=\/wp\/v2\/types\/post"}],"author":[{"embeddable":true,"href":"https:\/\/www.africanchallenges.com\/index.php?rest_route=\/wp\/v2\/users\/4"}],"replies":[{"embeddable":true,"href":"https:\/\/www.africanchallenges.com\/index.php?rest_route=%2Fwp%2Fv2%2Fcomments&post=28093"}],"version-history":[{"count":2,"href":"https:\/\/www.africanchallenges.com\/index.php?rest_route=\/wp\/v2\/posts\/28093\/revisions"}],"predecessor-version":[{"id":28096,"href":"https:\/\/www.africanchallenges.com\/index.php?rest_route=\/wp\/v2\/posts\/28093\/revisions\/28096"}],"wp:featuredmedia":[{"embeddable":true,"href":"https:\/\/www.africanchallenges.com\/index.php?rest_route=\/wp\/v2\/media\/28094"}],"wp:attachment":[{"href":"https:\/\/www.africanchallenges.com\/index.php?rest_route=%2Fwp%2Fv2%2Fmedia&parent=28093"}],"wp:term":[{"taxonomy":"category","embeddable":true,"href":"https:\/\/www.africanchallenges.com\/index.php?rest_route=%2Fwp%2Fv2%2Fcategories&post=28093"},{"taxonomy":"post_tag","embeddable":true,"href":"https:\/\/www.africanchallenges.com\/index.php?rest_route=%2Fwp%2Fv2%2Ftags&post=28093"}],"curies":[{"name":"wp","href":"https:\/\/api.w.org\/{rel}","templated":true}]}}