{"id":28074,"date":"2021-03-23T09:55:11","date_gmt":"2021-03-23T09:55:11","guid":{"rendered":"http:\/\/www.africanchallenges.com\/?p=28074"},"modified":"2021-03-23T09:57:37","modified_gmt":"2021-03-23T09:57:37","slug":"l-algerie-condamne-les-attaques-terroristes-dans-louest-du-niger","status":"publish","type":"post","link":"https:\/\/www.africanchallenges.com\/?p=28074","title":{"rendered":"L&rsquo; Alg\u00e9rie condamne les attaques terroristes dans l&rsquo;ouest du Niger"},"content":{"rendered":"\n<p class=\"wp-block-paragraph\">L&rsquo;Alg\u00e9rie condamne \u00ab\u00a0dans les termes les plus forts\u00a0\u00bb, les attaques terroristes perp\u00e9tr\u00e9es dimanche dans la r\u00e9gion de Tahoua, \u00e0 l\u2019ouest du Niger, ayant fait des dizaines de morts, indique lundi un communiqu\u00e9 du minist\u00e8re des Affaires \u00e9trang\u00e8res.<\/p>\n\n\n\n<p class=\"wp-block-paragraph\">\u00ab\u00a0L\u2019Alg\u00e9rie condamne dans les termes les plus forts les attaques terroristes perp\u00e9tr\u00e9es dans la r\u00e9gion de Tahoua, \u00e0 l\u2019ouest de la R\u00e9publique du Niger, ayant caus\u00e9 des dizaines de morts\u00a0\u00bb, \u00e9crit le minist\u00e8re dans le communiqu\u00e9.<\/p>\n\n\n\n<p class=\"wp-block-paragraph\">\u00ab\u00a0L&rsquo;Alg\u00e9rie pr\u00e9sente ses sinc\u00e8res condol\u00e9ances aux familles des victimes et r\u00e9affirme sa solidarit\u00e9 et son soutien au gouvernement et au peuple fr\u00e8re du Niger dans leur lutte quotidienne contre ce ph\u00e9nom\u00e8ne abject\u00a0\u00bb, souligne la m\u00eame source.<\/p>\n\n\n\n<p class=\"wp-block-paragraph\">\u00ab\u00a0Face \u00e0 ces attaques r\u00e9p\u00e9t\u00e9es, l\u2019Alg\u00e9rie souligne la n\u00e9cessit\u00e9 de mobiliser tous les moyens et de coordonner les efforts au double plan r\u00e9gional et international afin de venir \u00e0 bout de ce fl\u00e9au qui menace la s\u00e9curit\u00e9, la stabilit\u00e9 et le d\u00e9veloppement des pays de la r\u00e9gion\u00a0\u00bb, conclut le communiqu\u00e9.<\/p>\n\n\n\n<p class=\"wp-block-paragraph\">Soixante (60) personnes ont \u00e9t\u00e9 tu\u00e9es dimanche dans une s\u00e9rie d&rsquo;attaques contre des villages de l&rsquo;ouest du Niger, six jours apr\u00e8s des attaques dans la m\u00eame zone qui avaient fait 66 morts, ont indiqu\u00e9 lundi des sources s\u00e9curitaire et locale. Les localit\u00e9s vis\u00e9es sont situ\u00e9es dans la r\u00e9gion de Tahoua, voisine de celle de Tillab\u00e9ri.<\/p>\n","protected":false},"excerpt":{"rendered":"<p>L&rsquo;Alg\u00e9rie condamne \u00ab\u00a0dans les termes les plus forts\u00a0\u00bb, les attaques terroristes perp\u00e9tr\u00e9es dimanche dans la r\u00e9gion de Tahoua, \u00e0 l\u2019ouest du Niger, ayant fait des dizaines de morts, indique lundi un communiqu\u00e9 du minist\u00e8re des Affaires \u00e9trang\u00e8res. \u00ab\u00a0L\u2019Alg\u00e9rie condamne dans les termes les plus forts les attaques terroristes perp\u00e9tr\u00e9es dans la r\u00e9gion de Tahoua, \u00e0 [&hellip;]<\/p>\n","protected":false},"author":4,"featured_media":19786,"comment_status":"open","ping_status":"closed","sticky":false,"template":"","format":"standard","meta":{"content-type":"","jnews-multi-image_gallery":[],"jnews_single_post":{"subtitle":"","format":"standard","video":"","gallery":"","source_name":"","source_url":"","via_name":"","via_url":"","override":[{"single_blog_custom":"","sidebar":"","second_sidebar":"","share_position":"","share_float_style":"","post_date_format":"","post_date_format_custom":"","post_reading_time_wpm":"","zoom_button_out_step":"1","zoom_button_in_step":"1","number_popup_post":"1"}],"image_override":[{"single_post_thumbnail_size":"","single_post_gallery_size":""}],"trending_post_position":"","trending_post_label":"","sponsored_post_label":"","sponsored_post_name":"","sponsored_post_url":"","sponsored_post_logo":"","sponsored_post_desc":""},"jnews_primary_category":{"id":""},"jnews_override_bookmark_settings":[],"jnews_review":[],"enable_review":"","type":"","name":"","summary":"","brand":"","sku":"","good":[],"bad":[],"score_override":"","override_value":"","rating":[],"price":[],"jnews_post_split":[],"footnotes":""},"categories":[6],"tags":[2410,7508,205],"class_list":["post-28074","post","type-post","status-publish","format-standard","has-post-thumbnail","hentry","category-world","tag-algerie","tag-attaques-terroristes","tag-niger"],"_links":{"self":[{"href":"https:\/\/www.africanchallenges.com\/index.php?rest_route=\/wp\/v2\/posts\/28074","targetHints":{"allow":["GET"]}}],"collection":[{"href":"https:\/\/www.africanchallenges.com\/index.php?rest_route=\/wp\/v2\/posts"}],"about":[{"href":"https:\/\/www.africanchallenges.com\/index.php?rest_route=\/wp\/v2\/types\/post"}],"author":[{"embeddable":true,"href":"https:\/\/www.africanchallenges.com\/index.php?rest_route=\/wp\/v2\/users\/4"}],"replies":[{"embeddable":true,"href":"https:\/\/www.africanchallenges.com\/index.php?rest_route=%2Fwp%2Fv2%2Fcomments&post=28074"}],"version-history":[{"count":1,"href":"https:\/\/www.africanchallenges.com\/index.php?rest_route=\/wp\/v2\/posts\/28074\/revisions"}],"predecessor-version":[{"id":28075,"href":"https:\/\/www.africanchallenges.com\/index.php?rest_route=\/wp\/v2\/posts\/28074\/revisions\/28075"}],"wp:featuredmedia":[{"embeddable":true,"href":"https:\/\/www.africanchallenges.com\/index.php?rest_route=\/wp\/v2\/media\/19786"}],"wp:attachment":[{"href":"https:\/\/www.africanchallenges.com\/index.php?rest_route=%2Fwp%2Fv2%2Fmedia&parent=28074"}],"wp:term":[{"taxonomy":"category","embeddable":true,"href":"https:\/\/www.africanchallenges.com\/index.php?rest_route=%2Fwp%2Fv2%2Fcategories&post=28074"},{"taxonomy":"post_tag","embeddable":true,"href":"https:\/\/www.africanchallenges.com\/index.php?rest_route=%2Fwp%2Fv2%2Ftags&post=28074"}],"curies":[{"name":"wp","href":"https:\/\/api.w.org\/{rel}","templated":true}]}}