{"id":27401,"date":"2021-03-08T07:58:54","date_gmt":"2021-03-08T07:58:54","guid":{"rendered":"http:\/\/www.africanchallenges.com\/?p=27401"},"modified":"2021-03-08T08:00:50","modified_gmt":"2021-03-08T08:00:50","slug":"tunisie-le-chef-du-gouvernement-hichem-mechichi-a-ben-guerdene-pour-commemorer-les-evenements-du-7-mars","status":"publish","type":"post","link":"https:\/\/www.africanchallenges.com\/?p=27401","title":{"rendered":"Tunisie : le chef du gouvernement Hichem Mechichi \u00e0 Ben Guerd\u00e8ne pour comm\u00e9morer  les \u00e9v\u00e8nements du 7-mars"},"content":{"rendered":"\n<p class=\"wp-block-paragraph\">Le chef du gouvernement, Hichem Mechichi s\u2019est rendu, hier dimanche 7 mars 2021, \u00e0 Ben Guerd\u00e8ne pour comm\u00e9morer l\u2019\u00e9pop\u00e9e du 7-mars.<\/p>\n\n\n\n<p class=\"wp-block-paragraph\">A cette occasion, Hichem Mechichi a discut\u00e9 avec les familles des martyrs et les bless\u00e9s de l\u2019\u00e9pop\u00e9e. Il s\u2019est rendu par la suite au Carr\u00e9 des martyrs o\u00f9 il a d\u00e9pos\u00e9 une gerbe de fleurs et r\u00e9cit\u00e9 la Fatiha \u00e0 leur m\u00e9moire.<\/p>\n","protected":false},"excerpt":{"rendered":"<p>Le chef du gouvernement, Hichem Mechichi s\u2019est rendu, hier dimanche 7 mars 2021, \u00e0 Ben Guerd\u00e8ne pour comm\u00e9morer l\u2019\u00e9pop\u00e9e du 7-mars. A cette occasion, Hichem Mechichi a discut\u00e9 avec les familles des martyrs et les bless\u00e9s de l\u2019\u00e9pop\u00e9e. Il s\u2019est rendu par la suite au Carr\u00e9 des martyrs o\u00f9 il a d\u00e9pos\u00e9 une gerbe de [&hellip;]<\/p>\n","protected":false},"author":4,"featured_media":27403,"comment_status":"open","ping_status":"closed","sticky":false,"template":"","format":"standard","meta":{"content-type":"","jnews-multi-image_gallery":[],"jnews_single_post":{"subtitle":"","format":"standard","video":"","gallery":"","source_name":"","source_url":"","via_name":"","via_url":"","override":[{"single_blog_custom":"","sidebar":"","second_sidebar":"","share_position":"","share_float_style":"","post_date_format":"","post_date_format_custom":"","post_reading_time_wpm":"","zoom_button_out_step":"1","zoom_button_in_step":"1","number_popup_post":"1"}],"image_override":[{"single_post_thumbnail_size":"","single_post_gallery_size":""}],"trending_post_position":"","trending_post_label":"","sponsored_post_label":"","sponsored_post_name":"","sponsored_post_url":"","sponsored_post_logo":"","sponsored_post_desc":""},"jnews_primary_category":{"id":""},"jnews_override_bookmark_settings":[],"jnews_review":[],"enable_review":"","type":"","name":"","summary":"","brand":"","sku":"","good":[],"bad":[],"score_override":"","override_value":"","rating":[],"price":[],"jnews_post_split":[],"footnotes":""},"categories":[2],"tags":[7316,7314,7049,4232],"class_list":["post-27401","post","type-post","status-publish","format-standard","has-post-thumbnail","hentry","category-news-politique","tag-7-mars","tag-ben-guerdene","tag-evenements","tag-hichem-mechichi"],"_links":{"self":[{"href":"https:\/\/www.africanchallenges.com\/index.php?rest_route=\/wp\/v2\/posts\/27401","targetHints":{"allow":["GET"]}}],"collection":[{"href":"https:\/\/www.africanchallenges.com\/index.php?rest_route=\/wp\/v2\/posts"}],"about":[{"href":"https:\/\/www.africanchallenges.com\/index.php?rest_route=\/wp\/v2\/types\/post"}],"author":[{"embeddable":true,"href":"https:\/\/www.africanchallenges.com\/index.php?rest_route=\/wp\/v2\/users\/4"}],"replies":[{"embeddable":true,"href":"https:\/\/www.africanchallenges.com\/index.php?rest_route=%2Fwp%2Fv2%2Fcomments&post=27401"}],"version-history":[{"count":1,"href":"https:\/\/www.africanchallenges.com\/index.php?rest_route=\/wp\/v2\/posts\/27401\/revisions"}],"predecessor-version":[{"id":27402,"href":"https:\/\/www.africanchallenges.com\/index.php?rest_route=\/wp\/v2\/posts\/27401\/revisions\/27402"}],"wp:featuredmedia":[{"embeddable":true,"href":"https:\/\/www.africanchallenges.com\/index.php?rest_route=\/wp\/v2\/media\/27403"}],"wp:attachment":[{"href":"https:\/\/www.africanchallenges.com\/index.php?rest_route=%2Fwp%2Fv2%2Fmedia&parent=27401"}],"wp:term":[{"taxonomy":"category","embeddable":true,"href":"https:\/\/www.africanchallenges.com\/index.php?rest_route=%2Fwp%2Fv2%2Fcategories&post=27401"},{"taxonomy":"post_tag","embeddable":true,"href":"https:\/\/www.africanchallenges.com\/index.php?rest_route=%2Fwp%2Fv2%2Ftags&post=27401"}],"curies":[{"name":"wp","href":"https:\/\/api.w.org\/{rel}","templated":true}]}}