{"id":27349,"date":"2021-03-05T08:07:49","date_gmt":"2021-03-05T08:07:49","guid":{"rendered":"http:\/\/www.africanchallenges.com\/?p=27349"},"modified":"2021-03-05T08:09:39","modified_gmt":"2021-03-05T08:09:39","slug":"libye-la-composante-du-gouvernement-interimaire-remise-au-parlement","status":"publish","type":"post","link":"https:\/\/www.africanchallenges.com\/?p=27349","title":{"rendered":"Libye: la composante du Gouvernement int\u00e9rimaire remise au Parlement"},"content":{"rendered":"\n<p class=\"wp-block-paragraph\">Le chef du Gouvernement int\u00e9rimaire en Libye, Abdelhamid Debeibah, a remis hier jeudi 04 mars 2021, la composante de son ex\u00e9cutif, \u00e0 la Chambre des repr\u00e9sentants du peuple (Parlement) en vue de son approbation lundi prochain, a fait savoir le Bureau de communication du Gouvernement dans un communiqu\u00e9 rendu public.<\/p>\n\n\n\n<p class=\"wp-block-paragraph\">\u00ab\u00a0Conform\u00e9ment \u00e0 la feuille de route et aux accords politiques conclus par le Forum de dialogue politique libyen(FDPL) \u00e0 Gen\u00e8ve en Suisse, sous l&rsquo;\u00e9gide de l&rsquo;ONU, M. Abdelhamid Debeibah a remis, jeudi, la liste des ministres du gouvernement d&rsquo;union nationale \u00e0 la Chambre des repr\u00e9sentants du peuple (Parlement) pour son approbation le 8 du mois en cours\u00a0\u00bb, indique le communiqu\u00e9.<\/p>\n\n\n\n<p class=\"wp-block-paragraph\">Le pr\u00e9sident du Parlement, Aguila Salah, a d\u00e9menti r\u00e9cemment les informations selon lesquelles, le chef du gouvernement int\u00e9rimaire lui a remis la composante de son ex\u00e9cutif jeudi dernier, sois avant l&rsquo;expiration du d\u00e9lai de 21 jours que le FDPL lui avait accord\u00e9 pour rendre public son gouvernement.<\/p>\n\n\n\n<p class=\"wp-block-paragraph\">Abdelhamid Debeibah a affirm\u00e9 de son c\u00f4t\u00e9, jeudi dernier, lors d&rsquo;une conf\u00e9rence de presse \u00e0 Tripoli que les noms des ministres devant figurer dans le Gouvernement d&rsquo;union nationale seront r\u00e9v\u00e9l\u00e9s lors de la s\u00e9ance du vote de confiance.<\/p>\n\n\n\n<p class=\"wp-block-paragraph\">La s\u00e9ance du vote de confiance au nouveau Gouvernement aura lieu le 8 du mois en cours dans la ville de Syrte, au centre de la Libye.<\/p>\n\n\n\n<p class=\"wp-block-paragraph\">Jeudi, quelque 100 d\u00e9put\u00e9s ont affirm\u00e9 qu&rsquo;ils vont assister \u00e0 la s\u00e9ance de vote de confiance. Sur 175 d\u00e9put\u00e9s que compte le Parlement, 84 ont indiqu\u00e9 r\u00e9cemment qu&rsquo;ils vont voter en faveur du gouvernement de M. Debeinah.<\/p>\n\n\n\n<p class=\"wp-block-paragraph\">Selon les accords du FDPL, en cas d&rsquo;\u00e9chec du gouvernement \u00e0 avoir la confiance du parlement, l&rsquo;approbation de l&rsquo;ex\u00e9cutif reviendra aux membres du FDPL.<\/p>\n\n\n\n<p class=\"wp-block-paragraph\">100 d\u00e9put\u00e9s assisteront \u00e0 la s\u00e9ance du vote de confiance<\/p>\n\n\n\n<p class=\"wp-block-paragraph\">Quelque100 d\u00e9put\u00e9s du Parlement libyen assisteront \u00e0 la s\u00e9ance du vote de confiance au gouvernement int\u00e9rimaire de Abdelhamid Debeibah, pr\u00e9vue lundi prochain \u00e0 Syrte (centre de la Libye), a fait savoir, jeudi, Mohamed al-Raidh, membre du Parlement.<\/p>\n\n\n\n<p class=\"wp-block-paragraph\">\u00ab\u00a0Les d\u00e9put\u00e9s se rendront par voie terrestre \u00e0 Syrte, en empruntant la route c\u00f4ti\u00e8re qui sera ouverte \u00e0 partir de samedi prochain\u00a0\u00bb,a pr\u00e9cis\u00e9 M. al-Raidh, cit\u00e9 par l&rsquo;Agence russe Sputnik.<\/p>\n\n\n\n<p class=\"wp-block-paragraph\">La Chambre des repr\u00e9sentants du peuple (Parlement) compte 175 d\u00e9put\u00e9s. Quelque 84 parlementaires ont affirm\u00e9 r\u00e9cemment qu&rsquo;ils vont voter en faveur du Gouvernement de Abdelhamid Debeibah. Selon les lois en vigueur, il en faut 140 voix pour approuver le nouveau gouvernement.<\/p>\n\n\n\n<p class=\"wp-block-paragraph\">Les d\u00e9put\u00e9s qui refusent de prendre part \u00e0 la s\u00e9ance du vote de confiance, demandent dans leur grande majorit\u00e9 d&rsquo;ajourner la tenue de ladite s\u00e9ance, selon des m\u00e9dias libyens.<\/p>\n\n\n\n<p class=\"wp-block-paragraph\">\u00ab\u00a0Ils pensent que les conditions n\u00e9cessaires pour sa tenue ne sont pas encore r\u00e9unies, notamment apr\u00e8s la publication par des exports de l&rsquo;ONU d&rsquo;un rapport&nbsp; sur des all\u00e9gations de corruption lors du Forum de Gen\u00e8ve\u00a0\u00bb, ajoutent les m\u00eames sources.<\/p>\n\n\n\n<p class=\"wp-block-paragraph\">Pour rappel, les accords conclus au d\u00e9but du mois de f\u00e9vrier \u00e9coul\u00e9 par le Forum de dialogue politique libyen (FDPL) \u00e0 Gen\u00e8ve en Suisse, sous l&rsquo;\u00e9gide de l&rsquo;ONU, pr\u00e9voient \u00ab\u00a0qu&rsquo;en cas d&rsquo;\u00e9chec du Gouvernement \u00e0 obtenir la confiance du Parlement, l&rsquo;approbation de l&rsquo;ex\u00e9cutif reviendra aux membres du FDPL\u00a0\u00bb.<\/p>\n\n\n\n<p class=\"wp-block-paragraph\">La ville de Syrte que les parlementaires ont choisie \u00e0 la majorit\u00e9 pour abriter la s\u00e9ance du vote de confiance a d\u2019ores et d\u00e9j\u00e0 entam\u00e9 les pr\u00e9paratifs pour accueillir dans de meilleures conditions les d\u00e9l\u00e9gations du Gouvernement et du Parlement, ont indiqu\u00e9 r\u00e9cemment les autorit\u00e9s locales.<\/p>\n\n\n\n<p class=\"wp-block-paragraph\">Le Comit\u00e9 militaire mixte libyen (5+5)&nbsp; a affirm\u00e9 de son c\u00f4t\u00e9, dimanche, que la ville de Syrte est pr\u00eate pour accueillir la s\u00e9ance de la Chambre des repr\u00e9sentants consacr\u00e9e au vote de confiance au nouveau gouvernement.<\/p>\n","protected":false},"excerpt":{"rendered":"<p>Le chef du Gouvernement int\u00e9rimaire en Libye, Abdelhamid Debeibah, a remis hier jeudi 04 mars 2021, la composante de son ex\u00e9cutif, \u00e0 la Chambre des repr\u00e9sentants du peuple (Parlement) en vue de son approbation lundi prochain, a fait savoir le Bureau de communication du Gouvernement dans un communiqu\u00e9 rendu public. \u00ab\u00a0Conform\u00e9ment \u00e0 la feuille de [&hellip;]<\/p>\n","protected":false},"author":4,"featured_media":25006,"comment_status":"open","ping_status":"closed","sticky":false,"template":"","format":"standard","meta":{"content-type":"","jnews-multi-image_gallery":[],"jnews_single_post":{"subtitle":"","format":"standard","video":"","gallery":"","source_name":"","source_url":"","via_name":"","via_url":"","override":[{"single_blog_custom":"","sidebar":"","second_sidebar":"","share_position":"","share_float_style":"","post_date_format":"","post_date_format_custom":"","post_reading_time_wpm":"","zoom_button_out_step":"1","zoom_button_in_step":"1","number_popup_post":"1"}],"image_override":[{"single_post_thumbnail_size":"","single_post_gallery_size":""}],"trending_post_position":"","trending_post_label":"","sponsored_post_label":"","sponsored_post_name":"","sponsored_post_url":"","sponsored_post_logo":"","sponsored_post_desc":""},"jnews_primary_category":{"id":""},"jnews_override_bookmark_settings":[],"jnews_review":[],"enable_review":"","type":"","name":"","summary":"","brand":"","sku":"","good":[],"bad":[],"score_override":"","override_value":"","rating":[],"price":[],"jnews_post_split":[],"footnotes":""},"categories":[6],"tags":[7300],"class_list":["post-27349","post","type-post","status-publish","format-standard","has-post-thumbnail","hentry","category-world","tag-abdelhamid-debeibah"],"_links":{"self":[{"href":"https:\/\/www.africanchallenges.com\/index.php?rest_route=\/wp\/v2\/posts\/27349","targetHints":{"allow":["GET"]}}],"collection":[{"href":"https:\/\/www.africanchallenges.com\/index.php?rest_route=\/wp\/v2\/posts"}],"about":[{"href":"https:\/\/www.africanchallenges.com\/index.php?rest_route=\/wp\/v2\/types\/post"}],"author":[{"embeddable":true,"href":"https:\/\/www.africanchallenges.com\/index.php?rest_route=\/wp\/v2\/users\/4"}],"replies":[{"embeddable":true,"href":"https:\/\/www.africanchallenges.com\/index.php?rest_route=%2Fwp%2Fv2%2Fcomments&post=27349"}],"version-history":[{"count":1,"href":"https:\/\/www.africanchallenges.com\/index.php?rest_route=\/wp\/v2\/posts\/27349\/revisions"}],"predecessor-version":[{"id":27350,"href":"https:\/\/www.africanchallenges.com\/index.php?rest_route=\/wp\/v2\/posts\/27349\/revisions\/27350"}],"wp:featuredmedia":[{"embeddable":true,"href":"https:\/\/www.africanchallenges.com\/index.php?rest_route=\/wp\/v2\/media\/25006"}],"wp:attachment":[{"href":"https:\/\/www.africanchallenges.com\/index.php?rest_route=%2Fwp%2Fv2%2Fmedia&parent=27349"}],"wp:term":[{"taxonomy":"category","embeddable":true,"href":"https:\/\/www.africanchallenges.com\/index.php?rest_route=%2Fwp%2Fv2%2Fcategories&post=27349"},{"taxonomy":"post_tag","embeddable":true,"href":"https:\/\/www.africanchallenges.com\/index.php?rest_route=%2Fwp%2Fv2%2Ftags&post=27349"}],"curies":[{"name":"wp","href":"https:\/\/api.w.org\/{rel}","templated":true}]}}