{"id":27158,"date":"2021-03-01T14:01:24","date_gmt":"2021-03-01T14:01:24","guid":{"rendered":"http:\/\/www.africanchallenges.com\/?p=27158"},"modified":"2021-03-01T18:13:13","modified_gmt":"2021-03-01T18:13:13","slug":"maroc-une-quinzaine-dassociations-font-front-commun-contre-la-normalisation","status":"publish","type":"post","link":"https:\/\/www.africanchallenges.com\/?p=27158","title":{"rendered":"Maroc: une quinzaine d&rsquo;associations font front commun contre la normalisation"},"content":{"rendered":"\n<p class=\"wp-block-paragraph\">Une quinzaine d&rsquo;associations, de groupes politiques et syndicaux au Maroc ont d\u00e9cid\u00e9 de faire front commun contre la normalisation des relations entre le royaume et l\u2019entit\u00e9 sioniste, rapporte lundi la presse locale, citant un communiqu\u00e9 du secr\u00e9tariat du nouveau front.<\/p>\n\n\n\n<p class=\"wp-block-paragraph\">Quinze groupes politiques, syndicaux, de d\u00e9fense des droits de l&rsquo;Homme, de jeunesse, de femmes et d&rsquo;associations qui r\u00e9sistent \u00e0 la normalisation et soutiennent la cause palestinienne se sont r\u00e9unis au si\u00e8ge de l&rsquo;association marocaine des droits de l&rsquo;Homme \u00e0 Rabat, le dimanche en assembl\u00e9e g\u00e9n\u00e9rale pour d\u00e9cider de la suite \u00e0 donner \u00e0 la signature officielle \u00ab\u00a0honteuse\u00a0\u00bb de l&rsquo;Etat marocain de l&rsquo;accord de normalisation avec l&rsquo;entit\u00e9 sioniste \u00ab\u00a0usurpatrice\u00a0\u00bb, souligne le communiqu\u00e9 relay\u00e9 par des m\u00e9dias marocains.<\/p>\n\n\n\n<p class=\"wp-block-paragraph\">Le document pr\u00e9cise qu'\u00a0\u00bbun tiers des participants \u00e9taient pr\u00e9sents et les deux autres tiers ont particip\u00e9 \u00e0 distance pour \u00e9tablir un cadre unifi\u00e9 visant \u00e0 abandonner et \u00e0 r\u00e9sister \u00e0 la normalisation\u00a0\u00bb.<\/p>\n\n\n\n<p class=\"wp-block-paragraph\">A l&rsquo;issue des travaux, l&rsquo;Assembl\u00e9e g\u00e9n\u00e9rale a d\u00e9cid\u00e9 de nommer ce cadre \u00ab\u00a0Le Front marocain de soutien \u00e0 la Palestine et contre la normalisation\u00a0\u00bb et a \u00e9lu un secr\u00e9tariat national compos\u00e9 de 17 membres.<\/p>\n\n\n\n<p class=\"wp-block-paragraph\">Afin de pr\u00e9senter les conclusions et les r\u00e9sultats de l&rsquo;assembl\u00e9e g\u00e9n\u00e9rale fondatrice, et de pr\u00e9senter le front, ses objectifs et son programme de lutte \u00e0 l&rsquo;opinion publique marocaine et internationale, le secr\u00e9tariat organisera une conf\u00e9rence de presse le jeudi, a-t-on indiqu\u00e9.<\/p>\n\n\n\n<p class=\"wp-block-paragraph\">Apr\u00e8s l&rsquo;annonce de la normalisation en d\u00e9cembre par l&rsquo;ex-pr\u00e9sident am\u00e9ricain, Donald Trump, plusieurs manifestations de protestation contre cette d\u00e9cision du r\u00e9gime marocain ont \u00e9t\u00e9 organis\u00e9es dans plusieurs villes du royaume.<\/p>\n\n\n\n<p class=\"wp-block-paragraph\">D\u00e9but f\u00e9vrier, le Groupe d&rsquo;action national pour la Palestine au Maroc a appel\u00e9 \u00e0 renouveler la mobilisation continue des Marocains, pour organiser des rassemblements populaires d&rsquo;envergure contre l&rsquo;accord de normalisation, qui menace la stabilit\u00e9 de toute la r\u00e9gion, d\u00e9non\u00e7ant \u00ab\u00a0la politique du chantage et de diabolisation men\u00e9e par le r\u00e9gime contre les Marocains libres qui rejettent toute relation avec l&rsquo;entit\u00e9 sioniste\u00a0\u00bb.<\/p>\n\n\n\n<p class=\"wp-block-paragraph\">Le pr\u00e9sident de l&rsquo;Observatoire marocain contre la normalisation, Ahmed Wihmane, a qualifie de \u00ab\u00a0d\u00e9sastre\u00a0\u00bb la normalisation des relations entre le r\u00e9gime marocain et l&rsquo;entit\u00e9 sioniste.<\/p>\n","protected":false},"excerpt":{"rendered":"<p>Une quinzaine d&rsquo;associations, de groupes politiques et syndicaux au Maroc ont d\u00e9cid\u00e9 de faire front commun contre la normalisation des relations entre le royaume et l\u2019entit\u00e9 sioniste, rapporte lundi la presse locale, citant un communiqu\u00e9 du secr\u00e9tariat du nouveau front. Quinze groupes politiques, syndicaux, de d\u00e9fense des droits de l&rsquo;Homme, de jeunesse, de femmes et [&hellip;]<\/p>\n","protected":false},"author":4,"featured_media":22796,"comment_status":"open","ping_status":"closed","sticky":false,"template":"","format":"standard","meta":{"content-type":"","jnews-multi-image_gallery":[],"jnews_single_post":{"subtitle":"","format":"standard","video":"","gallery":"","source_name":"","source_url":"","via_name":"","via_url":"","override":[{"single_blog_custom":"","sidebar":"","second_sidebar":"","share_position":"","share_float_style":"","post_date_format":"","post_date_format_custom":"","post_reading_time_wpm":"","zoom_button_out_step":"1","zoom_button_in_step":"1","number_popup_post":"1"}],"image_override":[{"single_post_thumbnail_size":"","single_post_gallery_size":""}],"trending_post_position":"","trending_post_label":"","sponsored_post_label":"","sponsored_post_name":"","sponsored_post_url":"","sponsored_post_logo":"","sponsored_post_desc":""},"jnews_primary_category":{"id":""},"jnews_override_bookmark_settings":[],"jnews_review":[],"enable_review":"","type":"","name":"","summary":"","brand":"","sku":"","good":[],"bad":[],"score_override":"","override_value":"","rating":[],"price":[],"jnews_post_split":[],"footnotes":""},"categories":[6],"tags":[7241,7242,7243],"class_list":["post-27158","post","type-post","status-publish","format-standard","has-post-thumbnail","hentry","category-world","tag-associations","tag-front-commun","tag-normalisation"],"_links":{"self":[{"href":"https:\/\/www.africanchallenges.com\/index.php?rest_route=\/wp\/v2\/posts\/27158","targetHints":{"allow":["GET"]}}],"collection":[{"href":"https:\/\/www.africanchallenges.com\/index.php?rest_route=\/wp\/v2\/posts"}],"about":[{"href":"https:\/\/www.africanchallenges.com\/index.php?rest_route=\/wp\/v2\/types\/post"}],"author":[{"embeddable":true,"href":"https:\/\/www.africanchallenges.com\/index.php?rest_route=\/wp\/v2\/users\/4"}],"replies":[{"embeddable":true,"href":"https:\/\/www.africanchallenges.com\/index.php?rest_route=%2Fwp%2Fv2%2Fcomments&post=27158"}],"version-history":[{"count":2,"href":"https:\/\/www.africanchallenges.com\/index.php?rest_route=\/wp\/v2\/posts\/27158\/revisions"}],"predecessor-version":[{"id":27186,"href":"https:\/\/www.africanchallenges.com\/index.php?rest_route=\/wp\/v2\/posts\/27158\/revisions\/27186"}],"wp:featuredmedia":[{"embeddable":true,"href":"https:\/\/www.africanchallenges.com\/index.php?rest_route=\/wp\/v2\/media\/22796"}],"wp:attachment":[{"href":"https:\/\/www.africanchallenges.com\/index.php?rest_route=%2Fwp%2Fv2%2Fmedia&parent=27158"}],"wp:term":[{"taxonomy":"category","embeddable":true,"href":"https:\/\/www.africanchallenges.com\/index.php?rest_route=%2Fwp%2Fv2%2Fcategories&post=27158"},{"taxonomy":"post_tag","embeddable":true,"href":"https:\/\/www.africanchallenges.com\/index.php?rest_route=%2Fwp%2Fv2%2Ftags&post=27158"}],"curies":[{"name":"wp","href":"https:\/\/api.w.org\/{rel}","templated":true}]}}