{"id":26908,"date":"2021-02-22T20:41:19","date_gmt":"2021-02-22T20:41:19","guid":{"rendered":"http:\/\/www.africanchallenges.com\/?p=26908"},"modified":"2021-02-22T20:54:28","modified_gmt":"2021-02-22T20:54:28","slug":"tunisie-suivi-du-processus-de-developpement-dans-le-gouvernorat-de-medenine","status":"publish","type":"post","link":"https:\/\/www.africanchallenges.com\/?p=26908","title":{"rendered":"Tunisie : Suivi  du processus de d\u00e9veloppement dans le gouvernorat de M\u00e9denine"},"content":{"rendered":"\n<p class=\"wp-block-paragraph\">Le Ministre du Commerce et du D\u00e9veloppement des Exportations et le Ministre par int\u00e9rim de l&rsquo;Industrie, de l&rsquo;Energie et des Mines, M. Mohamed Bousaid, ont pr\u00e9sid\u00e9 ce lundi soir 22 f\u00e9vrier 2021 au si\u00e8ge du Minist\u00e8re, une r\u00e9union sur le processus de d\u00e9veloppement dans le gouvernorat de M\u00e9denine, en pr\u00e9sence du Secr\u00e9taire g\u00e9n\u00e9ral de l\u2019Union r\u00e9gional du travail de M\u00e9denine M. Ali Alouani et d&rsquo;un repr\u00e9sentant de l&rsquo;Association g\u00e9n\u00e9rale du p\u00e9trole et des produits chimiques M. Salim Shimi, le directeur g\u00e9n\u00e9ral de \u00ab\u00a0Maritab\u00a0\u00bb et M. Najib Ben Chaaben.<\/p>\n\n\n\n<p class=\"wp-block-paragraph\">Le  pr\u00e9sident directeur g\u00e9n\u00e9ral de l&rsquo;Espace des activit\u00e9s \u00e9conomiques de Zarzis, M. Chawki Friaa, le pr\u00e9sident directeur g\u00e9n\u00e9ral de l\u2019agence immobili\u00e8re industriel et technologique de M\u00e9denine, M. Attia Laarayed, le pr\u00e9sident g\u00e9n\u00e9ral de l&rsquo;Agence immobili\u00e8re industrielle, M. Souhail Choor, le directeur g\u00e9n\u00e9ral de l&rsquo;Agence pour la promotion de l&rsquo;industrie et du renouveau, M. Omar Bouzouada, et les cadres du minist\u00e8re ont \u00e9galement particip\u00e9 \u00e0 cette r\u00e9union.<\/p>\n\n\n\n<p class=\"wp-block-paragraph\">Au cours de cette r\u00e9union, des projets de d\u00e9veloppement ont \u00e9t\u00e9 pr\u00e9sent\u00e9s dans la r\u00e9gion, tels que le p\u00f4le \u00e9conomique de Zarzis, la zone franche, le complexe industriel et technologique et le village solaire \u00ab\u00a0SOLARTEC\u00a0\u00bb.<\/p>\n\n\n\n<p class=\"wp-block-paragraph\">Ces projets contribueront \u00e0 cr\u00e9er de nouvelles opportunit\u00e9s d&#8217;emploi pour les titulaires de dipl\u00f4mes sup\u00e9rieurs dans divers domaines.<\/p>\n\n\n\n<p class=\"wp-block-paragraph\">L&rsquo;\u00e9tendue des progr\u00e8s accomplis dans la pr\u00e9paration des zones industrielles de la r\u00e9gion et l&rsquo;ach\u00e8vement de l&rsquo;approvisionnement du gouvernorat \u00a0en gaz naturel a \u00e9galement \u00e9t\u00e9 examin\u00e9e, l&rsquo;ampleur de la contribution des institutions actives dans les secteurs de l&rsquo;\u00e9nergie et des mines aux programmes de d\u00e9veloppement de la r\u00e9gion a \u00e9galement \u00e9t\u00e9 \u00e9voqu\u00e9e  dans le cadre de la responsabilit\u00e9 sociale des institutions.<\/p>\n\n\n\n<p class=\"wp-block-paragraph\">Cela s&rsquo;ajoute \u00e0 la revue des projets programm\u00e9s dans le secteur minier et \u00e0 l&rsquo;\u00e9tude des solutions pour surmonter les probl\u00e8mes pr\u00e9sent\u00e9s avant leur mise en \u0153uvre.<\/p>\n\n\n\n<p class=\"wp-block-paragraph\">Le ministre a soulign\u00e9 la n\u00e9cessit\u00e9 de lever les obstacles et d&rsquo;acc\u00e9l\u00e9rer la r\u00e9alisation des projets programm\u00e9s en plus de la pr\u00e9paration des zones industrielles, \u00e9voquant une proposition de projet de p\u00f4le \u00e9conomique qui ferait du gouvernorat de M\u00e9denine un p\u00f4le \u00e9conomique qui rayonnerait vers le reste des r\u00e9gions voisines et une locomotive pour l&rsquo;investissement vers le continent africain.<\/p>\n\n\n\n<p class=\"wp-block-paragraph\">Il est \u00e0 noter que le textile industriel du gouvernorat de M\u00e9denine comprend 88 \u00e9tablissements op\u00e9rant dans les industries agro-alimentaires, des mat\u00e9riaux de construction, du textile et de l&rsquo;habillement et 6 \u00e9tablissements enti\u00e8rement exportateurs.<\/p>\n","protected":false},"excerpt":{"rendered":"<p>Le Ministre du Commerce et du D\u00e9veloppement des Exportations et le Ministre par int\u00e9rim de l&rsquo;Industrie, de l&rsquo;Energie et des Mines, M. Mohamed Bousaid, ont pr\u00e9sid\u00e9 ce lundi soir 22 f\u00e9vrier 2021 au si\u00e8ge du Minist\u00e8re, une r\u00e9union sur le processus de d\u00e9veloppement dans le gouvernorat de M\u00e9denine, en pr\u00e9sence du Secr\u00e9taire g\u00e9n\u00e9ral de l\u2019Union [&hellip;]<\/p>\n","protected":false},"author":3,"featured_media":26909,"comment_status":"open","ping_status":"closed","sticky":false,"template":"","format":"standard","meta":{"content-type":"","jnews-multi-image_gallery":[],"jnews_single_post":{"subtitle":"","format":"standard","video":"","gallery":"","source_name":"","source_url":"","via_name":"","via_url":"","override":[{"single_blog_custom":"","sidebar":"","second_sidebar":"","share_position":"","share_float_style":"","post_date_format":"","post_date_format_custom":"","post_reading_time_wpm":"","zoom_button_out_step":"1","zoom_button_in_step":"1","number_popup_post":"1"}],"image_override":[{"single_post_thumbnail_size":"","single_post_gallery_size":""}],"trending_post_position":"","trending_post_label":"","sponsored_post_label":"","sponsored_post_name":"","sponsored_post_url":"","sponsored_post_logo":"","sponsored_post_desc":""},"jnews_primary_category":{"id":""},"jnews_override_bookmark_settings":[],"jnews_review":[],"enable_review":"","type":"","name":"","summary":"","brand":"","sku":"","good":[],"bad":[],"score_override":"","override_value":"","rating":[],"price":[],"jnews_post_split":[],"footnotes":""},"categories":[43,73],"tags":[2251,7157,4950,4516],"class_list":["post-26908","post","type-post","status-publish","format-standard","has-post-thumbnail","hentry","category-eco-business","category-eco","tag-developpement-2","tag-gouvernorat-de-medenine","tag-processus","tag-suivi"],"_links":{"self":[{"href":"https:\/\/www.africanchallenges.com\/index.php?rest_route=\/wp\/v2\/posts\/26908","targetHints":{"allow":["GET"]}}],"collection":[{"href":"https:\/\/www.africanchallenges.com\/index.php?rest_route=\/wp\/v2\/posts"}],"about":[{"href":"https:\/\/www.africanchallenges.com\/index.php?rest_route=\/wp\/v2\/types\/post"}],"author":[{"embeddable":true,"href":"https:\/\/www.africanchallenges.com\/index.php?rest_route=\/wp\/v2\/users\/3"}],"replies":[{"embeddable":true,"href":"https:\/\/www.africanchallenges.com\/index.php?rest_route=%2Fwp%2Fv2%2Fcomments&post=26908"}],"version-history":[{"count":2,"href":"https:\/\/www.africanchallenges.com\/index.php?rest_route=\/wp\/v2\/posts\/26908\/revisions"}],"predecessor-version":[{"id":26911,"href":"https:\/\/www.africanchallenges.com\/index.php?rest_route=\/wp\/v2\/posts\/26908\/revisions\/26911"}],"wp:featuredmedia":[{"embeddable":true,"href":"https:\/\/www.africanchallenges.com\/index.php?rest_route=\/wp\/v2\/media\/26909"}],"wp:attachment":[{"href":"https:\/\/www.africanchallenges.com\/index.php?rest_route=%2Fwp%2Fv2%2Fmedia&parent=26908"}],"wp:term":[{"taxonomy":"category","embeddable":true,"href":"https:\/\/www.africanchallenges.com\/index.php?rest_route=%2Fwp%2Fv2%2Fcategories&post=26908"},{"taxonomy":"post_tag","embeddable":true,"href":"https:\/\/www.africanchallenges.com\/index.php?rest_route=%2Fwp%2Fv2%2Ftags&post=26908"}],"curies":[{"name":"wp","href":"https:\/\/api.w.org\/{rel}","templated":true}]}}