{"id":26879,"date":"2021-02-22T08:28:44","date_gmt":"2021-02-22T08:28:44","guid":{"rendered":"http:\/\/www.africanchallenges.com\/?p=26879"},"modified":"2021-02-22T18:00:51","modified_gmt":"2021-02-22T18:00:51","slug":"algerie-le-president-abdelmajid-tebboune-procede-a-un-remaniement-ministeriel","status":"publish","type":"post","link":"https:\/\/www.africanchallenges.com\/?p=26879","title":{"rendered":"Alg\u00e9rie : Le  pr\u00e9sident Abdelmajid Tebboune proc\u00e8de \u00e0 un remaniement minist\u00e9riel"},"content":{"rendered":"\n<p class=\"wp-block-paragraph\">Le pr\u00e9sident alg\u00e9rien Abdelmadjid Tebboune, a sign\u00e9 hier dimanche 21 f\u00e9vrier 2021, &nbsp;le d\u00e9cret pr\u00e9sidentiel n\u00b0 78 portant remaniement minist\u00e9riel, a indiqu\u00e9 un communiqu\u00e9 de la pr\u00e9sidence de la R\u00e9publique.<\/p>\n\n\n\n<p class=\"wp-block-paragraph\">En vertu de ce d\u00e9cret, sont nomm\u00e9s mesdames et messieurs:<\/p>\n\n\n\n<p class=\"wp-block-paragraph\">-Abdelaziz Djerad : Premier ministre.<\/p>\n\n\n\n<p class=\"wp-block-paragraph\">-Sabri Boukadoum: Ministre des Affaires \u00e9trang\u00e8res.<\/p>\n\n\n\n<p class=\"wp-block-paragraph\">-Kamel Beldjoud: Ministre de l&rsquo;Int\u00e9rieur, des Collectivit\u00e9s locales et de l&rsquo;Am\u00e9nagement du Territoire.<\/p>\n\n\n\n<p class=\"wp-block-paragraph\">-Belkacem Zeghmati: Ministre de la Justice, garde des Sceaux.<\/p>\n\n\n\n<p class=\"wp-block-paragraph\">-A\u00efmene Benabderrahmane : ministre des Finances.<\/p>\n\n\n\n<p class=\"wp-block-paragraph\">-Mohamed Arkab: ministre de l&rsquo;Energie et des Mines.<\/p>\n\n\n\n<p class=\"wp-block-paragraph\">-Chems Eddine Chitour : ministre de la Transition \u00e9nerg\u00e9tique et des Energies renouvelables.<\/p>\n\n\n\n<p class=\"wp-block-paragraph\">-Tayeb Zitouni : ministre des Moudjahidine et des Ayants-droit.<\/p>\n\n\n\n<p class=\"wp-block-paragraph\">-Youcef Belmehdi: ministre des Affaires religieuses et des Wakfs.<\/p>\n\n\n\n<p class=\"wp-block-paragraph\">-Mohamed Ouadjaout : ministre de l&rsquo;Education nationale.<\/p>\n\n\n\n<p class=\"wp-block-paragraph\">-Abdelbaki Benziane: ministre de l&rsquo;Enseignement sup\u00e9rieur et de la Recherche scientifique.<\/p>\n\n\n\n<p class=\"wp-block-paragraph\">-Hoyam Benfriha: ministre de la Formation et de l&rsquo;Enseignement&nbsp; professionnels.<\/p>\n\n\n\n<p class=\"wp-block-paragraph\">-Malika Bendouda: ministre de la Culture et des Arts.<\/p>\n\n\n\n<p class=\"wp-block-paragraph\">-Sid Ali Khaldi: ministre de la Jeunesse et des Sports.<\/p>\n\n\n\n<p class=\"wp-block-paragraph\">-Hocine Cherhabil: ministre de la Num\u00e9risation et des Statistiques.&nbsp;&nbsp;&nbsp;&nbsp;&nbsp;&nbsp;&nbsp;&nbsp;&nbsp;<\/p>\n\n\n\n<p class=\"wp-block-paragraph\">-Brahim Boumzar: ministre de la Poste et des T\u00e9l\u00e9communications.<\/p>\n\n\n\n<p class=\"wp-block-paragraph\">-Kaoutar Krikou: ministre de la Solidarit\u00e9 nationale, de la Famille et de la Condition de la femme.<\/p>\n\n\n\n<p class=\"wp-block-paragraph\">-Mohamed Bacha: ministre de l&rsquo;Industrie.<\/p>\n\n\n\n<p class=\"wp-block-paragraph\">-Abdelhamid Hemdani : ministre de l&rsquo;Agriculture et du D\u00e9veloppement rural.<\/p>\n\n\n\n<p class=\"wp-block-paragraph\">-Tarek Belaribi: ministre de l&rsquo;Habitat, de l&rsquo;Urbanisme et de la Ville.<\/p>\n\n\n\n<p class=\"wp-block-paragraph\">-Kamel Rezig: ministre du Commerce.<\/p>\n\n\n\n<p class=\"wp-block-paragraph\">-Ammar Belhimer: ministre de la Communication, Porte-parole du gouvernement.<\/p>\n\n\n\n<p class=\"wp-block-paragraph\">-Kamel Nasri: ministre des Travaux publics et des Transports.&nbsp;&nbsp;&nbsp;<\/p>\n\n\n\n<p class=\"wp-block-paragraph\">-Mustapha Kamel Mihoubi: ministre des Ressources en eau.<\/p>\n\n\n\n<p class=\"wp-block-paragraph\">-Mohamed Ali Boughazi: ministre du Tourisme, de l&rsquo;Artisanat et du Travail familial.<\/p>\n\n\n\n<p class=\"wp-block-paragraph\">-Abderrahmane Benbouzid: ministre de la Sant\u00e9, de la Population et de la R\u00e9forme hospitali\u00e8re.<\/p>\n\n\n\n<p class=\"wp-block-paragraph\">-El-Hachemi Dja\u00e2boub: ministre du Travail, de l&rsquo;Emploi et de la S\u00e9curit\u00e9 sociale.<\/p>\n\n\n\n<p class=\"wp-block-paragraph\">-Bessma Azouar: ministre des Relations avec le Parlement.<\/p>\n\n\n\n<p class=\"wp-block-paragraph\">&nbsp;-Dalila Boudjemaa: ministre de l&rsquo;Environnement.<\/p>\n\n\n\n<p class=\"wp-block-paragraph\">-Sid Ahmed Ferroukhi: ministre de la P\u00eache et des Productions halieutiques.<\/p>\n\n\n\n<p class=\"wp-block-paragraph\">-Abderrahmane Lotfi Djamel Benbahmad: ministre de l&rsquo;industrie pharmaceutique.<\/p>\n\n\n\n<p class=\"wp-block-paragraph\">-Nassim Diafat: ministre d\u00e9l\u00e9gu\u00e9 aupr\u00e8s du Premier ministre charg\u00e9 des micro-entreprises.<\/p>\n\n\n\n<p class=\"wp-block-paragraph\">-Yacine El-Mahdi Oualid : ministre d\u00e9l\u00e9gu\u00e9 aupr\u00e8s du Premier ministre charg\u00e9 de l&rsquo;\u00e9conomie de la connaissance et des starts-up.<\/p>\n\n\n\n<p class=\"wp-block-paragraph\">-Ismail Mesbah: Secr\u00e9taire d&rsquo;Etat aupr\u00e8s du ministre de la Sant\u00e9, de la Population et de la R\u00e9forme hospitali\u00e8re charg\u00e9 de la R\u00e9forme hospitali\u00e8re.<\/p>\n\n\n\n<p class=\"wp-block-paragraph\">-Salima Souakri : Secr\u00e9taire d&rsquo;Etat aupr\u00e8s du ministre de la Jeunesse et des Sports, charg\u00e9e du sport d&rsquo;\u00e9lite.<\/p>\n\n\n\n<p class=\"wp-block-paragraph\">-Yahia Boukhari: Secr\u00e9taire g\u00e9n\u00e9ral du Gouvernement.<\/p>\n\n\n\n<p class=\"wp-block-paragraph\">En vertu de ce remaniement minist\u00e9riel, le Pr\u00e9sident amg\u00e9rien a d\u00e9cid\u00e9 de r\u00e9duire le nombre des d\u00e9partements minist\u00e9riels et de se focaliser sur l&rsquo;efficacit\u00e9 sur le terrain par l&rsquo;implication de nouvelles comp\u00e9tences.<\/p>\n","protected":false},"excerpt":{"rendered":"<p>Le pr\u00e9sident alg\u00e9rien Abdelmadjid Tebboune, a sign\u00e9 hier dimanche 21 f\u00e9vrier 2021, &nbsp;le d\u00e9cret pr\u00e9sidentiel n\u00b0 78 portant remaniement minist\u00e9riel, a indiqu\u00e9 un communiqu\u00e9 de la pr\u00e9sidence de la R\u00e9publique. En vertu de ce d\u00e9cret, sont nomm\u00e9s mesdames et messieurs: -Abdelaziz Djerad : Premier ministre. -Sabri Boukadoum: Ministre des Affaires \u00e9trang\u00e8res. -Kamel Beldjoud: Ministre de [&hellip;]<\/p>\n","protected":false},"author":4,"featured_media":24295,"comment_status":"open","ping_status":"closed","sticky":false,"template":"","format":"standard","meta":{"content-type":"","jnews-multi-image_gallery":[],"jnews_single_post":{"subtitle":"","format":"standard","video":"","gallery":"","source_name":"","source_url":"","via_name":"","via_url":"","override":[{"single_blog_custom":"","sidebar":"","second_sidebar":"","share_position":"","share_float_style":"","post_date_format":"","post_date_format_custom":"","post_reading_time_wpm":"","zoom_button_out_step":"1","zoom_button_in_step":"1","number_popup_post":"1"}],"image_override":[{"single_post_thumbnail_size":"","single_post_gallery_size":""}],"trending_post_position":"","trending_post_label":"","sponsored_post_label":"","sponsored_post_name":"","sponsored_post_url":"","sponsored_post_logo":"","sponsored_post_desc":""},"jnews_primary_category":{"id":""},"jnews_override_bookmark_settings":[],"jnews_review":[],"enable_review":"","type":"","name":"","summary":"","brand":"","sku":"","good":[],"bad":[],"score_override":"","override_value":"","rating":[],"price":[],"jnews_post_split":[],"footnotes":""},"categories":[6],"tags":[4931,2410],"class_list":["post-26879","post","type-post","status-publish","format-standard","has-post-thumbnail","hentry","category-world","tag-abdelmajid-tebboune","tag-algerie"],"_links":{"self":[{"href":"https:\/\/www.africanchallenges.com\/index.php?rest_route=\/wp\/v2\/posts\/26879","targetHints":{"allow":["GET"]}}],"collection":[{"href":"https:\/\/www.africanchallenges.com\/index.php?rest_route=\/wp\/v2\/posts"}],"about":[{"href":"https:\/\/www.africanchallenges.com\/index.php?rest_route=\/wp\/v2\/types\/post"}],"author":[{"embeddable":true,"href":"https:\/\/www.africanchallenges.com\/index.php?rest_route=\/wp\/v2\/users\/4"}],"replies":[{"embeddable":true,"href":"https:\/\/www.africanchallenges.com\/index.php?rest_route=%2Fwp%2Fv2%2Fcomments&post=26879"}],"version-history":[{"count":1,"href":"https:\/\/www.africanchallenges.com\/index.php?rest_route=\/wp\/v2\/posts\/26879\/revisions"}],"predecessor-version":[{"id":26880,"href":"https:\/\/www.africanchallenges.com\/index.php?rest_route=\/wp\/v2\/posts\/26879\/revisions\/26880"}],"wp:featuredmedia":[{"embeddable":true,"href":"https:\/\/www.africanchallenges.com\/index.php?rest_route=\/wp\/v2\/media\/24295"}],"wp:attachment":[{"href":"https:\/\/www.africanchallenges.com\/index.php?rest_route=%2Fwp%2Fv2%2Fmedia&parent=26879"}],"wp:term":[{"taxonomy":"category","embeddable":true,"href":"https:\/\/www.africanchallenges.com\/index.php?rest_route=%2Fwp%2Fv2%2Fcategories&post=26879"},{"taxonomy":"post_tag","embeddable":true,"href":"https:\/\/www.africanchallenges.com\/index.php?rest_route=%2Fwp%2Fv2%2Ftags&post=26879"}],"curies":[{"name":"wp","href":"https:\/\/api.w.org\/{rel}","templated":true}]}}