{"id":26529,"date":"2021-02-10T09:17:15","date_gmt":"2021-02-10T09:17:15","guid":{"rendered":"http:\/\/www.africanchallenges.com\/?p=26529"},"modified":"2021-02-10T09:21:52","modified_gmt":"2021-02-10T09:21:52","slug":"coronavirus-la-france-franchit-la-barre-de-80-000-deces","status":"publish","type":"post","link":"https:\/\/www.africanchallenges.com\/?p=26529","title":{"rendered":"Coronavirus : la France franchit la barre  de 80 000 d\u00e9c\u00e8s"},"content":{"rendered":"\n<p class=\"wp-block-paragraph\">Selon \u00a0Sant\u00e9 publique France, 80 147 d\u00e9c\u00e8s ont \u00e9t\u00e9 enregistr\u00e9s dans les h\u00f4pitaux et les Ehpad depuis le d\u00e9but de l&rsquo;\u00e9pid\u00e9mie,<\/p>\n\n\n\n<p class=\"wp-block-paragraph\">Le bilan a d\u00e9pass\u00e9 mardi 9 f\u00e9vrier les 80 000 morts en France, o\u00f9 la bataille est loin d&rsquo;\u00eatre termin\u00e9e face \u00e0 la propagation de nouveaux variants du virus.<\/p>\n\n\n\n<p class=\"wp-block-paragraph\">Au total, 80 147 d\u00e9c\u00e8s ont \u00e9t\u00e9 enregistr\u00e9s dont 439 \u00e0 l&rsquo;h\u00f4pital dans les derni\u00e8res 24 heures .<\/p>\n\n\n\n<p class=\"wp-block-paragraph\">Le &nbsp;nombre d&rsquo;hospitalisations de malades du Covid-19 reste \u00e9lev\u00e9, \u00e0 plus de 11 000 nouvelles entr\u00e9es et 1 700 \u00e0 1 800 arriv\u00e9es dans les r\u00e9as tous les sept jours en moyenne depuis le 24 janvier.<\/p>\n\n\n\n<p class=\"wp-block-paragraph\">Olivier V\u00e9ran a assur\u00e9 que le gouvernement restait \u00ab\u00a0dans un \u00e9tat de vigilance tr\u00e8s important\u00a0\u00bb face \u00e0 l&rsquo;\u00e9pid\u00e9mie, notamment sur l&rsquo;\u00e9volution du variant britannique, plus contagieux.&nbsp; Les variants \u00ab\u00a0augmentent d&rsquo;environ 50% par semaine, c&rsquo;est-\u00e0-dire moins vite que les pays qui n&rsquo;\u00e9taient pas sous couvre-feu. Donc il y a une efficacit\u00e9 des mesures d\u00e9cid\u00e9es qui permettent de stabiliser la situation sanitaire\u00a0\u00bb, a-t-il d\u00e9velopp\u00e9 en assurant que les autorit\u00e9s sanitaires ne seraient pas prises de court si \u00ab\u00a0nous rentrions dans une forme exponentielle\u00a0\u00bb, \u00ab\u00a0puisque nous regardons les choses au quotidien\u00a0\u00bb.<\/p>\n\n\n\n<p class=\"wp-block-paragraph\">\u00ab\u00a0Il est \u00e9videmment possible et souhaitable qu&rsquo;on ne soit jamais reconfin\u00e9s\u00a0\u00bb, a ajout\u00e9 le ministre.\u00a0Un \u00a0\u00a0nouveau conseil de d\u00e9fense sanitaire se tient ce mercredi.<\/p>\n\n\n\n<p class=\"wp-block-paragraph\">Selon &nbsp;Sant\u00e9 publique France, 80 147 d\u00e9c\u00e8s ont \u00e9t\u00e9 enregistr\u00e9s dans les h\u00f4pitaux et les Ehpad depuis le d\u00e9but de l&rsquo;\u00e9pid\u00e9mie,<\/p>\n\n\n\n<p class=\"wp-block-paragraph\">Le bilan a d\u00e9pass\u00e9 mardi 9 f\u00e9vrier les 80 000 morts en France, o\u00f9 la bataille est loin d&rsquo;\u00eatre termin\u00e9e face \u00e0 la propagation de nouveaux variants du virus.<\/p>\n\n\n\n<p class=\"wp-block-paragraph\">Au total, 80 147 d\u00e9c\u00e8s ont \u00e9t\u00e9 enregistr\u00e9s dont 439 \u00e0 l&rsquo;h\u00f4pital dans les derni\u00e8res 24 heures .<\/p>\n\n\n\n<p class=\"wp-block-paragraph\">Le &nbsp;nombre d&rsquo;hospitalisations de malades du Covid-19 reste \u00e9lev\u00e9, \u00e0 plus de 11 000 nouvelles entr\u00e9es et 1 700 \u00e0 1 800 arriv\u00e9es dans les r\u00e9as tous les sept jours en moyenne depuis le 24 janvier.<\/p>\n\n\n\n<p class=\"wp-block-paragraph\">Olivier V\u00e9ran a assur\u00e9 que le gouvernement restait \u00ab\u00a0dans un \u00e9tat de vigilance tr\u00e8s important\u00a0\u00bb face \u00e0 l&rsquo;\u00e9pid\u00e9mie, notamment sur l&rsquo;\u00e9volution du variant britannique, plus contagieux.\u00a0 Les variants \u00ab\u00a0augmentent d&rsquo;environ 50% par semaine, c&rsquo;est-\u00e0-dire moins ite que les pays qui n&rsquo;\u00e9taient pas sous couvre-feu. Donc il y a une efficacit\u00e9 des mesures d\u00e9cid\u00e9es qui permettent de stabiliser la situation sanitaire\u00a0\u00bb, a-t-il d\u00e9velopp\u00e9 en assurant que les autorit\u00e9s sanitaires ne seraient pas prises de court si \u00ab\u00a0nous rentrions dans une forme exponentielle\u00a0\u00bb, \u00ab\u00a0puisque nous regardons les choses au quotidien\u00a0\u00bb.<\/p>\n\n\n\n<p class=\"wp-block-paragraph\">\u00ab\u00a0Il est \u00e9videmment possible et souhaitable qu&rsquo;on ne soit jamais reconfin\u00e9s\u00a0\u00bb, a ajout\u00e9 le ministre. Un\u00a0nouveau conseil de d\u00e9fense sanitaire se tient ce jeudi.<\/p>\n","protected":false},"excerpt":{"rendered":"<p>Selon \u00a0Sant\u00e9 publique France, 80 147 d\u00e9c\u00e8s ont \u00e9t\u00e9 enregistr\u00e9s dans les h\u00f4pitaux et les Ehpad depuis le d\u00e9but de l&rsquo;\u00e9pid\u00e9mie, Le bilan a d\u00e9pass\u00e9 mardi 9 f\u00e9vrier les 80 000 morts en France, o\u00f9 la bataille est loin d&rsquo;\u00eatre termin\u00e9e face \u00e0 la propagation de nouveaux variants du virus. Au total, 80 147 d\u00e9c\u00e8s [&hellip;]<\/p>\n","protected":false},"author":4,"featured_media":20283,"comment_status":"open","ping_status":"closed","sticky":false,"template":"","format":"standard","meta":{"content-type":"","jnews-multi-image_gallery":[],"jnews_single_post":{"subtitle":"","format":"standard","video":"","gallery":"","source_name":"","source_url":"","via_name":"","via_url":"","override":[{"single_blog_custom":"","sidebar":"","second_sidebar":"","share_position":"","share_float_style":"","post_date_format":"","post_date_format_custom":"","post_reading_time_wpm":"","zoom_button_out_step":"1","zoom_button_in_step":"1","number_popup_post":"1"}],"image_override":[{"single_post_thumbnail_size":"","single_post_gallery_size":""}],"trending_post_position":"","trending_post_label":"","sponsored_post_label":"","sponsored_post_name":"","sponsored_post_url":"","sponsored_post_logo":"","sponsored_post_desc":""},"jnews_primary_category":{"id":""},"jnews_override_bookmark_settings":[],"jnews_review":[],"enable_review":"","type":"","name":"","summary":"","brand":"","sku":"","good":[],"bad":[],"score_override":"","override_value":"","rating":[],"price":[],"jnews_post_split":[],"footnotes":""},"categories":[6],"tags":[4320],"class_list":["post-26529","post","type-post","status-publish","format-standard","has-post-thumbnail","hentry","category-world","tag-bilan"],"_links":{"self":[{"href":"https:\/\/www.africanchallenges.com\/index.php?rest_route=\/wp\/v2\/posts\/26529","targetHints":{"allow":["GET"]}}],"collection":[{"href":"https:\/\/www.africanchallenges.com\/index.php?rest_route=\/wp\/v2\/posts"}],"about":[{"href":"https:\/\/www.africanchallenges.com\/index.php?rest_route=\/wp\/v2\/types\/post"}],"author":[{"embeddable":true,"href":"https:\/\/www.africanchallenges.com\/index.php?rest_route=\/wp\/v2\/users\/4"}],"replies":[{"embeddable":true,"href":"https:\/\/www.africanchallenges.com\/index.php?rest_route=%2Fwp%2Fv2%2Fcomments&post=26529"}],"version-history":[{"count":3,"href":"https:\/\/www.africanchallenges.com\/index.php?rest_route=\/wp\/v2\/posts\/26529\/revisions"}],"predecessor-version":[{"id":26532,"href":"https:\/\/www.africanchallenges.com\/index.php?rest_route=\/wp\/v2\/posts\/26529\/revisions\/26532"}],"wp:featuredmedia":[{"embeddable":true,"href":"https:\/\/www.africanchallenges.com\/index.php?rest_route=\/wp\/v2\/media\/20283"}],"wp:attachment":[{"href":"https:\/\/www.africanchallenges.com\/index.php?rest_route=%2Fwp%2Fv2%2Fmedia&parent=26529"}],"wp:term":[{"taxonomy":"category","embeddable":true,"href":"https:\/\/www.africanchallenges.com\/index.php?rest_route=%2Fwp%2Fv2%2Fcategories&post=26529"},{"taxonomy":"post_tag","embeddable":true,"href":"https:\/\/www.africanchallenges.com\/index.php?rest_route=%2Fwp%2Fv2%2Ftags&post=26529"}],"curies":[{"name":"wp","href":"https:\/\/api.w.org\/{rel}","templated":true}]}}